{"id":94209,"date":"2016-08-10T14:54:49","date_gmt":"2016-08-10T17:54:49","guid":{"rendered":"http:\/\/aconteceunovale.com.br\/portal\/?p=94209"},"modified":"2016-08-10T14:54:49","modified_gmt":"2016-08-10T17:54:49","slug":"leite-e-feijao-respondem-por-quase-metade-da-inflacao-de-julho-diz-ibge","status":"publish","type":"post","link":"https:\/\/aconteceunovale.com.br\/portal\/?p=94209","title":{"rendered":"Leite e feij\u00e3o respondem por quase metade da infla\u00e7\u00e3o de julho, diz IBGE"},"content":{"rendered":"<p>Mais uma vez, os pre\u00e7os dos alimentos foram determinantes para a alta da infla\u00e7\u00e3o medida pelo \u00cdndice de Pre\u00e7os ao Consumidor Amplo (IPCA). A pesquisa foi divulgada hoje (10\/08) pelo Instituto Brasileiro de Geografia e Estat\u00edstica (IBGE). Sozinho, o grupo j\u00e1 acumula alta de 8,79% de janeiro a julho.<\/p>\n<p>Em junho, os pre\u00e7os dos alimentos subiram 1,32%, exercendo impacto de 0,34 ponto percentual para a alta de 0,52% do IPCA, contribuindo com mais da metade da infla\u00e7\u00e3o oficial do pa\u00eds em julho. Com 65% de participa\u00e7\u00e3o no IPCA, o grupo Alimenta\u00e7\u00e3o e Bebidas registrou a mais elevada varia\u00e7\u00e3o para os meses de julho desde 2000, quando a alta atingiu 1,78%.<\/p>\n<p>Na regi\u00e3o metropolitana de Vit\u00f3ria (ES), no entanto, os pre\u00e7os chegaram a subir 2,06%, vindo, depois, Goi\u00e2nia, com 1,85% e Belo Horizonte, com 1,61%.<\/p>\n<p>Ao contr\u00e1rio de junho, quando a alta do feij\u00e3o foi determinante para a varia\u00e7\u00e3o de 0,35% do IPCA frente a maio, agora em julho o principal vil\u00e3o foi o leite, com contribui\u00e7\u00e3o individual de 0,19 ponto percentual. Os pre\u00e7os do leite aumentaram 17,58% de um m\u00eas para o outro. Segundo o IBGE, em quatro das treze regi\u00f5es pesquisadas, o litro do leite acusou alta superior a 20%: Belo Horizonte (23,02%), Rio de Janeiro (22,47%), Bras\u00edlia (21,76%) e Vit\u00f3ria (21,76%).<\/p>\n<p><strong>Feij\u00e3o<\/strong><\/p>\n<p>Vil\u00e3o da infla\u00e7\u00e3o de junho, o feij\u00e3o-carioca tamb\u00e9m continuou pressionando o IPCA em julho, fixando-se na segunda coloca\u00e7\u00e3o entre os alimentos ao subir 32,42%. A alta exerceu um impacto de 0,13 ponto percentual na infla\u00e7\u00e3o do m\u00eas. Em Curitiba e S\u00e3o Paulo, o pre\u00e7o do quilo subiu 45,20% e 43,98%, respectivamente. O feij\u00e3o-preto tamb\u00e9m subiu, passando a custar, em m\u00e9dia, 41,59% a mais, enquanto o mulatinho ficou 18,89% mais caro e o fradinho, 14,72%.<\/p>\n<p>Al\u00e9m dos expressivos aumentos dos diversos tipos de feij\u00e3o, mais uma vez o arroz tamb\u00e9m se destacou, com pre\u00e7os elevados em 4,68% na m\u00e9dia, atingindo 8,27% em Goi\u00e2nia, 7,49% em Fortaleza e 6,84% em Bel\u00e9m. Com isto, o feij\u00e3o com arroz, prato t\u00edpico da mesa do brasileiro, passou a custar bem mais.<\/p>\n<p>Assim como os alimentos, que passaram de 0,71% em junho para 1,32% em julho, outros tr\u00eas grupos mostraram acelera\u00e7\u00e3o na taxa de crescimento de um m\u00eas para o outro: Despesas Pessoais (de 0,35% para 0,7%), Artigos de Resid\u00eancia (de 0,26% para 0,53%) e Transportes (de -0,53% para 0,4%).<\/p>\n<p><strong>Pre\u00e7os em queda<\/strong><\/p>\n<p>Todos os demais grupos de produtos e servi\u00e7os pesquisados fecharam julho com queda de pre\u00e7os em rela\u00e7\u00e3o a junho: o grupo Sa\u00fade e Cuidados Pessoais caiu de 0,83% para 0,61%; Educa\u00e7\u00e3o (de 0,11% para 0,04%) e Comunica\u00e7\u00e3o (de 0,04% para 0,02%). J\u00e1 Habita\u00e7\u00e3o (de 0,63% para -0,29%) e Vestu\u00e1rio (de 0,32% para -0,38%) fecharam junho com desacelera\u00e7\u00e3o em rela\u00e7\u00e3o a junho.<\/p>\n<p><strong>IPCA por regi\u00f5es<\/strong><\/p>\n<p>Goi\u00e2nia foi a cidade que registrou a maior alta do IPCA, em junho, entre as 13 regi\u00f5es pesquisadas pelo IBGE. Em julho, a cidade registrou varia\u00e7\u00e3o de 0,51 ponto percentual, praticamente o dobro da infla\u00e7\u00e3o para a totalidade do Brasil.<\/p>\n<p>O munic\u00edpio, no entanto, n\u00e3o ficou isolado: outras dez regi\u00f5es metropolitanas e munic\u00edpios fecharam o m\u00eas com resultado acima da m\u00e9dia nacional de 0,52%: Salvador, com alta de 0,93%; Recife (0,92%); Campo Grande (0,79%); Bel\u00e9m (0,76%); Belo Horizonte (0,72%); Fortaleza e Porto Alegre (ambas com 0,66%); Rio de Janeiro (0,6%); e Vit\u00f3ria (0,56).<\/p>\n<p>Infla\u00e7\u00e3o oficial do pa\u00eds \u2013 e utilizada pelo Banco central para balizar o plano de metas inflacion\u00e1rias \u2013 o IPCA diz respeito \u00e0 varia\u00e7\u00e3o de pre\u00e7os juntos \u00e0s fam\u00edlias com renda entre 1 e 40 sal\u00e1rios m\u00ednimos e abrange dez regi\u00f5es metropolitanas, al\u00e9m de Goi\u00e2nia, Campo Grande e Bras\u00edlia. (Ag\u00eancia Brasil)<\/p>\n","protected":false},"excerpt":{"rendered":"<p>Mais uma vez, os pre\u00e7os dos alimentos foram determinantes para a alta da infla\u00e7\u00e3o medida pelo \u00cdndice de Pre\u00e7os ao Consumidor Amplo (IPCA). A pesquisa foi divulgada hoje (10\/08) pelo Instituto Brasileiro de Geografia e Estat\u00edstica (IBGE). Sozinho, o grupo j\u00e1 acumula alta de 8,79% de janeiro a julho. Em junho, os pre\u00e7os dos alimentos [&hellip;]<\/p>\n","protected":false},"author":1,"featured_media":92503,"comment_status":"open","ping_status":"closed","sticky":false,"template":"","format":"standard","meta":{"amp_status":"","footnotes":""},"categories":[6],"tags":[109674,109675,59737,1062,6116,13319,103629,109676,20032,99041,103622,109673,109672],"class_list":["post-94209","post","type-post","status-publish","format-standard","has-post-thumbnail","hentry","category-br","tag-alta-do-feijao","tag-alta-do-leite","tag-feijao","tag-ibge","tag-inflacao","tag-ipca","tag-leite","tag-leite-e-feijao-respondem-por-quase-metade-da-inflacao-de-julho","tag-pesquisa","tag-preco-do-feijao","tag-preco-do-leite","tag-precos-dos-alimentos","tag-precos-dos-alimentos-foram-determinantes-para-a-alta-da-inflacao"],"yoast_head":"<!-- This site is optimized with the Yoast SEO plugin v28.3 - https:\/\/yoast.com\/product\/yoast-seo-wordpress\/ -->\n<title>Leite e feij\u00e3o respondem por quase metade da infla\u00e7\u00e3o de julho, diz IBGE - Aconteceu no Vale<\/title>\n<meta name=\"robots\" content=\"index, follow, max-snippet:-1, max-image-preview:large, max-video-preview:-1\" \/>\n<link rel=\"canonical\" href=\"https:\/\/aconteceunovale.com.br\/portal\/?p=94209\" \/>\n<meta property=\"og:locale\" content=\"pt_BR\" \/>\n<meta property=\"og:type\" content=\"article\" \/>\n<meta property=\"og:title\" content=\"Leite e feij\u00e3o respondem por quase metade da infla\u00e7\u00e3o de julho, diz IBGE - Aconteceu no Vale\" \/>\n<meta property=\"og:description\" content=\"Mais uma vez, os pre\u00e7os dos alimentos foram determinantes para a alta da infla\u00e7\u00e3o medida pelo \u00cdndice de Pre\u00e7os ao Consumidor Amplo (IPCA). A pesquisa foi divulgada hoje (10\/08) pelo Instituto Brasileiro de Geografia e Estat\u00edstica (IBGE). Sozinho, o grupo j\u00e1 acumula alta de 8,79% de janeiro a julho. Em junho, os pre\u00e7os dos alimentos [&hellip;]\" \/>\n<meta property=\"og:url\" content=\"https:\/\/aconteceunovale.com.br\/portal\/?p=94209\" \/>\n<meta property=\"og:site_name\" content=\"Aconteceu no Vale\" \/>\n<meta property=\"article:publisher\" content=\"https:\/\/www.facebook.com\/aconteceunovale\/\" \/>\n<meta property=\"article:published_time\" content=\"2016-08-10T17:54:49+00:00\" \/>\n<meta property=\"og:image\" content=\"https:\/\/aconteceunovale.com.br\/portal\/wp-content\/uploads\/2016\/07\/feijao.jpg\" \/>\n\t<meta property=\"og:image:width\" content=\"500\" \/>\n\t<meta property=\"og:image:height\" content=\"311\" \/>\n\t<meta property=\"og:image:type\" content=\"image\/jpeg\" \/>\n<meta name=\"author\" content=\"Aconteceu no Vale\" \/>\n<meta name=\"twitter:card\" content=\"summary_large_image\" \/>\n<meta name=\"twitter:creator\" content=\"@noticiadosvales\" \/>\n<meta name=\"twitter:site\" content=\"@noticiadosvales\" \/>\n<meta name=\"twitter:label1\" content=\"Escrito por\" \/>\n\t<meta name=\"twitter:data1\" content=\"Aconteceu no Vale\" \/>\n\t<meta name=\"twitter:label2\" content=\"Est. tempo de leitura\" \/>\n\t<meta name=\"twitter:data2\" content=\"3 minutos\" \/>\n<script type=\"application\/ld+json\" class=\"yoast-schema-graph\">{\"@context\":\"https:\\\/\\\/schema.org\",\"@graph\":[{\"@type\":\"Article\",\"@id\":\"https:\\\/\\\/aconteceunovale.com.br\\\/portal\\\/?p=94209#article\",\"isPartOf\":{\"@id\":\"https:\\\/\\\/aconteceunovale.com.br\\\/portal\\\/?p=94209\"},\"author\":{\"name\":\"Aconteceu no Vale\",\"@id\":\"https:\\\/\\\/aconteceunovale.com.br\\\/portal\\\/#\\\/schema\\\/person\\\/633529146f2c94272bef50ac2953d589\"},\"headline\":\"Leite e feij\u00e3o respondem por quase metade da infla\u00e7\u00e3o de julho, diz IBGE\",\"datePublished\":\"2016-08-10T17:54:49+00:00\",\"mainEntityOfPage\":{\"@id\":\"https:\\\/\\\/aconteceunovale.com.br\\\/portal\\\/?p=94209\"},\"wordCount\":640,\"commentCount\":0,\"image\":{\"@id\":\"https:\\\/\\\/aconteceunovale.com.br\\\/portal\\\/?p=94209#primaryimage\"},\"thumbnailUrl\":\"https:\\\/\\\/aconteceunovale.com.br\\\/portal\\\/wp-content\\\/uploads\\\/2016\\\/07\\\/feijao.jpg\",\"keywords\":[\"alta do feij\u00e3o\",\"alta do leite\",\"feij\u00e3o\",\"ibge\",\"infla\u00e7\u00e3o\",\"IPCA\",\"leite\",\"Leite e feij\u00e3o respondem por quase metade da infla\u00e7\u00e3o de julho\",\"pesquisa\",\"Pre\u00e7o do feij\u00e3o\",\"pre\u00e7o do leite\",\"pre\u00e7os dos alimentos\",\"pre\u00e7os dos alimentos foram determinantes para a alta da infla\u00e7\u00e3o\"],\"articleSection\":[\"Brasil\"],\"inLanguage\":\"pt-BR\",\"potentialAction\":[{\"@type\":\"CommentAction\",\"name\":\"Comment\",\"target\":[\"https:\\\/\\\/aconteceunovale.com.br\\\/portal\\\/?p=94209#respond\"]}]},{\"@type\":\"WebPage\",\"@id\":\"https:\\\/\\\/aconteceunovale.com.br\\\/portal\\\/?p=94209\",\"url\":\"https:\\\/\\\/aconteceunovale.com.br\\\/portal\\\/?p=94209\",\"name\":\"Leite e feij\u00e3o respondem por quase metade da infla\u00e7\u00e3o de julho, diz IBGE - Aconteceu no Vale\",\"isPartOf\":{\"@id\":\"https:\\\/\\\/aconteceunovale.com.br\\\/portal\\\/#website\"},\"primaryImageOfPage\":{\"@id\":\"https:\\\/\\\/aconteceunovale.com.br\\\/portal\\\/?p=94209#primaryimage\"},\"image\":{\"@id\":\"https:\\\/\\\/aconteceunovale.com.br\\\/portal\\\/?p=94209#primaryimage\"},\"thumbnailUrl\":\"https:\\\/\\\/aconteceunovale.com.br\\\/portal\\\/wp-content\\\/uploads\\\/2016\\\/07\\\/feijao.jpg\",\"datePublished\":\"2016-08-10T17:54:49+00:00\",\"author\":{\"@id\":\"https:\\\/\\\/aconteceunovale.com.br\\\/portal\\\/#\\\/schema\\\/person\\\/633529146f2c94272bef50ac2953d589\"},\"breadcrumb\":{\"@id\":\"https:\\\/\\\/aconteceunovale.com.br\\\/portal\\\/?p=94209#breadcrumb\"},\"inLanguage\":\"pt-BR\",\"potentialAction\":[{\"@type\":\"ReadAction\",\"target\":[\"https:\\\/\\\/aconteceunovale.com.br\\\/portal\\\/?p=94209\"]}]},{\"@type\":\"ImageObject\",\"inLanguage\":\"pt-BR\",\"@id\":\"https:\\\/\\\/aconteceunovale.com.br\\\/portal\\\/?p=94209#primaryimage\",\"url\":\"https:\\\/\\\/aconteceunovale.com.br\\\/portal\\\/wp-content\\\/uploads\\\/2016\\\/07\\\/feijao.jpg\",\"contentUrl\":\"https:\\\/\\\/aconteceunovale.com.br\\\/portal\\\/wp-content\\\/uploads\\\/2016\\\/07\\\/feijao.jpg\",\"width\":500,\"height\":311},{\"@type\":\"BreadcrumbList\",\"@id\":\"https:\\\/\\\/aconteceunovale.com.br\\\/portal\\\/?p=94209#breadcrumb\",\"itemListElement\":[{\"@type\":\"ListItem\",\"position\":1,\"name\":\"In\u00edcio\",\"item\":\"https:\\\/\\\/aconteceunovale.com.br\\\/portal\\\/\"},{\"@type\":\"ListItem\",\"position\":2,\"name\":\"Leite e feij\u00e3o respondem por quase metade da infla\u00e7\u00e3o de julho, diz IBGE\"}]},{\"@type\":\"WebSite\",\"@id\":\"https:\\\/\\\/aconteceunovale.com.br\\\/portal\\\/#website\",\"url\":\"https:\\\/\\\/aconteceunovale.com.br\\\/portal\\\/\",\"name\":\"Aconteceu no Vale\",\"description\":\"Portal de Not\u00edcias\",\"potentialAction\":[{\"@type\":\"SearchAction\",\"target\":{\"@type\":\"EntryPoint\",\"urlTemplate\":\"https:\\\/\\\/aconteceunovale.com.br\\\/portal\\\/?s={search_term_string}\"},\"query-input\":{\"@type\":\"PropertyValueSpecification\",\"valueRequired\":true,\"valueName\":\"search_term_string\"}}],\"inLanguage\":\"pt-BR\"},{\"@type\":\"Person\",\"@id\":\"https:\\\/\\\/aconteceunovale.com.br\\\/portal\\\/#\\\/schema\\\/person\\\/633529146f2c94272bef50ac2953d589\",\"name\":\"Aconteceu no Vale\",\"description\":\"Equipe de reportagem do Aconteceu no Vale, portal de not\u00edcias do Vale do Jequitinhonha, em Minas Gerais. Cobrimos as 51 cidades do Vale desde 2013. Sugest\u00f5es de pauta e pedidos de corre\u00e7\u00e3o: contato@aconteceunovale.com.br\",\"sameAs\":[\"http:\\\/\\\/www.aconteceunovale.com.br\"],\"url\":\"https:\\\/\\\/aconteceunovale.com.br\\\/portal\\\/?author=1\"}]}<\/script>\n<!-- \/ Yoast SEO plugin. -->","yoast_head_json":{"title":"Leite e feij\u00e3o respondem por quase metade da infla\u00e7\u00e3o de julho, diz IBGE - Aconteceu no Vale","robots":{"index":"index","follow":"follow","max-snippet":"max-snippet:-1","max-image-preview":"max-image-preview:large","max-video-preview":"max-video-preview:-1"},"canonical":"https:\/\/aconteceunovale.com.br\/portal\/?p=94209","og_locale":"pt_BR","og_type":"article","og_title":"Leite e feij\u00e3o respondem por quase metade da infla\u00e7\u00e3o de julho, diz IBGE - Aconteceu no Vale","og_description":"Mais uma vez, os pre\u00e7os dos alimentos foram determinantes para a alta da infla\u00e7\u00e3o medida pelo \u00cdndice de Pre\u00e7os ao Consumidor Amplo (IPCA). A pesquisa foi divulgada hoje (10\/08) pelo Instituto Brasileiro de Geografia e Estat\u00edstica (IBGE). Sozinho, o grupo j\u00e1 acumula alta de 8,79% de janeiro a julho. Em junho, os pre\u00e7os dos alimentos [&hellip;]","og_url":"https:\/\/aconteceunovale.com.br\/portal\/?p=94209","og_site_name":"Aconteceu no Vale","article_publisher":"https:\/\/www.facebook.com\/aconteceunovale\/","article_published_time":"2016-08-10T17:54:49+00:00","og_image":[{"width":500,"height":311,"url":"https:\/\/aconteceunovale.com.br\/portal\/wp-content\/uploads\/2016\/07\/feijao.jpg","type":"image\/jpeg"}],"author":"Aconteceu no Vale","twitter_card":"summary_large_image","twitter_creator":"@noticiadosvales","twitter_site":"@noticiadosvales","twitter_misc":{"Escrito por":"Aconteceu no Vale","Est. tempo de leitura":"3 minutos"},"schema":{"@context":"https:\/\/schema.org","@graph":[{"@type":"Article","@id":"https:\/\/aconteceunovale.com.br\/portal\/?p=94209#article","isPartOf":{"@id":"https:\/\/aconteceunovale.com.br\/portal\/?p=94209"},"author":{"name":"Aconteceu no Vale","@id":"https:\/\/aconteceunovale.com.br\/portal\/#\/schema\/person\/633529146f2c94272bef50ac2953d589"},"headline":"Leite e feij\u00e3o respondem por quase metade da infla\u00e7\u00e3o de julho, diz IBGE","datePublished":"2016-08-10T17:54:49+00:00","mainEntityOfPage":{"@id":"https:\/\/aconteceunovale.com.br\/portal\/?p=94209"},"wordCount":640,"commentCount":0,"image":{"@id":"https:\/\/aconteceunovale.com.br\/portal\/?p=94209#primaryimage"},"thumbnailUrl":"https:\/\/aconteceunovale.com.br\/portal\/wp-content\/uploads\/2016\/07\/feijao.jpg","keywords":["alta do feij\u00e3o","alta do leite","feij\u00e3o","ibge","infla\u00e7\u00e3o","IPCA","leite","Leite e feij\u00e3o respondem por quase metade da infla\u00e7\u00e3o de julho","pesquisa","Pre\u00e7o do feij\u00e3o","pre\u00e7o do leite","pre\u00e7os dos alimentos","pre\u00e7os dos alimentos foram determinantes para a alta da infla\u00e7\u00e3o"],"articleSection":["Brasil"],"inLanguage":"pt-BR","potentialAction":[{"@type":"CommentAction","name":"Comment","target":["https:\/\/aconteceunovale.com.br\/portal\/?p=94209#respond"]}]},{"@type":"WebPage","@id":"https:\/\/aconteceunovale.com.br\/portal\/?p=94209","url":"https:\/\/aconteceunovale.com.br\/portal\/?p=94209","name":"Leite e feij\u00e3o respondem por quase metade da infla\u00e7\u00e3o de julho, diz IBGE - Aconteceu no Vale","isPartOf":{"@id":"https:\/\/aconteceunovale.com.br\/portal\/#website"},"primaryImageOfPage":{"@id":"https:\/\/aconteceunovale.com.br\/portal\/?p=94209#primaryimage"},"image":{"@id":"https:\/\/aconteceunovale.com.br\/portal\/?p=94209#primaryimage"},"thumbnailUrl":"https:\/\/aconteceunovale.com.br\/portal\/wp-content\/uploads\/2016\/07\/feijao.jpg","datePublished":"2016-08-10T17:54:49+00:00","author":{"@id":"https:\/\/aconteceunovale.com.br\/portal\/#\/schema\/person\/633529146f2c94272bef50ac2953d589"},"breadcrumb":{"@id":"https:\/\/aconteceunovale.com.br\/portal\/?p=94209#breadcrumb"},"inLanguage":"pt-BR","potentialAction":[{"@type":"ReadAction","target":["https:\/\/aconteceunovale.com.br\/portal\/?p=94209"]}]},{"@type":"ImageObject","inLanguage":"pt-BR","@id":"https:\/\/aconteceunovale.com.br\/portal\/?p=94209#primaryimage","url":"https:\/\/aconteceunovale.com.br\/portal\/wp-content\/uploads\/2016\/07\/feijao.jpg","contentUrl":"https:\/\/aconteceunovale.com.br\/portal\/wp-content\/uploads\/2016\/07\/feijao.jpg","width":500,"height":311},{"@type":"BreadcrumbList","@id":"https:\/\/aconteceunovale.com.br\/portal\/?p=94209#breadcrumb","itemListElement":[{"@type":"ListItem","position":1,"name":"In\u00edcio","item":"https:\/\/aconteceunovale.com.br\/portal\/"},{"@type":"ListItem","position":2,"name":"Leite e feij\u00e3o respondem por quase metade da infla\u00e7\u00e3o de julho, diz IBGE"}]},{"@type":"WebSite","@id":"https:\/\/aconteceunovale.com.br\/portal\/#website","url":"https:\/\/aconteceunovale.com.br\/portal\/","name":"Aconteceu no Vale","description":"Portal de Not\u00edcias","potentialAction":[{"@type":"SearchAction","target":{"@type":"EntryPoint","urlTemplate":"https:\/\/aconteceunovale.com.br\/portal\/?s={search_term_string}"},"query-input":{"@type":"PropertyValueSpecification","valueRequired":true,"valueName":"search_term_string"}}],"inLanguage":"pt-BR"},{"@type":"Person","@id":"https:\/\/aconteceunovale.com.br\/portal\/#\/schema\/person\/633529146f2c94272bef50ac2953d589","name":"Aconteceu no Vale","description":"Equipe de reportagem do Aconteceu no Vale, portal de not\u00edcias do Vale do Jequitinhonha, em Minas Gerais. Cobrimos as 51 cidades do Vale desde 2013. Sugest\u00f5es de pauta e pedidos de corre\u00e7\u00e3o: contato@aconteceunovale.com.br","sameAs":["http:\/\/www.aconteceunovale.com.br"],"url":"https:\/\/aconteceunovale.com.br\/portal\/?author=1"}]}},"_links":{"self":[{"href":"https:\/\/aconteceunovale.com.br\/portal\/index.php?rest_route=\/wp\/v2\/posts\/94209","targetHints":{"allow":["GET"]}}],"collection":[{"href":"https:\/\/aconteceunovale.com.br\/portal\/index.php?rest_route=\/wp\/v2\/posts"}],"about":[{"href":"https:\/\/aconteceunovale.com.br\/portal\/index.php?rest_route=\/wp\/v2\/types\/post"}],"author":[{"embeddable":true,"href":"https:\/\/aconteceunovale.com.br\/portal\/index.php?rest_route=\/wp\/v2\/users\/1"}],"replies":[{"embeddable":true,"href":"https:\/\/aconteceunovale.com.br\/portal\/index.php?rest_route=%2Fwp%2Fv2%2Fcomments&post=94209"}],"version-history":[{"count":0,"href":"https:\/\/aconteceunovale.com.br\/portal\/index.php?rest_route=\/wp\/v2\/posts\/94209\/revisions"}],"wp:featuredmedia":[{"embeddable":true,"href":"https:\/\/aconteceunovale.com.br\/portal\/index.php?rest_route=\/wp\/v2\/media\/92503"}],"wp:attachment":[{"href":"https:\/\/aconteceunovale.com.br\/portal\/index.php?rest_route=%2Fwp%2Fv2%2Fmedia&parent=94209"}],"wp:term":[{"taxonomy":"category","embeddable":true,"href":"https:\/\/aconteceunovale.com.br\/portal\/index.php?rest_route=%2Fwp%2Fv2%2Fcategories&post=94209"},{"taxonomy":"post_tag","embeddable":true,"href":"https:\/\/aconteceunovale.com.br\/portal\/index.php?rest_route=%2Fwp%2Fv2%2Ftags&post=94209"}],"curies":[{"name":"wp","href":"https:\/\/api.w.org\/{rel}","templated":true}]}}