{"id":94207,"date":"2016-08-10T14:42:09","date_gmt":"2016-08-10T17:42:09","guid":{"rendered":"http:\/\/aconteceunovale.com.br\/portal\/?p=94207"},"modified":"2016-08-10T14:42:09","modified_gmt":"2016-08-10T17:42:09","slug":"producao-industrial-fica-estavel-entre-maio-e-junho-em-minas-gerais-diz-ibge","status":"publish","type":"post","link":"https:\/\/aconteceunovale.com.br\/portal\/?p=94207","title":{"rendered":"Produ\u00e7\u00e3o industrial fica est\u00e1vel entre maio e junho em Minas Gerais, diz IBGE"},"content":{"rendered":"<p>A produ\u00e7\u00e3o industrial cresceu em nove dos 14 locais pesquisados pelo Instituto Brasileiro de Geografia e Estat\u00edstica (IBGE), na passagem de maio para junho deste ano. As maiores altas foram observadas no Rio de Janeiro (5,7%), Santa Catarina (5,4%), Par\u00e1 (4,9%), Rio Grande do Sul (4,6%) e Paran\u00e1 (3,5%).<\/p>\n<p>Outros estados que tiveram alta na produ\u00e7\u00e3o foram Cear\u00e1 (2%), S\u00e3o Paulo (1,5%), Goi\u00e1s (1,4%) e Pernambuco (1,2%). Todos os estados tiveram um crescimento acima da m\u00e9dia nacional de 1,1% neste tipo de compara\u00e7\u00e3o.<\/p>\n<p>Em Minas Gerais, a produ\u00e7\u00e3o ficou est\u00e1vel. Em quatro locais, houve queda da produ\u00e7\u00e3o: Esp\u00edrito Santo (-9,8%), Bahia (-1%), regi\u00e3o Nordeste (-0,3%) e Amazonas (-0,3%). O resultado da regi\u00e3o Nordeste inclui as produ\u00e7\u00f5es de Bahia, Pernambuco e Cear\u00e1, al\u00e9m de outros seis estados com ind\u00fastrias menos desenvolvidas.<\/p>\n<p><strong>Quedas e crescimento<\/strong><\/p>\n<p>Nos outros tipos de compara\u00e7\u00e3o temporal, o IBGE tamb\u00e9m avalia o resultado do Mato Grosso, al\u00e9m de 14 locais. Na compara\u00e7\u00e3o com junho do ano passado, houve quedas em 11 dos 15 locais pesquisados, com destaque para Esp\u00edrito Santo (-27,9%). Houve crescimento em quatro locais, com destaque para Par\u00e1 (14,7%) e Mato Grosso (12,2%).<\/p>\n<p>No acumulado do ano, houve recuos em 12 locais, com destaque para Esp\u00edrito Santo (-22,6%), Pernambuco (-17,6%) e Amazonas (-16,8%). Bahia manteve-se est\u00e1vel. Apenas dois locais tiveram alta: Par\u00e1 (10,3%) e Mato Grosso (11,9%.<\/p>\n<p>No acumulado de 12 meses, 13 locais apresentaram quedas na produ\u00e7\u00e3o industrial, com destaque para Amazonas (-18,1%), Esp\u00edrito Santo (-14,4%), Pernambuco (-11,2%) e S\u00e3o Paulo (-11%). Apenas dois estados tiveram crescimento neste tipo de compara\u00e7\u00e3o temporal: Par\u00e1 (5,6%) e Mato Grosso (9%).<\/p>\n<p>(Ag\u00eancia Brasil)<\/p>\n","protected":false},"excerpt":{"rendered":"<p>A produ\u00e7\u00e3o industrial cresceu em nove dos 14 locais pesquisados pelo Instituto Brasileiro de Geografia e Estat\u00edstica (IBGE), na passagem de maio para junho deste ano. As maiores altas foram observadas no Rio de Janeiro (5,7%), Santa Catarina (5,4%), Par\u00e1 (4,9%), Rio Grande do Sul (4,6%) e Paran\u00e1 (3,5%). Outros estados que tiveram alta na [&hellip;]<\/p>\n","protected":false},"author":1,"featured_media":87057,"comment_status":"open","ping_status":"closed","sticky":false,"template":"","format":"standard","meta":{"amp_status":"","footnotes":""},"categories":[6,123],"tags":[1062,103907,20032,109668,109670,109669,109671],"class_list":["post-94207","post","type-post","status-publish","format-standard","has-post-thumbnail","hentry","category-br","category-gerais","tag-ibge","tag-industria-mineira","tag-pesquisa","tag-producao-industrial","tag-producao-industrial-em-minas-gerais","tag-producao-industrial-fica-estavel-entre-maio-e-junho-em-minas-gerais","tag-producao-industrial-mineira"],"yoast_head":"<!-- This site is optimized with the Yoast SEO plugin v28.3 - https:\/\/yoast.com\/product\/yoast-seo-wordpress\/ -->\n<title>Produ\u00e7\u00e3o industrial fica est\u00e1vel entre maio e junho em Minas Gerais, diz IBGE - Aconteceu no Vale<\/title>\n<meta name=\"robots\" content=\"index, follow, max-snippet:-1, max-image-preview:large, max-video-preview:-1\" \/>\n<link rel=\"canonical\" href=\"https:\/\/aconteceunovale.com.br\/portal\/?p=94207\" \/>\n<meta property=\"og:locale\" content=\"pt_BR\" \/>\n<meta property=\"og:type\" content=\"article\" \/>\n<meta property=\"og:title\" content=\"Produ\u00e7\u00e3o industrial fica est\u00e1vel entre maio e junho em Minas Gerais, diz IBGE - Aconteceu no Vale\" \/>\n<meta property=\"og:description\" content=\"A produ\u00e7\u00e3o industrial cresceu em nove dos 14 locais pesquisados pelo Instituto Brasileiro de Geografia e Estat\u00edstica (IBGE), na passagem de maio para junho deste ano. As maiores altas foram observadas no Rio de Janeiro (5,7%), Santa Catarina (5,4%), Par\u00e1 (4,9%), Rio Grande do Sul (4,6%) e Paran\u00e1 (3,5%). Outros estados que tiveram alta na [&hellip;]\" \/>\n<meta property=\"og:url\" content=\"https:\/\/aconteceunovale.com.br\/portal\/?p=94207\" \/>\n<meta property=\"og:site_name\" content=\"Aconteceu no Vale\" \/>\n<meta property=\"article:publisher\" content=\"https:\/\/www.facebook.com\/aconteceunovale\/\" \/>\n<meta property=\"article:published_time\" content=\"2016-08-10T17:42:09+00:00\" \/>\n<meta property=\"og:image\" content=\"https:\/\/aconteceunovale.com.br\/portal\/wp-content\/uploads\/2016\/05\/industria_br.jpg\" \/>\n\t<meta property=\"og:image:width\" content=\"678\" \/>\n\t<meta property=\"og:image:height\" content=\"385\" \/>\n\t<meta property=\"og:image:type\" content=\"image\/jpeg\" \/>\n<meta name=\"author\" content=\"Aconteceu no Vale\" \/>\n<meta name=\"twitter:card\" content=\"summary_large_image\" \/>\n<meta name=\"twitter:creator\" content=\"@noticiadosvales\" \/>\n<meta name=\"twitter:site\" content=\"@noticiadosvales\" \/>\n<meta name=\"twitter:label1\" content=\"Escrito por\" \/>\n\t<meta name=\"twitter:data1\" content=\"Aconteceu no Vale\" \/>\n\t<meta name=\"twitter:label2\" content=\"Est. tempo de leitura\" \/>\n\t<meta name=\"twitter:data2\" content=\"1 minuto\" \/>\n<script type=\"application\/ld+json\" class=\"yoast-schema-graph\">{\"@context\":\"https:\\\/\\\/schema.org\",\"@graph\":[{\"@type\":\"Article\",\"@id\":\"https:\\\/\\\/aconteceunovale.com.br\\\/portal\\\/?p=94207#article\",\"isPartOf\":{\"@id\":\"https:\\\/\\\/aconteceunovale.com.br\\\/portal\\\/?p=94207\"},\"author\":{\"name\":\"Aconteceu no Vale\",\"@id\":\"https:\\\/\\\/aconteceunovale.com.br\\\/portal\\\/#\\\/schema\\\/person\\\/633529146f2c94272bef50ac2953d589\"},\"headline\":\"Produ\u00e7\u00e3o industrial fica est\u00e1vel entre maio e junho em Minas Gerais, diz IBGE\",\"datePublished\":\"2016-08-10T17:42:09+00:00\",\"mainEntityOfPage\":{\"@id\":\"https:\\\/\\\/aconteceunovale.com.br\\\/portal\\\/?p=94207\"},\"wordCount\":285,\"commentCount\":0,\"image\":{\"@id\":\"https:\\\/\\\/aconteceunovale.com.br\\\/portal\\\/?p=94207#primaryimage\"},\"thumbnailUrl\":\"https:\\\/\\\/aconteceunovale.com.br\\\/portal\\\/wp-content\\\/uploads\\\/2016\\\/05\\\/industria_br.jpg\",\"keywords\":[\"ibge\",\"Ind\u00fastria mineira\",\"pesquisa\",\"produ\u00e7\u00e3o industrial\",\"Produ\u00e7\u00e3o industrial em minas gerais\",\"Produ\u00e7\u00e3o industrial fica est\u00e1vel entre maio e junho em Minas Gerais\",\"Produ\u00e7\u00e3o industrial mineira\"],\"articleSection\":[\"Brasil\",\"Minas Gerais\"],\"inLanguage\":\"pt-BR\",\"potentialAction\":[{\"@type\":\"CommentAction\",\"name\":\"Comment\",\"target\":[\"https:\\\/\\\/aconteceunovale.com.br\\\/portal\\\/?p=94207#respond\"]}]},{\"@type\":\"WebPage\",\"@id\":\"https:\\\/\\\/aconteceunovale.com.br\\\/portal\\\/?p=94207\",\"url\":\"https:\\\/\\\/aconteceunovale.com.br\\\/portal\\\/?p=94207\",\"name\":\"Produ\u00e7\u00e3o industrial fica est\u00e1vel entre maio e junho em Minas Gerais, diz IBGE - Aconteceu no Vale\",\"isPartOf\":{\"@id\":\"https:\\\/\\\/aconteceunovale.com.br\\\/portal\\\/#website\"},\"primaryImageOfPage\":{\"@id\":\"https:\\\/\\\/aconteceunovale.com.br\\\/portal\\\/?p=94207#primaryimage\"},\"image\":{\"@id\":\"https:\\\/\\\/aconteceunovale.com.br\\\/portal\\\/?p=94207#primaryimage\"},\"thumbnailUrl\":\"https:\\\/\\\/aconteceunovale.com.br\\\/portal\\\/wp-content\\\/uploads\\\/2016\\\/05\\\/industria_br.jpg\",\"datePublished\":\"2016-08-10T17:42:09+00:00\",\"author\":{\"@id\":\"https:\\\/\\\/aconteceunovale.com.br\\\/portal\\\/#\\\/schema\\\/person\\\/633529146f2c94272bef50ac2953d589\"},\"breadcrumb\":{\"@id\":\"https:\\\/\\\/aconteceunovale.com.br\\\/portal\\\/?p=94207#breadcrumb\"},\"inLanguage\":\"pt-BR\",\"potentialAction\":[{\"@type\":\"ReadAction\",\"target\":[\"https:\\\/\\\/aconteceunovale.com.br\\\/portal\\\/?p=94207\"]}]},{\"@type\":\"ImageObject\",\"inLanguage\":\"pt-BR\",\"@id\":\"https:\\\/\\\/aconteceunovale.com.br\\\/portal\\\/?p=94207#primaryimage\",\"url\":\"https:\\\/\\\/aconteceunovale.com.br\\\/portal\\\/wp-content\\\/uploads\\\/2016\\\/05\\\/industria_br.jpg\",\"contentUrl\":\"https:\\\/\\\/aconteceunovale.com.br\\\/portal\\\/wp-content\\\/uploads\\\/2016\\\/05\\\/industria_br.jpg\",\"width\":678,\"height\":385},{\"@type\":\"BreadcrumbList\",\"@id\":\"https:\\\/\\\/aconteceunovale.com.br\\\/portal\\\/?p=94207#breadcrumb\",\"itemListElement\":[{\"@type\":\"ListItem\",\"position\":1,\"name\":\"In\u00edcio\",\"item\":\"https:\\\/\\\/aconteceunovale.com.br\\\/portal\\\/\"},{\"@type\":\"ListItem\",\"position\":2,\"name\":\"Produ\u00e7\u00e3o industrial fica est\u00e1vel entre maio e junho em Minas Gerais, diz IBGE\"}]},{\"@type\":\"WebSite\",\"@id\":\"https:\\\/\\\/aconteceunovale.com.br\\\/portal\\\/#website\",\"url\":\"https:\\\/\\\/aconteceunovale.com.br\\\/portal\\\/\",\"name\":\"Aconteceu no Vale\",\"description\":\"Portal de Not\u00edcias\",\"potentialAction\":[{\"@type\":\"SearchAction\",\"target\":{\"@type\":\"EntryPoint\",\"urlTemplate\":\"https:\\\/\\\/aconteceunovale.com.br\\\/portal\\\/?s={search_term_string}\"},\"query-input\":{\"@type\":\"PropertyValueSpecification\",\"valueRequired\":true,\"valueName\":\"search_term_string\"}}],\"inLanguage\":\"pt-BR\"},{\"@type\":\"Person\",\"@id\":\"https:\\\/\\\/aconteceunovale.com.br\\\/portal\\\/#\\\/schema\\\/person\\\/633529146f2c94272bef50ac2953d589\",\"name\":\"Aconteceu no Vale\",\"description\":\"Equipe de reportagem do Aconteceu no Vale, portal de not\u00edcias do Vale do Jequitinhonha, em Minas Gerais. Cobrimos as 51 cidades do Vale desde 2013. Sugest\u00f5es de pauta e pedidos de corre\u00e7\u00e3o: contato@aconteceunovale.com.br\",\"sameAs\":[\"http:\\\/\\\/www.aconteceunovale.com.br\"],\"url\":\"https:\\\/\\\/aconteceunovale.com.br\\\/portal\\\/?author=1\"}]}<\/script>\n<!-- \/ Yoast SEO plugin. -->","yoast_head_json":{"title":"Produ\u00e7\u00e3o industrial fica est\u00e1vel entre maio e junho em Minas Gerais, diz IBGE - Aconteceu no Vale","robots":{"index":"index","follow":"follow","max-snippet":"max-snippet:-1","max-image-preview":"max-image-preview:large","max-video-preview":"max-video-preview:-1"},"canonical":"https:\/\/aconteceunovale.com.br\/portal\/?p=94207","og_locale":"pt_BR","og_type":"article","og_title":"Produ\u00e7\u00e3o industrial fica est\u00e1vel entre maio e junho em Minas Gerais, diz IBGE - Aconteceu no Vale","og_description":"A produ\u00e7\u00e3o industrial cresceu em nove dos 14 locais pesquisados pelo Instituto Brasileiro de Geografia e Estat\u00edstica (IBGE), na passagem de maio para junho deste ano. As maiores altas foram observadas no Rio de Janeiro (5,7%), Santa Catarina (5,4%), Par\u00e1 (4,9%), Rio Grande do Sul (4,6%) e Paran\u00e1 (3,5%). Outros estados que tiveram alta na [&hellip;]","og_url":"https:\/\/aconteceunovale.com.br\/portal\/?p=94207","og_site_name":"Aconteceu no Vale","article_publisher":"https:\/\/www.facebook.com\/aconteceunovale\/","article_published_time":"2016-08-10T17:42:09+00:00","og_image":[{"width":678,"height":385,"url":"https:\/\/aconteceunovale.com.br\/portal\/wp-content\/uploads\/2016\/05\/industria_br.jpg","type":"image\/jpeg"}],"author":"Aconteceu no Vale","twitter_card":"summary_large_image","twitter_creator":"@noticiadosvales","twitter_site":"@noticiadosvales","twitter_misc":{"Escrito por":"Aconteceu no Vale","Est. tempo de leitura":"1 minuto"},"schema":{"@context":"https:\/\/schema.org","@graph":[{"@type":"Article","@id":"https:\/\/aconteceunovale.com.br\/portal\/?p=94207#article","isPartOf":{"@id":"https:\/\/aconteceunovale.com.br\/portal\/?p=94207"},"author":{"name":"Aconteceu no Vale","@id":"https:\/\/aconteceunovale.com.br\/portal\/#\/schema\/person\/633529146f2c94272bef50ac2953d589"},"headline":"Produ\u00e7\u00e3o industrial fica est\u00e1vel entre maio e junho em Minas Gerais, diz IBGE","datePublished":"2016-08-10T17:42:09+00:00","mainEntityOfPage":{"@id":"https:\/\/aconteceunovale.com.br\/portal\/?p=94207"},"wordCount":285,"commentCount":0,"image":{"@id":"https:\/\/aconteceunovale.com.br\/portal\/?p=94207#primaryimage"},"thumbnailUrl":"https:\/\/aconteceunovale.com.br\/portal\/wp-content\/uploads\/2016\/05\/industria_br.jpg","keywords":["ibge","Ind\u00fastria mineira","pesquisa","produ\u00e7\u00e3o industrial","Produ\u00e7\u00e3o industrial em minas gerais","Produ\u00e7\u00e3o industrial fica est\u00e1vel entre maio e junho em Minas Gerais","Produ\u00e7\u00e3o industrial mineira"],"articleSection":["Brasil","Minas Gerais"],"inLanguage":"pt-BR","potentialAction":[{"@type":"CommentAction","name":"Comment","target":["https:\/\/aconteceunovale.com.br\/portal\/?p=94207#respond"]}]},{"@type":"WebPage","@id":"https:\/\/aconteceunovale.com.br\/portal\/?p=94207","url":"https:\/\/aconteceunovale.com.br\/portal\/?p=94207","name":"Produ\u00e7\u00e3o industrial fica est\u00e1vel entre maio e junho em Minas Gerais, diz IBGE - Aconteceu no Vale","isPartOf":{"@id":"https:\/\/aconteceunovale.com.br\/portal\/#website"},"primaryImageOfPage":{"@id":"https:\/\/aconteceunovale.com.br\/portal\/?p=94207#primaryimage"},"image":{"@id":"https:\/\/aconteceunovale.com.br\/portal\/?p=94207#primaryimage"},"thumbnailUrl":"https:\/\/aconteceunovale.com.br\/portal\/wp-content\/uploads\/2016\/05\/industria_br.jpg","datePublished":"2016-08-10T17:42:09+00:00","author":{"@id":"https:\/\/aconteceunovale.com.br\/portal\/#\/schema\/person\/633529146f2c94272bef50ac2953d589"},"breadcrumb":{"@id":"https:\/\/aconteceunovale.com.br\/portal\/?p=94207#breadcrumb"},"inLanguage":"pt-BR","potentialAction":[{"@type":"ReadAction","target":["https:\/\/aconteceunovale.com.br\/portal\/?p=94207"]}]},{"@type":"ImageObject","inLanguage":"pt-BR","@id":"https:\/\/aconteceunovale.com.br\/portal\/?p=94207#primaryimage","url":"https:\/\/aconteceunovale.com.br\/portal\/wp-content\/uploads\/2016\/05\/industria_br.jpg","contentUrl":"https:\/\/aconteceunovale.com.br\/portal\/wp-content\/uploads\/2016\/05\/industria_br.jpg","width":678,"height":385},{"@type":"BreadcrumbList","@id":"https:\/\/aconteceunovale.com.br\/portal\/?p=94207#breadcrumb","itemListElement":[{"@type":"ListItem","position":1,"name":"In\u00edcio","item":"https:\/\/aconteceunovale.com.br\/portal\/"},{"@type":"ListItem","position":2,"name":"Produ\u00e7\u00e3o industrial fica est\u00e1vel entre maio e junho em Minas Gerais, diz IBGE"}]},{"@type":"WebSite","@id":"https:\/\/aconteceunovale.com.br\/portal\/#website","url":"https:\/\/aconteceunovale.com.br\/portal\/","name":"Aconteceu no Vale","description":"Portal de Not\u00edcias","potentialAction":[{"@type":"SearchAction","target":{"@type":"EntryPoint","urlTemplate":"https:\/\/aconteceunovale.com.br\/portal\/?s={search_term_string}"},"query-input":{"@type":"PropertyValueSpecification","valueRequired":true,"valueName":"search_term_string"}}],"inLanguage":"pt-BR"},{"@type":"Person","@id":"https:\/\/aconteceunovale.com.br\/portal\/#\/schema\/person\/633529146f2c94272bef50ac2953d589","name":"Aconteceu no Vale","description":"Equipe de reportagem do Aconteceu no Vale, portal de not\u00edcias do Vale do Jequitinhonha, em Minas Gerais. Cobrimos as 51 cidades do Vale desde 2013. Sugest\u00f5es de pauta e pedidos de corre\u00e7\u00e3o: contato@aconteceunovale.com.br","sameAs":["http:\/\/www.aconteceunovale.com.br"],"url":"https:\/\/aconteceunovale.com.br\/portal\/?author=1"}]}},"_links":{"self":[{"href":"https:\/\/aconteceunovale.com.br\/portal\/index.php?rest_route=\/wp\/v2\/posts\/94207","targetHints":{"allow":["GET"]}}],"collection":[{"href":"https:\/\/aconteceunovale.com.br\/portal\/index.php?rest_route=\/wp\/v2\/posts"}],"about":[{"href":"https:\/\/aconteceunovale.com.br\/portal\/index.php?rest_route=\/wp\/v2\/types\/post"}],"author":[{"embeddable":true,"href":"https:\/\/aconteceunovale.com.br\/portal\/index.php?rest_route=\/wp\/v2\/users\/1"}],"replies":[{"embeddable":true,"href":"https:\/\/aconteceunovale.com.br\/portal\/index.php?rest_route=%2Fwp%2Fv2%2Fcomments&post=94207"}],"version-history":[{"count":0,"href":"https:\/\/aconteceunovale.com.br\/portal\/index.php?rest_route=\/wp\/v2\/posts\/94207\/revisions"}],"wp:featuredmedia":[{"embeddable":true,"href":"https:\/\/aconteceunovale.com.br\/portal\/index.php?rest_route=\/wp\/v2\/media\/87057"}],"wp:attachment":[{"href":"https:\/\/aconteceunovale.com.br\/portal\/index.php?rest_route=%2Fwp%2Fv2%2Fmedia&parent=94207"}],"wp:term":[{"taxonomy":"category","embeddable":true,"href":"https:\/\/aconteceunovale.com.br\/portal\/index.php?rest_route=%2Fwp%2Fv2%2Fcategories&post=94207"},{"taxonomy":"post_tag","embeddable":true,"href":"https:\/\/aconteceunovale.com.br\/portal\/index.php?rest_route=%2Fwp%2Fv2%2Ftags&post=94207"}],"curies":[{"name":"wp","href":"https:\/\/api.w.org\/{rel}","templated":true}]}}