{"id":94204,"date":"2016-08-10T14:34:41","date_gmt":"2016-08-10T17:34:41","guid":{"rendered":"http:\/\/aconteceunovale.com.br\/portal\/?p=94204"},"modified":"2016-08-10T14:37:13","modified_gmt":"2016-08-10T17:37:13","slug":"incendios-devastam-portugal","status":"publish","type":"post","link":"https:\/\/aconteceunovale.com.br\/portal\/?p=94204","title":{"rendered":"Inc\u00eandios devastam Portugal"},"content":{"rendered":"<p>O calor e os fortes ventos registrados nos \u00faltimos dias t\u00eam contribu\u00eddo para o alastramento dos focos de inc\u00eandio n\u00e3o apenas no continente, mas tamb\u00e9m, de maneira devastadora, no Funchal, capital do arquip\u00e9lago da Madeira. De acordo com a Autoridade Nacional de Prote\u00e7\u00e3o Civil (ANPC), 13 graves ocorr\u00eancias foram registradas at\u00e9 as 12h (hor\u00e1rio local) de hoje (10\/08). H\u00e1 ainda 121 casos de inc\u00eandios rurais e 541 em aberto.<\/p>\n<p>No Funchal, principal cidade da Ilha da Madeira, a situa\u00e7\u00e3o \u00e9 grav\u00edssima, com tr\u00eas mortes j\u00e1 registradas, dois hospitais evacuados e mais de mil pessoas deslocadas. Na cidade, que tem 111 mil habitantes, os focos de inc\u00eandio est\u00e3o ativos desde segunda-feira (08\/08). A situa\u00e7\u00e3o \u00e9 t\u00e3o extrema que o primeiro-ministro do pa\u00eds, Ant\u00f3nio Costa, e o presidente da Rep\u00fablica, Marcelo Rebelo de Sousa, ir\u00e3o para o arquip\u00e9lago ainda hoje.<\/p>\n<p>Ant\u00f3nio Costa afirmou que ser\u00e1 feito um pr\u00e9-alerta para ativar o Mecanismo Europeu de Prote\u00e7\u00e3o Civil e, caso a situa\u00e7\u00e3o piore nos pr\u00f3ximos dias, ser\u00e1 acionado acordo bilateral com a R\u00fassia.<\/p>\n<p>Equipes de combate aos inc\u00eandios, compostas por bombeiros da For\u00e7a Especial Bombeiros (FEB), do Grupo de Interven\u00e7\u00e3o Prote\u00e7\u00e3o e Socorro da GNR (GIPS) e do Instituto Nacional de Emerg\u00eancia M\u00e9dica (INEM), come\u00e7aram a partir de Lisboa na noite de ontem (9). De acordo com a imprensa local, cerca de 110 homens devem ser enviados para refor\u00e7ar o combate aos inc\u00eandios na ilha.<\/p>\n<p>A Madeira recebe milhares de turistas nesta \u00e9poca do ano, ver\u00e3o na Europa. De acordo com Paulo Caf\u00f4fo, presidente da C\u00e2mara Municipal do Funchal (prefeito), h\u00e1 cerca de mil deslocados de casas e hot\u00e9is, entre residentes e turistas, alojados em diferentes locais da cidade, como centros c\u00edvicos e est\u00e1dios esportivos.<\/p>\n<p>De acordo com o prefeito, \u00e9 imposs\u00edvel calcular quantas edifica\u00e7\u00f5es j\u00e1 foram queimadas. Na noite de ontem, as chamas chegaram ao centro hist\u00f3rico da cidade, causando caos e p\u00e2nico entre a popula\u00e7\u00e3o e desalojando centenas de pessoas.<\/p>\n<p>Na Madeira, foi acionado o Plano Regional de Emerg\u00eancia e declarada situa\u00e7\u00e3o de conting\u00eancia, o que, na pr\u00e1tica, significa a mobiliza\u00e7\u00e3o absoluta de todos os meios dispon\u00edveis.<\/p>\n<p>Em Portugal continental, a situa\u00e7\u00e3o tamb\u00e9m \u00e9 grave. Segundo balan\u00e7o da Prote\u00e7\u00e3o Civil, os inc\u00eandios de maior dimens\u00e3o ocorrem nos distritos de Aveiro, Braga, Guarda, Porto e Viana do Castelo.<\/p>\n<p>De acordo com informa\u00e7\u00f5es da Pol\u00edcia Judici\u00e1ria de Portugal, apenas este ano j\u00e1 foram identificadas e presas 26 pessoas por autoria de crime de inc\u00eandio florestal.<\/p>\n<p>A Guarda Nacional Republicana (GNR) informou, em comunicado, que tem 500 militares do Grupo de Interven\u00e7\u00e3o de Prote\u00e7\u00e3o e Socorro (GIPS) empenhados nas a\u00e7\u00f5es de combate aos inc\u00eandios florestais. Entre eles, 160 d\u00e3o apoio a 23 meios a\u00e9reos em a\u00e7\u00f5es de primeira interven\u00e7\u00e3o nos inc\u00eandios. H\u00e1 tamb\u00e9m quatro grupos de ataque ampliado (tr\u00eas deles a combater inc\u00eandios em Viana do Castelo e um no distrito do Porto).<\/p>\n<p><img decoding=\"async\" src=\"http:\/\/aconteceunovale.com.br\/portal\/wp-content\/uploads\/2016\/08\/incendio_portugal.jpg\" alt=\"\" \/><em>Inc\u00eandio na localidade de Pr\u00e9stimo (\u00c1gueda) &#8211; Foto: Jos\u00e9 Coelho\/Agencia Lusa<\/em><br \/>\n<\/br><\/p>\n<p>(Ag\u00eancia Brasil)<\/p>\n","protected":false},"excerpt":{"rendered":"<p>O calor e os fortes ventos registrados nos \u00faltimos dias t\u00eam contribu\u00eddo para o alastramento dos focos de inc\u00eandio n\u00e3o apenas no continente, mas tamb\u00e9m, de maneira devastadora, no Funchal, capital do arquip\u00e9lago da Madeira. De acordo com a Autoridade Nacional de Prote\u00e7\u00e3o Civil (ANPC), 13 graves ocorr\u00eancias foram registradas at\u00e9 as 12h (hor\u00e1rio local) [&hellip;]<\/p>\n","protected":false},"author":1,"featured_media":94205,"comment_status":"open","ping_status":"closed","sticky":false,"template":"","format":"standard","meta":{"amp_status":"","footnotes":""},"categories":[28848],"tags":[109654,109656,109655,109658,109659,63399,109648,109664,109651,109663,109649,109653,109660,109652,109666,19255,109667,109650,109657,109661,18919,109665,109662],"class_list":["post-94204","post","type-post","status-publish","format-standard","has-post-thumbnail","hentry","category-mundo","tag-anpc","tag-antonio-costa","tag-autoridade-nacional-de-protecao-civil","tag-aveiro","tag-braga","tag-calor","tag-calor-portugal","tag-continente","tag-focos-de-incendio-portugal","tag-fortes-ventos","tag-fortes-ventos-portugal","tag-funchal","tag-guarda","tag-ilha-da-madeira","tag-ilha-da-madeira-registra-incendios","tag-incendios","tag-incendios-devastam-portugal","tag-incendios-portugal","tag-marcelo-rebelo-de-sousa","tag-porto","tag-portugal","tag-portugal-em-chamas","tag-viana-do-castelo"],"yoast_head":"<!-- This site is optimized with the Yoast SEO plugin v28.3 - https:\/\/yoast.com\/product\/yoast-seo-wordpress\/ -->\n<title>Inc\u00eandios devastam Portugal - Aconteceu no Vale<\/title>\n<meta name=\"robots\" content=\"index, follow, max-snippet:-1, max-image-preview:large, max-video-preview:-1\" \/>\n<link rel=\"canonical\" href=\"https:\/\/aconteceunovale.com.br\/portal\/?p=94204\" \/>\n<meta property=\"og:locale\" content=\"pt_BR\" \/>\n<meta property=\"og:type\" content=\"article\" \/>\n<meta property=\"og:title\" content=\"Inc\u00eandios devastam Portugal - Aconteceu no Vale\" \/>\n<meta property=\"og:description\" content=\"O calor e os fortes ventos registrados nos \u00faltimos dias t\u00eam contribu\u00eddo para o alastramento dos focos de inc\u00eandio n\u00e3o apenas no continente, mas tamb\u00e9m, de maneira devastadora, no Funchal, capital do arquip\u00e9lago da Madeira. De acordo com a Autoridade Nacional de Prote\u00e7\u00e3o Civil (ANPC), 13 graves ocorr\u00eancias foram registradas at\u00e9 as 12h (hor\u00e1rio local) [&hellip;]\" \/>\n<meta property=\"og:url\" content=\"https:\/\/aconteceunovale.com.br\/portal\/?p=94204\" \/>\n<meta property=\"og:site_name\" content=\"Aconteceu no Vale\" \/>\n<meta property=\"article:publisher\" content=\"https:\/\/www.facebook.com\/aconteceunovale\/\" \/>\n<meta property=\"article:published_time\" content=\"2016-08-10T17:34:41+00:00\" \/>\n<meta property=\"article:modified_time\" content=\"2016-08-10T17:37:13+00:00\" \/>\n<meta property=\"og:image\" content=\"https:\/\/aconteceunovale.com.br\/portal\/wp-content\/uploads\/2016\/08\/incendio_portugal.jpg\" \/>\n\t<meta property=\"og:image:width\" content=\"580\" \/>\n\t<meta property=\"og:image:height\" content=\"388\" \/>\n\t<meta property=\"og:image:type\" content=\"image\/jpeg\" \/>\n<meta name=\"author\" content=\"Aconteceu no Vale\" \/>\n<meta name=\"twitter:card\" content=\"summary_large_image\" \/>\n<meta name=\"twitter:creator\" content=\"@noticiadosvales\" \/>\n<meta name=\"twitter:site\" content=\"@noticiadosvales\" \/>\n<meta name=\"twitter:label1\" content=\"Escrito por\" \/>\n\t<meta name=\"twitter:data1\" content=\"Aconteceu no Vale\" \/>\n\t<meta name=\"twitter:label2\" content=\"Est. tempo de leitura\" \/>\n\t<meta name=\"twitter:data2\" content=\"3 minutos\" \/>\n<script type=\"application\/ld+json\" class=\"yoast-schema-graph\">{\"@context\":\"https:\\\/\\\/schema.org\",\"@graph\":[{\"@type\":\"Article\",\"@id\":\"https:\\\/\\\/aconteceunovale.com.br\\\/portal\\\/?p=94204#article\",\"isPartOf\":{\"@id\":\"https:\\\/\\\/aconteceunovale.com.br\\\/portal\\\/?p=94204\"},\"author\":{\"name\":\"Aconteceu no Vale\",\"@id\":\"https:\\\/\\\/aconteceunovale.com.br\\\/portal\\\/#\\\/schema\\\/person\\\/633529146f2c94272bef50ac2953d589\"},\"headline\":\"Inc\u00eandios devastam Portugal\",\"datePublished\":\"2016-08-10T17:34:41+00:00\",\"dateModified\":\"2016-08-10T17:37:13+00:00\",\"mainEntityOfPage\":{\"@id\":\"https:\\\/\\\/aconteceunovale.com.br\\\/portal\\\/?p=94204\"},\"wordCount\":549,\"commentCount\":0,\"image\":{\"@id\":\"https:\\\/\\\/aconteceunovale.com.br\\\/portal\\\/?p=94204#primaryimage\"},\"thumbnailUrl\":\"https:\\\/\\\/aconteceunovale.com.br\\\/portal\\\/wp-content\\\/uploads\\\/2016\\\/08\\\/incendio_portugal.jpg\",\"keywords\":[\"ANPC\",\"Ant\u00f3nio Costa\",\"Autoridade Nacional de Prote\u00e7\u00e3o Civil\",\"Aveiro\",\"Braga\",\"calor\",\"Calor Portugal\",\"continente\",\"Focos de inc\u00eandio Portugal\",\"fortes ventos\",\"Fortes ventos Portugal\",\"Funchal\",\"Guarda\",\"Ilha da Madeira\",\"Ilha da Madeira registra inc\u00eandios\",\"inc\u00eandios\",\"Inc\u00eandios devastam Portugal\",\"Inc\u00eandios Portugal\",\"Marcelo Rebelo de Sousa\",\"Porto\",\"Portugal\",\"Portugal em chamas\",\"Viana do Castelo\"],\"articleSection\":[\"Mundo\"],\"inLanguage\":\"pt-BR\",\"potentialAction\":[{\"@type\":\"CommentAction\",\"name\":\"Comment\",\"target\":[\"https:\\\/\\\/aconteceunovale.com.br\\\/portal\\\/?p=94204#respond\"]}]},{\"@type\":\"WebPage\",\"@id\":\"https:\\\/\\\/aconteceunovale.com.br\\\/portal\\\/?p=94204\",\"url\":\"https:\\\/\\\/aconteceunovale.com.br\\\/portal\\\/?p=94204\",\"name\":\"Inc\u00eandios devastam Portugal - Aconteceu no Vale\",\"isPartOf\":{\"@id\":\"https:\\\/\\\/aconteceunovale.com.br\\\/portal\\\/#website\"},\"primaryImageOfPage\":{\"@id\":\"https:\\\/\\\/aconteceunovale.com.br\\\/portal\\\/?p=94204#primaryimage\"},\"image\":{\"@id\":\"https:\\\/\\\/aconteceunovale.com.br\\\/portal\\\/?p=94204#primaryimage\"},\"thumbnailUrl\":\"https:\\\/\\\/aconteceunovale.com.br\\\/portal\\\/wp-content\\\/uploads\\\/2016\\\/08\\\/incendio_portugal.jpg\",\"datePublished\":\"2016-08-10T17:34:41+00:00\",\"dateModified\":\"2016-08-10T17:37:13+00:00\",\"author\":{\"@id\":\"https:\\\/\\\/aconteceunovale.com.br\\\/portal\\\/#\\\/schema\\\/person\\\/633529146f2c94272bef50ac2953d589\"},\"breadcrumb\":{\"@id\":\"https:\\\/\\\/aconteceunovale.com.br\\\/portal\\\/?p=94204#breadcrumb\"},\"inLanguage\":\"pt-BR\",\"potentialAction\":[{\"@type\":\"ReadAction\",\"target\":[\"https:\\\/\\\/aconteceunovale.com.br\\\/portal\\\/?p=94204\"]}]},{\"@type\":\"ImageObject\",\"inLanguage\":\"pt-BR\",\"@id\":\"https:\\\/\\\/aconteceunovale.com.br\\\/portal\\\/?p=94204#primaryimage\",\"url\":\"https:\\\/\\\/aconteceunovale.com.br\\\/portal\\\/wp-content\\\/uploads\\\/2016\\\/08\\\/incendio_portugal.jpg\",\"contentUrl\":\"https:\\\/\\\/aconteceunovale.com.br\\\/portal\\\/wp-content\\\/uploads\\\/2016\\\/08\\\/incendio_portugal.jpg\",\"width\":580,\"height\":388},{\"@type\":\"BreadcrumbList\",\"@id\":\"https:\\\/\\\/aconteceunovale.com.br\\\/portal\\\/?p=94204#breadcrumb\",\"itemListElement\":[{\"@type\":\"ListItem\",\"position\":1,\"name\":\"In\u00edcio\",\"item\":\"https:\\\/\\\/aconteceunovale.com.br\\\/portal\\\/\"},{\"@type\":\"ListItem\",\"position\":2,\"name\":\"Inc\u00eandios devastam Portugal\"}]},{\"@type\":\"WebSite\",\"@id\":\"https:\\\/\\\/aconteceunovale.com.br\\\/portal\\\/#website\",\"url\":\"https:\\\/\\\/aconteceunovale.com.br\\\/portal\\\/\",\"name\":\"Aconteceu no Vale\",\"description\":\"Portal de Not\u00edcias\",\"potentialAction\":[{\"@type\":\"SearchAction\",\"target\":{\"@type\":\"EntryPoint\",\"urlTemplate\":\"https:\\\/\\\/aconteceunovale.com.br\\\/portal\\\/?s={search_term_string}\"},\"query-input\":{\"@type\":\"PropertyValueSpecification\",\"valueRequired\":true,\"valueName\":\"search_term_string\"}}],\"inLanguage\":\"pt-BR\"},{\"@type\":\"Person\",\"@id\":\"https:\\\/\\\/aconteceunovale.com.br\\\/portal\\\/#\\\/schema\\\/person\\\/633529146f2c94272bef50ac2953d589\",\"name\":\"Aconteceu no Vale\",\"description\":\"Equipe de reportagem do Aconteceu no Vale, portal de not\u00edcias do Vale do Jequitinhonha, em Minas Gerais. Cobrimos as 51 cidades do Vale desde 2013. Sugest\u00f5es de pauta e pedidos de corre\u00e7\u00e3o: contato@aconteceunovale.com.br\",\"sameAs\":[\"http:\\\/\\\/www.aconteceunovale.com.br\"],\"url\":\"https:\\\/\\\/aconteceunovale.com.br\\\/portal\\\/?author=1\"}]}<\/script>\n<!-- \/ Yoast SEO plugin. -->","yoast_head_json":{"title":"Inc\u00eandios devastam Portugal - Aconteceu no Vale","robots":{"index":"index","follow":"follow","max-snippet":"max-snippet:-1","max-image-preview":"max-image-preview:large","max-video-preview":"max-video-preview:-1"},"canonical":"https:\/\/aconteceunovale.com.br\/portal\/?p=94204","og_locale":"pt_BR","og_type":"article","og_title":"Inc\u00eandios devastam Portugal - Aconteceu no Vale","og_description":"O calor e os fortes ventos registrados nos \u00faltimos dias t\u00eam contribu\u00eddo para o alastramento dos focos de inc\u00eandio n\u00e3o apenas no continente, mas tamb\u00e9m, de maneira devastadora, no Funchal, capital do arquip\u00e9lago da Madeira. De acordo com a Autoridade Nacional de Prote\u00e7\u00e3o Civil (ANPC), 13 graves ocorr\u00eancias foram registradas at\u00e9 as 12h (hor\u00e1rio local) [&hellip;]","og_url":"https:\/\/aconteceunovale.com.br\/portal\/?p=94204","og_site_name":"Aconteceu no Vale","article_publisher":"https:\/\/www.facebook.com\/aconteceunovale\/","article_published_time":"2016-08-10T17:34:41+00:00","article_modified_time":"2016-08-10T17:37:13+00:00","og_image":[{"width":580,"height":388,"url":"https:\/\/aconteceunovale.com.br\/portal\/wp-content\/uploads\/2016\/08\/incendio_portugal.jpg","type":"image\/jpeg"}],"author":"Aconteceu no Vale","twitter_card":"summary_large_image","twitter_creator":"@noticiadosvales","twitter_site":"@noticiadosvales","twitter_misc":{"Escrito por":"Aconteceu no Vale","Est. tempo de leitura":"3 minutos"},"schema":{"@context":"https:\/\/schema.org","@graph":[{"@type":"Article","@id":"https:\/\/aconteceunovale.com.br\/portal\/?p=94204#article","isPartOf":{"@id":"https:\/\/aconteceunovale.com.br\/portal\/?p=94204"},"author":{"name":"Aconteceu no Vale","@id":"https:\/\/aconteceunovale.com.br\/portal\/#\/schema\/person\/633529146f2c94272bef50ac2953d589"},"headline":"Inc\u00eandios devastam Portugal","datePublished":"2016-08-10T17:34:41+00:00","dateModified":"2016-08-10T17:37:13+00:00","mainEntityOfPage":{"@id":"https:\/\/aconteceunovale.com.br\/portal\/?p=94204"},"wordCount":549,"commentCount":0,"image":{"@id":"https:\/\/aconteceunovale.com.br\/portal\/?p=94204#primaryimage"},"thumbnailUrl":"https:\/\/aconteceunovale.com.br\/portal\/wp-content\/uploads\/2016\/08\/incendio_portugal.jpg","keywords":["ANPC","Ant\u00f3nio Costa","Autoridade Nacional de Prote\u00e7\u00e3o Civil","Aveiro","Braga","calor","Calor Portugal","continente","Focos de inc\u00eandio Portugal","fortes ventos","Fortes ventos Portugal","Funchal","Guarda","Ilha da Madeira","Ilha da Madeira registra inc\u00eandios","inc\u00eandios","Inc\u00eandios devastam Portugal","Inc\u00eandios Portugal","Marcelo Rebelo de Sousa","Porto","Portugal","Portugal em chamas","Viana do Castelo"],"articleSection":["Mundo"],"inLanguage":"pt-BR","potentialAction":[{"@type":"CommentAction","name":"Comment","target":["https:\/\/aconteceunovale.com.br\/portal\/?p=94204#respond"]}]},{"@type":"WebPage","@id":"https:\/\/aconteceunovale.com.br\/portal\/?p=94204","url":"https:\/\/aconteceunovale.com.br\/portal\/?p=94204","name":"Inc\u00eandios devastam Portugal - Aconteceu no Vale","isPartOf":{"@id":"https:\/\/aconteceunovale.com.br\/portal\/#website"},"primaryImageOfPage":{"@id":"https:\/\/aconteceunovale.com.br\/portal\/?p=94204#primaryimage"},"image":{"@id":"https:\/\/aconteceunovale.com.br\/portal\/?p=94204#primaryimage"},"thumbnailUrl":"https:\/\/aconteceunovale.com.br\/portal\/wp-content\/uploads\/2016\/08\/incendio_portugal.jpg","datePublished":"2016-08-10T17:34:41+00:00","dateModified":"2016-08-10T17:37:13+00:00","author":{"@id":"https:\/\/aconteceunovale.com.br\/portal\/#\/schema\/person\/633529146f2c94272bef50ac2953d589"},"breadcrumb":{"@id":"https:\/\/aconteceunovale.com.br\/portal\/?p=94204#breadcrumb"},"inLanguage":"pt-BR","potentialAction":[{"@type":"ReadAction","target":["https:\/\/aconteceunovale.com.br\/portal\/?p=94204"]}]},{"@type":"ImageObject","inLanguage":"pt-BR","@id":"https:\/\/aconteceunovale.com.br\/portal\/?p=94204#primaryimage","url":"https:\/\/aconteceunovale.com.br\/portal\/wp-content\/uploads\/2016\/08\/incendio_portugal.jpg","contentUrl":"https:\/\/aconteceunovale.com.br\/portal\/wp-content\/uploads\/2016\/08\/incendio_portugal.jpg","width":580,"height":388},{"@type":"BreadcrumbList","@id":"https:\/\/aconteceunovale.com.br\/portal\/?p=94204#breadcrumb","itemListElement":[{"@type":"ListItem","position":1,"name":"In\u00edcio","item":"https:\/\/aconteceunovale.com.br\/portal\/"},{"@type":"ListItem","position":2,"name":"Inc\u00eandios devastam Portugal"}]},{"@type":"WebSite","@id":"https:\/\/aconteceunovale.com.br\/portal\/#website","url":"https:\/\/aconteceunovale.com.br\/portal\/","name":"Aconteceu no Vale","description":"Portal de Not\u00edcias","potentialAction":[{"@type":"SearchAction","target":{"@type":"EntryPoint","urlTemplate":"https:\/\/aconteceunovale.com.br\/portal\/?s={search_term_string}"},"query-input":{"@type":"PropertyValueSpecification","valueRequired":true,"valueName":"search_term_string"}}],"inLanguage":"pt-BR"},{"@type":"Person","@id":"https:\/\/aconteceunovale.com.br\/portal\/#\/schema\/person\/633529146f2c94272bef50ac2953d589","name":"Aconteceu no Vale","description":"Equipe de reportagem do Aconteceu no Vale, portal de not\u00edcias do Vale do Jequitinhonha, em Minas Gerais. Cobrimos as 51 cidades do Vale desde 2013. Sugest\u00f5es de pauta e pedidos de corre\u00e7\u00e3o: contato@aconteceunovale.com.br","sameAs":["http:\/\/www.aconteceunovale.com.br"],"url":"https:\/\/aconteceunovale.com.br\/portal\/?author=1"}]}},"_links":{"self":[{"href":"https:\/\/aconteceunovale.com.br\/portal\/index.php?rest_route=\/wp\/v2\/posts\/94204","targetHints":{"allow":["GET"]}}],"collection":[{"href":"https:\/\/aconteceunovale.com.br\/portal\/index.php?rest_route=\/wp\/v2\/posts"}],"about":[{"href":"https:\/\/aconteceunovale.com.br\/portal\/index.php?rest_route=\/wp\/v2\/types\/post"}],"author":[{"embeddable":true,"href":"https:\/\/aconteceunovale.com.br\/portal\/index.php?rest_route=\/wp\/v2\/users\/1"}],"replies":[{"embeddable":true,"href":"https:\/\/aconteceunovale.com.br\/portal\/index.php?rest_route=%2Fwp%2Fv2%2Fcomments&post=94204"}],"version-history":[{"count":0,"href":"https:\/\/aconteceunovale.com.br\/portal\/index.php?rest_route=\/wp\/v2\/posts\/94204\/revisions"}],"wp:featuredmedia":[{"embeddable":true,"href":"https:\/\/aconteceunovale.com.br\/portal\/index.php?rest_route=\/wp\/v2\/media\/94205"}],"wp:attachment":[{"href":"https:\/\/aconteceunovale.com.br\/portal\/index.php?rest_route=%2Fwp%2Fv2%2Fmedia&parent=94204"}],"wp:term":[{"taxonomy":"category","embeddable":true,"href":"https:\/\/aconteceunovale.com.br\/portal\/index.php?rest_route=%2Fwp%2Fv2%2Fcategories&post=94204"},{"taxonomy":"post_tag","embeddable":true,"href":"https:\/\/aconteceunovale.com.br\/portal\/index.php?rest_route=%2Fwp%2Fv2%2Ftags&post=94204"}],"curies":[{"name":"wp","href":"https:\/\/api.w.org\/{rel}","templated":true}]}}