{"id":94126,"date":"2016-08-09T19:28:13","date_gmt":"2016-08-09T22:28:13","guid":{"rendered":"http:\/\/aconteceunovale.com.br\/portal\/?p=94126"},"modified":"2016-08-09T19:28:13","modified_gmt":"2016-08-09T22:28:13","slug":"suspeito-de-varios-crimes-e-preso-em-brasilia-de-minas","status":"publish","type":"post","link":"https:\/\/aconteceunovale.com.br\/portal\/?p=94126","title":{"rendered":"Suspeito de v\u00e1rios crimes \u00e9 preso em Bras\u00edlia de Minas"},"content":{"rendered":"<p>Um jovem de 18 anos foi preso na tarde desta ter\u00e7a-feira (09\/08), na comunidade de Garguelo, zona rural de Bras\u00edlia de Minas, na regi\u00e3o Norte do Estado. Ele \u00e9 acusado de ser autor de v\u00e1rios crimes ocorridos na regi\u00e3o nos \u00faltimos dias, incluindo um estupro, no \u00faltimo domingo (07\/08), segundo a Pol\u00edcia Militar.<\/p>\n<p>Uma moto, que teria sido roubada na comunidade de Santa Teresa, e a quantia de R$ 2 mil em dinheiro, foram recuperadas pela PM. A pol\u00edcia chegou at\u00e9 o rapaz atrav\u00e9s de dilig\u00eancias de militares \u00e0 paisana e policiais civis, que depararam com o jovem realizando novo crime em Garguelo. Com ele os policiais encontraram tamb\u00e9m uma arma de fogo.<\/p>\n<p><img decoding=\"async\" src=\"http:\/\/aconteceunovale.com.br\/portal\/wp-content\/uploads\/2016\/08\/preso_brasilia_mg_1.jpg\" alt=\"\" \/><em>Suspeito foi preso na comunidade de Garguelo (Foto: Pol\u00edcia Militar\/Divulga\u00e7\u00e3o)<\/em><br \/>\n<\/br><\/p>\n<p><img decoding=\"async\" src=\"http:\/\/aconteceunovale.com.br\/portal\/wp-content\/uploads\/2016\/08\/preso_brasilia_mg_2.jpg\" alt=\"\" \/><em>Suspeito foi preso na comunidade de Garguelo (Foto: Pol\u00edcia Militar\/Divulga\u00e7\u00e3o)<\/em><br \/>\n<\/br><\/p>\n<p>(G1 Grande Minas)<\/p>\n","protected":false},"excerpt":{"rendered":"<p>Um jovem de 18 anos foi preso na tarde desta ter\u00e7a-feira (09\/08), na comunidade de Garguelo, zona rural de Bras\u00edlia de Minas, na regi\u00e3o Norte do Estado. Ele \u00e9 acusado de ser autor de v\u00e1rios crimes ocorridos na regi\u00e3o nos \u00faltimos dias, incluindo um estupro, no \u00faltimo domingo (07\/08), segundo a Pol\u00edcia Militar. Uma moto, [&hellip;]<\/p>\n","protected":false},"author":1,"featured_media":94127,"comment_status":"open","ping_status":"closed","sticky":false,"template":"","format":"standard","meta":{"amp_status":"","footnotes":""},"categories":[1236],"tags":[195,109559,47695,109558],"class_list":["post-94126","post","type-post","status-publish","format-standard","has-post-thumbnail","hentry","category-norte_de_minas","tag-brasilia-de-minas","tag-crimes-brasilia-de-minas","tag-preso-em-brasilia-de-minas","tag-suspeito-de-varios-crimes-e-preso-em-brasilia-de-minas"],"_links":{"self":[{"href":"https:\/\/aconteceunovale.com.br\/portal\/index.php?rest_route=\/wp\/v2\/posts\/94126","targetHints":{"allow":["GET"]}}],"collection":[{"href":"https:\/\/aconteceunovale.com.br\/portal\/index.php?rest_route=\/wp\/v2\/posts"}],"about":[{"href":"https:\/\/aconteceunovale.com.br\/portal\/index.php?rest_route=\/wp\/v2\/types\/post"}],"author":[{"embeddable":true,"href":"https:\/\/aconteceunovale.com.br\/portal\/index.php?rest_route=\/wp\/v2\/users\/1"}],"replies":[{"embeddable":true,"href":"https:\/\/aconteceunovale.com.br\/portal\/index.php?rest_route=%2Fwp%2Fv2%2Fcomments&post=94126"}],"version-history":[{"count":0,"href":"https:\/\/aconteceunovale.com.br\/portal\/index.php?rest_route=\/wp\/v2\/posts\/94126\/revisions"}],"wp:featuredmedia":[{"embeddable":true,"href":"https:\/\/aconteceunovale.com.br\/portal\/index.php?rest_route=\/wp\/v2\/media\/94127"}],"wp:attachment":[{"href":"https:\/\/aconteceunovale.com.br\/portal\/index.php?rest_route=%2Fwp%2Fv2%2Fmedia&parent=94126"}],"wp:term":[{"taxonomy":"category","embeddable":true,"href":"https:\/\/aconteceunovale.com.br\/portal\/index.php?rest_route=%2Fwp%2Fv2%2Fcategories&post=94126"},{"taxonomy":"post_tag","embeddable":true,"href":"https:\/\/aconteceunovale.com.br\/portal\/index.php?rest_route=%2Fwp%2Fv2%2Ftags&post=94126"}],"curies":[{"name":"wp","href":"https:\/\/api.w.org\/{rel}","templated":true}]}}