{"id":94120,"date":"2016-08-09T18:44:31","date_gmt":"2016-08-09T21:44:31","guid":{"rendered":"http:\/\/aconteceunovale.com.br\/portal\/?p=94120"},"modified":"2016-08-09T18:44:31","modified_gmt":"2016-08-09T21:44:31","slug":"militar-aposentado-e-morto-por-policial-civil-em-montes-claros","status":"publish","type":"post","link":"https:\/\/aconteceunovale.com.br\/portal\/?p=94120","title":{"rendered":"Militar aposentado \u00e9 morto por policial civil em Montes Claros"},"content":{"rendered":"<p>Um policial militar morreu ap\u00f3s ser baleado por um policial civil na madrugada dessa ter\u00e7a-feira (09\/08) no Residencial Monte Si\u00e3o, em Montes Claros, na Regi\u00e3o Norte de Minas Gerais. O sargento Ilden\u00edsio Meireles tinha 49 anos e havia se aposentado h\u00e1 tr\u00eas, ele fazia parte da banda de m\u00fasica da PM. <\/p>\n<p>\u201cO chamado inicial foi para um homic\u00eddio tentado, assim que a viatura chegou no local tivemos informa\u00e7\u00f5es de que a v\u00edtima se tratava de um militar da reserva\u201d fala o tenente M\u00e1rcio Henrique Borges Silva.<\/p>\n<p>Ilden\u00edsio Meireles chegou na Rua 9 de carro e estacionou em frente a uma casa, uma mulher que estava com ele, j\u00e1 havia entrado no im\u00f3vel. \u201cAo descer do carro e adentrar na casa ela ouviu quando um ve\u00edculo se aproximou e foram feitos dois disparos. A testemunha disse que n\u00e3o ouviu nenhum tipo de discuss\u00e3o e animosidade\u201d, diz o tenente.<\/p>\n<p>A vers\u00e3o do policial civil, que trabalha na Comarca de Janu\u00e1ria e mora em Montes Claros, \u00e9 de que ele estava no local investigando um furto com mais tr\u00eas pessoas, que n\u00e3o s\u00e3o da PC. Ele afirma que atirou depois de que Ilden\u00edsio sacou uma arma no momento em que tentou abord\u00e1-lo.<\/p>\n<p>O tenente M\u00e1rcio Henrique explica que o militar foi atingido por dois disparos e foi socorrido para um hospital pelo policial civil. Em seguida, ele se entregou na delegacia de plant\u00e3o levando as armas dele e de Ilden\u00edsio.<\/p>\n<p>O irm\u00e3o do policial militar, que tamb\u00e9m \u00e9 da PM, esteve na delegacia de plant\u00e3o. \u201cAinda n\u00e3o tenho informa\u00e7\u00f5es, mas pelo que sei foi um desacerto de comunica\u00e7\u00e3o\u201d, afirma Ilde\u00edlson Meireles.<\/p>\n<p><strong>Ouvido e liberado<\/strong><\/p>\n<p>O autor do assassinato foi ouvido e liberado. Segundo informa\u00e7\u00f5es da Pol\u00edcia Civil, n\u00e3o houve necessidade de flagrante, j\u00e1 que o policial civil prestou socorro e se apresentou de forma espont\u00e2nea. Ele prestou depoimento, e, segundo a PC, o caso est\u00e1 sendo acompanhado pela Corregedoria da institui\u00e7\u00e3o e ser\u00e1 aberto um inqu\u00e9rito.<\/p>\n<p>O corpo de Ild\u00e9sio Meireles est\u00e1 sendo velado na tarde desta ter\u00e7a, e o enterro est\u00e1 previsto para as 10h desta quarta-feira (10).<\/p>\n<p><img decoding=\"async\" src=\"http:\/\/aconteceunovale.com.br\/portal\/wp-content\/uploads\/2016\/08\/pm_morto_moc.jpeg\" alt=\"\" \/><em>Policial civil se apresentou na delegacia ap\u00f3s socorrer a v\u00edtima (Foto: Michelly Oda\/G1)<\/em><br \/>\n<\/br><\/p>\n<p><em>(Fonte: G1 Grande Minas \/ Rep\u00f3rter: Michelly Oda)<\/em><\/p>\n","protected":false},"excerpt":{"rendered":"<p>Um policial militar morreu ap\u00f3s ser baleado por um policial civil na madrugada dessa ter\u00e7a-feira (09\/08) no Residencial Monte Si\u00e3o, em Montes Claros, na Regi\u00e3o Norte de Minas Gerais. O sargento Ilden\u00edsio Meireles tinha 49 anos e havia se aposentado h\u00e1 tr\u00eas, ele fazia parte da banda de m\u00fasica da PM. \u201cO chamado inicial foi [&hellip;]<\/p>\n","protected":false},"author":1,"featured_media":94121,"comment_status":"open","ping_status":"closed","sticky":false,"template":"","format":"standard","meta":{"amp_status":"","footnotes":""},"categories":[1236],"tags":[109551,109543,109541,109544,205,109542,109552,210,109547,109546,109550,109549,109548,109545],"class_list":["post-94120","post","type-post","status-publish","format-standard","has-post-thumbnail","hentry","category-norte_de_minas","tag-assassinato-de-pm-em-montes-claros","tag-comarca-de-januaria","tag-ildenisio-meireles","tag-ildenisio-meirelles-barbosa","tag-januaria","tag-marcio-henrique-borges-silva","tag-militar-aposentado-e-morto-por-policial-civil-em-montes-claros","tag-montes-claros","tag-morte-de-pm-montes-claros","tag-morte-de-policial-militar-em-montes-claros","tag-pm-assassinado-em-montes-claros","tag-pm-morto-em-montes-claros","tag-pm-morto-por-policial-civil-em-montes-claros","tag-policial-civil-que-matou-policial-militar-em-montes-claros"],"_links":{"self":[{"href":"https:\/\/aconteceunovale.com.br\/portal\/index.php?rest_route=\/wp\/v2\/posts\/94120","targetHints":{"allow":["GET"]}}],"collection":[{"href":"https:\/\/aconteceunovale.com.br\/portal\/index.php?rest_route=\/wp\/v2\/posts"}],"about":[{"href":"https:\/\/aconteceunovale.com.br\/portal\/index.php?rest_route=\/wp\/v2\/types\/post"}],"author":[{"embeddable":true,"href":"https:\/\/aconteceunovale.com.br\/portal\/index.php?rest_route=\/wp\/v2\/users\/1"}],"replies":[{"embeddable":true,"href":"https:\/\/aconteceunovale.com.br\/portal\/index.php?rest_route=%2Fwp%2Fv2%2Fcomments&post=94120"}],"version-history":[{"count":0,"href":"https:\/\/aconteceunovale.com.br\/portal\/index.php?rest_route=\/wp\/v2\/posts\/94120\/revisions"}],"wp:featuredmedia":[{"embeddable":true,"href":"https:\/\/aconteceunovale.com.br\/portal\/index.php?rest_route=\/wp\/v2\/media\/94121"}],"wp:attachment":[{"href":"https:\/\/aconteceunovale.com.br\/portal\/index.php?rest_route=%2Fwp%2Fv2%2Fmedia&parent=94120"}],"wp:term":[{"taxonomy":"category","embeddable":true,"href":"https:\/\/aconteceunovale.com.br\/portal\/index.php?rest_route=%2Fwp%2Fv2%2Fcategories&post=94120"},{"taxonomy":"post_tag","embeddable":true,"href":"https:\/\/aconteceunovale.com.br\/portal\/index.php?rest_route=%2Fwp%2Fv2%2Ftags&post=94120"}],"curies":[{"name":"wp","href":"https:\/\/api.w.org\/{rel}","templated":true}]}}