{"id":94094,"date":"2016-08-09T12:43:18","date_gmt":"2016-08-09T15:43:18","guid":{"rendered":"http:\/\/aconteceunovale.com.br\/portal\/?p=94094"},"modified":"2016-08-09T12:43:18","modified_gmt":"2016-08-09T15:43:18","slug":"governo-lanca-plano-para-revitalizacao-da-bacia-do-rio-sao-francisco","status":"publish","type":"post","link":"https:\/\/aconteceunovale.com.br\/portal\/?p=94094","title":{"rendered":"Governo lan\u00e7a plano para revitaliza\u00e7\u00e3o da bacia do Rio S\u00e3o Francisco"},"content":{"rendered":"<p>O governo federal lan\u00e7ou hoje (09\/08), no \u00e2mbito do Comit\u00ea Gestor do Programa de Revitaliza\u00e7\u00e3o da Bacia Hidrogr\u00e1fica do Rio S\u00e3o Francisco, o Plano Novo Chico, que tem como objetivos facilitar a\u00e7\u00f5es do Poder P\u00fablico nas \u00e1reas de meio ambiente, saneamento e de infraestrutura.<\/p>\n<p>A inten\u00e7\u00e3o do governo \u00e9 promover o uso sustent\u00e1vel de recursos naturais, melhorar as condi\u00e7\u00f5es ambientais e a disponibilidade de \u00e1gua em quantidade e qualidade para os mais diversos usos.<\/p>\n<p>O plano pretender dar condi\u00e7\u00f5es para que as a\u00e7\u00f5es de zoneamento ecol\u00f3gico e econ\u00f4mico da regi\u00e3o avancem e que as unidades de conserva\u00e7\u00e3o sejam consolidadas.<\/p>\n<p><img decoding=\"async\" src=\"http:\/\/aconteceunovale.com.br\/portal\/wp-content\/uploads\/2016\/08\/rio_sao_francisco.jpg\" alt=\"\" \/><em>Bacia do S\u00e3o Francisco ser\u00e1 revitalizada (Divulga\u00e7\u00e3o\/Minist\u00e9rio da Integra\u00e7\u00e3o Nacional)<\/em><br \/>\n<\/br><\/p>\n<p><strong>Ministro<\/strong><\/p>\n<p>Al\u00e9m disso, quer criar novas \u00e1reas de prote\u00e7\u00e3o, fortalecer as a\u00e7\u00f5es de fiscaliza\u00e7\u00e3o ambiental e de apoio \u00e0 gest\u00e3o de res\u00edduos s\u00f3lidos e ampliar o Bolsa Verde \u2013 programa de apoio \u00e0 conserva\u00e7\u00e3o ambiental lan\u00e7ado em 2011, que concede, a cada trimestre, benef\u00edcio de R$ 300 a fam\u00edlias em situa\u00e7\u00e3o de extrema pobreza que vivem em \u00e1reas consideradas priorit\u00e1rias para conserva\u00e7\u00e3o ambiental.<\/p>\n<p>O ministro da Integra\u00e7\u00e3o Nacional, H\u00e9lder Barbalho, destacou a import\u00e2ncia do programa para a regi\u00e3o. \u201cO Nordeste clama por \u00e1gua. Mas n\u00e3o basta apenas a quantidade de \u00e1gua. Faz-se necess\u00e1ria a qualidade dessa \u00e1gua\u201d, disse.<\/p>\n<p>\u201cO plano n\u00e3o \u00e9 uma iniciativa isolada, mas ter\u00e1 participa\u00e7\u00e3o de diversos \u00f3rg\u00e3os do governo. Ele converge todas as pautas que comp\u00f5es o processo de garantia de quantidade e qualidade de \u00e1gua\u201d, acrescentou.<\/p>\n<p><strong>Medidas<\/strong><\/p>\n<p>\u201cEstamos envolvendo setores p\u00fablico e privado, urbano e rural. Entre as a\u00e7\u00f5es, est\u00e3o as de prote\u00e7\u00e3o e controle das nascentes, saneamento b\u00e1sico, infraestrutura h\u00eddrica, irriga\u00e7\u00e3o, fiscaliza\u00e7\u00e3o e unidades de conserva\u00e7\u00e3o\u201d, informou Barbalho.<\/p>\n<p>Segundo ele, entre 2016 e 2019 o foco estar\u00e1 voltado para iniciativas visando \u00e0 conclus\u00e3o de obras de saneamento e de abastecimento, com o objetivo de garantir o fornecimento de \u00e1gua \u00e0 popula\u00e7\u00e3o.<\/p>\n<p>\u201cEstas s\u00e3o as de curto prazo. J\u00e1 as medidas a serem implementadas entre 2017 a 2026 ser\u00e3o detalhadas nos pr\u00f3ximos 90 dias, a partir das indica\u00e7\u00f5es dos ministros de seus representantes no grupo de discuss\u00f5es\u201d. Nesse per\u00edodo, ser\u00e3o ouvidas as sugest\u00f5es das organiza\u00e7\u00f5es que atuam nas centenas de munic\u00edpios localizados ao longo do rio.<\/p>\n<p>\u201cN\u00e3o basta garantir a transposi\u00e7\u00e3o. \u00c9 fundamental que o Rio S\u00e3o Francisco seja revitalizado\u201d, concluiu H\u00e9lder Barbalho. (Ag\u00eancia Brasil)<\/p>\n","protected":false},"excerpt":{"rendered":"<p>O governo federal lan\u00e7ou hoje (09\/08), no \u00e2mbito do Comit\u00ea Gestor do Programa de Revitaliza\u00e7\u00e3o da Bacia Hidrogr\u00e1fica do Rio S\u00e3o Francisco, o Plano Novo Chico, que tem como objetivos facilitar a\u00e7\u00f5es do Poder P\u00fablico nas \u00e1reas de meio ambiente, saneamento e de infraestrutura. A inten\u00e7\u00e3o do governo \u00e9 promover o uso sustent\u00e1vel de recursos [&hellip;]<\/p>\n","protected":false},"author":1,"featured_media":94095,"comment_status":"open","ping_status":"closed","sticky":false,"template":"","format":"standard","meta":{"amp_status":"","footnotes":""},"categories":[6,1236],"tags":[109468,109472,8419,109469,25698,109465,77904,109470,109466,71725,109471,109467,58317,6330,1522],"class_list":["post-94094","post","type-post","status-publish","format-standard","has-post-thumbnail","hentry","category-br","category-norte_de_minas","tag-bacia-do-rio-sao-francisco","tag-bacia-do-sao-francisco-sera-revitalizada","tag-bacia-hidrografica-do-rio-sao-francisco","tag-comite-gestor-do-programa-de-revitalizacao-da-bacia-hidrografica-do-rio-sao-francisco","tag-governo","tag-governo-lanca-plano-para-revitalizacao-da-bacia-do-rio-sao-francisco","tag-plano","tag-plano-novo-chico","tag-plano-para-revitalizacao-da-bacia-do-rio-sao-francisco","tag-programa-de-revitalizacao-da-bacia-hidrografica-do-rio-sao-francisco","tag-revitalizacao","tag-revitalizacao-da-bacia-do-rio-sao-francisco","tag-rio","tag-rio-sao-francisco","tag-sao-francisco"],"_links":{"self":[{"href":"https:\/\/aconteceunovale.com.br\/portal\/index.php?rest_route=\/wp\/v2\/posts\/94094","targetHints":{"allow":["GET"]}}],"collection":[{"href":"https:\/\/aconteceunovale.com.br\/portal\/index.php?rest_route=\/wp\/v2\/posts"}],"about":[{"href":"https:\/\/aconteceunovale.com.br\/portal\/index.php?rest_route=\/wp\/v2\/types\/post"}],"author":[{"embeddable":true,"href":"https:\/\/aconteceunovale.com.br\/portal\/index.php?rest_route=\/wp\/v2\/users\/1"}],"replies":[{"embeddable":true,"href":"https:\/\/aconteceunovale.com.br\/portal\/index.php?rest_route=%2Fwp%2Fv2%2Fcomments&post=94094"}],"version-history":[{"count":0,"href":"https:\/\/aconteceunovale.com.br\/portal\/index.php?rest_route=\/wp\/v2\/posts\/94094\/revisions"}],"wp:featuredmedia":[{"embeddable":true,"href":"https:\/\/aconteceunovale.com.br\/portal\/index.php?rest_route=\/wp\/v2\/media\/94095"}],"wp:attachment":[{"href":"https:\/\/aconteceunovale.com.br\/portal\/index.php?rest_route=%2Fwp%2Fv2%2Fmedia&parent=94094"}],"wp:term":[{"taxonomy":"category","embeddable":true,"href":"https:\/\/aconteceunovale.com.br\/portal\/index.php?rest_route=%2Fwp%2Fv2%2Fcategories&post=94094"},{"taxonomy":"post_tag","embeddable":true,"href":"https:\/\/aconteceunovale.com.br\/portal\/index.php?rest_route=%2Fwp%2Fv2%2Ftags&post=94094"}],"curies":[{"name":"wp","href":"https:\/\/api.w.org\/{rel}","templated":true}]}}