{"id":94091,"date":"2016-08-09T12:36:53","date_gmt":"2016-08-09T15:36:53","guid":{"rendered":"http:\/\/aconteceunovale.com.br\/portal\/?p=94091"},"modified":"2016-08-09T12:36:53","modified_gmt":"2016-08-09T15:36:53","slug":"judoca-rafaela-silva-vai-da-depressao-a-medalha-de-ouro-em-quatro-anos","status":"publish","type":"post","link":"https:\/\/aconteceunovale.com.br\/portal\/?p=94091","title":{"rendered":"Judoca Rafaela Silva vai da depress\u00e3o \u00e0 medalha de ouro em quatro anos"},"content":{"rendered":"<p>A medalha de ouro conquistada pela judoca Rafaela Silva nessa segunda-feira (08\/08) marcou o fim de um ciclo que come\u00e7ou no dia 30 de julho de 2012. Cotada como favorita nos Jogos de Londres, Rafaela foi eliminada nas oitavas de final naquele dia. Para piorar, teve de ouvir ofensas racistas de internautas descontentes com a derrota.<\/p>\n<p>Os dias seguintes foram os mais duros para Rafaela, nascida e criada na Cidade de Deus, comunidade carente da zona oeste do Rio de Janeiro.<\/p>\n<p>Ap\u00f3s ser chamada de \u201cmacaca\u201d e ler que \u201cera uma vergonha para a fam\u00edlia\u201d, havia tomado uma decis\u00e3o: parar de lutar. A escolha surpreendeu muitas pessoas. N\u00e3o a seu pai. Luiz Carlos da Silva sabia do que a filha precisava. \u201cEla estava chateada. N\u00e3o pela derrota, mas pelo que falaram. O pessoal [do Instituto Rea\u00e7\u00e3o] pedia para conversar com ela, mas eu n\u00e3o perturbava. Dei um tempo para ela\u201d.<\/p>\n<p>A mudan\u00e7a foi percebida por pessoas do Rea\u00e7\u00e3o. \u201cTeve um tempo em que ela n\u00e3o treinou. Ela frequentava a academia s\u00f3 para olhar, mas n\u00e3o treinava. Toda vez que Rafaela ia no treino, v\u00edamos que estava com cara de choro, que n\u00e3o queria treinar. Diz\u00edamos que em 2016 seria no Rio. Faz\u00edamos tudo para ela treinar\u201d, lembrou Bianca Gon\u00e7alves, judoca do Instituto e amiga de Rafaela.<\/p>\n<p><img decoding=\"async\" src=\"http:\/\/aconteceunovale.com.br\/portal\/wp-content\/uploads\/2016\/08\/rafaela_ouro.jpg\" alt=\"\" \/><em>A medalha de ouro de Rafaela Silva marcou o fim de um ciclo ap\u00f3s a elimina\u00e7\u00e3o e ofensas racistas nos Jogos de Londres (Foto: Reuters\/Kai Pfaffenbach\/Direitos Reservados\/Ag\u00eancia Brasil)<\/em><br \/>\n<\/br><\/p>\n<p><strong>Psic\u00f3loga<\/strong><\/p>\n<p>\u00c0 \u00e9poca, Rafaela marcou no corpo o que sentia. Foi depois dos Jogos de Londres que ela fez uma tatuagem com a frase \u201cs\u00f3 Deus sabe o que eu sofri e o que fiz para chegar at\u00e9 aqui\u201d. \u201cEles n\u00e3o sabem o que eu vivia a cada treino, a cada supera\u00e7\u00e3o, a cada les\u00e3o. O que eu tinha de fazer no meu dia a dia no tatame para ficar me criticando\u201d, lamentou Rafaela. Foi nesse per\u00edodo que ela entrou em depress\u00e3o.<\/p>\n<p>&#8220;Foi um momento bem dif\u00edcil. Andava na rua e pensava \u201cvou lutar a Olimp\u00edada\u201d. Mas ca\u00eda a ficha. Lembrava que tinha sido eliminada e ficava muito chateada. Assistia televis\u00e3o e come\u00e7ava a chorar.\u201d<\/p>\n<p>O jogo come\u00e7ou a virar quando surgiu a figura de Nell Salgado. Raquel, tamb\u00e9m judoca e irm\u00e3 mais velha de Rafaela, promoveu o encontro entre a judoca e a psic\u00f3loga. \u201cA Nell come\u00e7ou a fazer um trabalho volunt\u00e1rio para o Instituto Rea\u00e7\u00e3o e me perguntava se daqui a dois anos eu me via fora do jud\u00f4. A\u00ed eu dizia que o jud\u00f4 era minha vida e voltei a treinar\u201d, disse Rafaela. Desde ent\u00e3o, a psic\u00f3loga assumiu o posto de coach da judoca.<\/p>\n<p>Luiz Carlos lembrou da \u00e9poca em que a filha voltou a treinar. \u201cEla n\u00e3o falou nada. S\u00f3 um dia percebi que ela estava saindo com o quimono de casa\u201d. Ela havia voltado. Raquel, a irm\u00e3, tinha certeza de que o momento da volta chegaria. \u201cEla chegou a dizer que n\u00e3o voltaria, mas guerreira nunca desiste. Cai e sempre levanta\u201d.<\/p>\n<p>\u201cTodo mundo sabe que n\u00e3o gosto de treinar, mas esse foi um per\u00edodo em que me esforcei bastante. Treinava de dia, de tarde e de noite. No outro dia, estava toda do\u00edda, mas era o sacrif\u00edcio que eu fazia. Sa\u00eda chorando do treino, mas valeu a pena.\u201d<\/p>\n<p><strong>T\u00edtulos<\/strong><\/p>\n<p>A \u201cnova Rafaela\u201d come\u00e7ou a dar resultado r\u00e1pido. Em 2013, ela se tornou campe\u00e3 mundial de jud\u00f4. O t\u00edtulo trouxe de volta a confian\u00e7a perdida com a derrota em Londres e com as postagens ofensivas. Respeitada no circuito da arte marcial, s\u00f3 faltava uma conquista: a reden\u00e7\u00e3o ol\u00edmpica.<\/p>\n<p>Para os Jogos do Rio, desejava que nada fosse como em 2012. \u201cIsso ficou guardado em mim. S\u00f3 entrava na competi\u00e7\u00e3o pensando no que passei em Londres, que era uma sensa\u00e7\u00e3o que n\u00e3o queria passar novamente\u201d.<\/p>\n<p>Diferente da outra edi\u00e7\u00e3o, ela n\u00e3o chegou aos Jogos do Rio como favorita. Na prepara\u00e7\u00e3o, optou pela tranquilidade de Mangaratiba aos agitos da Vila Ol\u00edmpica. \u201cFiquei s\u00f3 dois dias na Vila Ol\u00edmpica. Era muita descontra\u00e7\u00e3o, muito \u00eddolo por l\u00e1. Preferi ter um foco e ficar treinando com a equipe de jud\u00f4.\u201d<\/p>\n<p>Apesar dos cuidados, ela admitiu que foi dif\u00edcil descansar. \u201cNo dia da competi\u00e7\u00e3o, n\u00e3o consegui dormir direito. Saltei da cama cedo, pelas seis horas.\u201d<\/p>\n<p><strong>Redes sociais<\/strong><\/p>\n<p>Fora do grupo de cabe\u00e7as de chave, ela foi ganhando confian\u00e7a vit\u00f3ria a vit\u00f3ria. \u201cQuando ganhei a segunda luta contra a coreana, vi que poderia chegar, porque era realmente uma das advers\u00e1rias mais dif\u00edceis. Quando ganhei da romena nas semifinais, vi que estava no p\u00f3dio e ningu\u00e9m poderia me tirar o t\u00edtulo, porque eu estava dentro de casa.\u201d A partir da\u00ed, foi ganhar o ouro e comemorar. Era a reden\u00e7\u00e3o de Rafaela.<\/p>\n<p>O primeiro efeito foi nas redes sociais. Os mesmos que criticavam em 2012 aplaudiram em 2016. \u201cGanhei quase 50 mil seguidores no Instagram. Tinha 10 mil e foi para 60 mil. Ganhava no m\u00e1ximo 300 curtidas. Agora tem 30 mil. A primeira foto que vou postar \u00e9 da minha medalha.\u201d O segundo foi o ass\u00e9dio da m\u00eddia. At\u00e9 o fim da primeira noite do t\u00edtulo, ela havia conversado mais com jornalistas do que com a fam\u00edlia.<\/p>\n<p>Para fechar com chave de ouro, faltava s\u00f3 a resposta ao an\u00f4nimo que, erroneamente, a julgou incapaz. Indagada sobre o que falaria \u00e0 pessoa que a ofendeu, ela deu um Ippon em termos de classe. \u201cN\u00e3o precisa de mensagem, a medalha j\u00e1 diz tudo. N\u00e3o \u00e9 a cor ou o dinheiro que faz voc\u00ea conquistar uma medalha. \u00c9 s\u00f3 a vontade, a garra e a determina\u00e7\u00e3o&#8221;, concluiu Rafaela.<\/p>\n<p><strong>Origem humilde<\/strong><\/p>\n<p>A hist\u00f3ria da judoca teve in\u00edcio na carente comunidade da Cidade de Deus. Come\u00e7ou a praticar jud\u00f4 aos 5 anos de idade, na associa\u00e7\u00e3o de moradores da regi\u00e3o. Aos 8 anos chegou ao Instituto Rea\u00e7\u00e3o, onde treina at\u00e9 hoje. A iniciativa \u00e9 um  projeto do medalhista ol\u00edmpico Flavio Canto. L\u00e1, a atleta conheceu Geraldo Bernardes, seu t\u00e9cnico e amigo. Com pouco tempo de treino, a menina come\u00e7ou a dar resultados.<\/p>\n<p>Aos 16 anos, foi campe\u00e3 mundial j\u00fanior, na Tail\u00e2ndia. Em 2009, ficou em quinto lugar no mundial de Roterd\u00e3, na Holanda. Dois anos depois, foi vice-campe\u00e3 do Pan-Americano de Guadalajara, no M\u00e9xico, e vice-campe\u00e3 mundial adulta em Paris. Em 2012, nos Jogos Ol\u00edmpicos de Londes, foi eliminada nas oitavas de final.<\/p>\n<p>No ano seguinte, derrotou por ippon (pontua\u00e7\u00e3o m\u00e1xima no jud\u00f4) a americana Marti Malloy. Se tornou, assim, a primeira brasileira campe\u00e3 mundial de jud\u00f4. A medalha ol\u00edmpica de ouro na Rio 2016 coroou os m\u00e9ritos da atleta de origem humilde. Rafaela Silva tem 24 anos e \u00e9 3\u00ba Sargento da Marinha do Brasil.<\/p>\n<p><em>(Fonte: Ag\u00eancia Brasil \/ P\u00e1gina oficial de Rafaela Silva)<\/em><\/p>\n","protected":false},"excerpt":{"rendered":"<p>A medalha de ouro conquistada pela judoca Rafaela Silva nessa segunda-feira (08\/08) marcou o fim de um ciclo que come\u00e7ou no dia 30 de julho de 2012. Cotada como favorita nos Jogos de Londres, Rafaela foi eliminada nas oitavas de final naquele dia. Para piorar, teve de ouvir ofensas racistas de internautas descontentes com a [&hellip;]<\/p>\n","protected":false},"author":1,"featured_media":94092,"comment_status":"open","ping_status":"closed","sticky":false,"template":"","format":"standard","meta":{"amp_status":"","footnotes":""},"categories":[6,59],"tags":[109401,109204,109463,109203,109196,109207,109460,109461,39001,92840,57922,109462,109210,109198,109464,109206,109197,109459,109205,109199,109200,109402,109195,109202,109201,109209,24117,109208],"class_list":["post-94091","post","type-post","status-publish","format-standard","has-post-thumbnail","hentry","category-br","category-sports","tag-a-macaca-que-tinha-que-estar-na-jaula-hoje-e-campea-olimpica","tag-corina-caprioriu","tag-depressao-titulos","tag-dorjsurengiin-sumiya","tag-final-feminina","tag-hedvig-karakas","tag-jogos-de-londres","tag-jogos-do-rio","tag-jogos-olimpicos-rio-2016","tag-jogos-rio-2016","tag-judo","tag-judoca","tag-judoca-brasileira-rafaela-silva","tag-judoca-rafaela-silva-da-primeira-medalha-de-ouro-ao-brasil-nos-jogos-rio-2016","tag-judoca-rafaela-silva-vai-da-depressao-a-medalha-de-ouro-em-quatro-anos","tag-kim-jandi","tag-medalha-de-ouro","tag-medalha-de-ouro-conquistada-pela-judoca-rafaela-silva","tag-myriam-roper","tag-primeira-medalha-de-ouro-ao-brasil-nos-jogos-rio-2016","tag-primeira-medalha-de-ouro-do-brasil-nos-jogos-olimpicos-rio-2016","tag-racismo-rafaela-silva","tag-rafaela-silva","tag-rafaela-silva-e-ouro-nos-jogos-olimpicos-rio-2016","tag-rafaela-silva-ganha-medalha-de-ouro-nos-jogos-olimpicos-rio-2016","tag-rafaela-silva-ouro-no-judo","tag-rio-2016","tag-telma-monteiro"],"_links":{"self":[{"href":"https:\/\/aconteceunovale.com.br\/portal\/index.php?rest_route=\/wp\/v2\/posts\/94091","targetHints":{"allow":["GET"]}}],"collection":[{"href":"https:\/\/aconteceunovale.com.br\/portal\/index.php?rest_route=\/wp\/v2\/posts"}],"about":[{"href":"https:\/\/aconteceunovale.com.br\/portal\/index.php?rest_route=\/wp\/v2\/types\/post"}],"author":[{"embeddable":true,"href":"https:\/\/aconteceunovale.com.br\/portal\/index.php?rest_route=\/wp\/v2\/users\/1"}],"replies":[{"embeddable":true,"href":"https:\/\/aconteceunovale.com.br\/portal\/index.php?rest_route=%2Fwp%2Fv2%2Fcomments&post=94091"}],"version-history":[{"count":0,"href":"https:\/\/aconteceunovale.com.br\/portal\/index.php?rest_route=\/wp\/v2\/posts\/94091\/revisions"}],"wp:featuredmedia":[{"embeddable":true,"href":"https:\/\/aconteceunovale.com.br\/portal\/index.php?rest_route=\/wp\/v2\/media\/94092"}],"wp:attachment":[{"href":"https:\/\/aconteceunovale.com.br\/portal\/index.php?rest_route=%2Fwp%2Fv2%2Fmedia&parent=94091"}],"wp:term":[{"taxonomy":"category","embeddable":true,"href":"https:\/\/aconteceunovale.com.br\/portal\/index.php?rest_route=%2Fwp%2Fv2%2Fcategories&post=94091"},{"taxonomy":"post_tag","embeddable":true,"href":"https:\/\/aconteceunovale.com.br\/portal\/index.php?rest_route=%2Fwp%2Fv2%2Ftags&post=94091"}],"curies":[{"name":"wp","href":"https:\/\/api.w.org\/{rel}","templated":true}]}}