{"id":94088,"date":"2016-08-09T12:28:00","date_gmt":"2016-08-09T15:28:00","guid":{"rendered":"http:\/\/aconteceunovale.com.br\/portal\/?p=94088"},"modified":"2016-08-09T12:28:00","modified_gmt":"2016-08-09T15:28:00","slug":"projeto-estadual-de-desenvolvimento-sustentavel-realiza-plantio-de-mais-de-6-milhoes-de-mudas","status":"publish","type":"post","link":"https:\/\/aconteceunovale.com.br\/portal\/?p=94088","title":{"rendered":"Projeto estadual de desenvolvimento sustent\u00e1vel realiza plantio de mais de 6 milh\u00f5es de mudas"},"content":{"rendered":"<p>O Projeto Plantando o Futuro, proposto pelo Governo do Estado de Minas Gerais e coordenado pela Companhia de Desenvolvimento Econ\u00f4mico de Minas Gerais (Codemig), j\u00e1 come\u00e7a a dar frutos. Em quatro meses de atua\u00e7\u00e3o, desde a publica\u00e7\u00e3o do Decreto 46.974, no dia 22 de mar\u00e7o de 2016, que instituiu oficialmente a iniciativa, conseguiu viabilizar, por meio de conv\u00eanios e licita\u00e7\u00f5es, a produ\u00e7\u00e3o e o plantio de 6,13 milh\u00f5es de mudas de \u00e1rvores. O montante representa a recupera\u00e7\u00e3o de, aproximadamente, quatro mil hectares, equivalente a 20% da meta estipulada.<\/p>\n<p>O projeto visa o plantio de 30 milh\u00f5es de \u00e1rvores, o que compreende a recupera\u00e7\u00e3o de 40 mil nascentes, 6.000 hectares da mata ciliar e 2.000 hectares de \u00e1reas degradadas, em todos os 17 Territ\u00f3rios de Desenvolvimento de Minas Gerais, at\u00e9 dezembro 2018.<\/p>\n<p>Em mar\u00e7o, o Plantando Futuro assinou conv\u00eanio com o Instituto Espinha\u00e7o para produ\u00e7\u00e3o de 3 milh\u00f5es de \u00e1rvores espec\u00edficas da Mata Atl\u00e2ntica e do Cerrado. A a\u00e7\u00e3o vai contemplar 53 munic\u00edpios da regi\u00e3o da Serra do Espinha\u00e7o e beneficiar mais de um milh\u00e3o de pessoas.<\/p>\n<p>Em abril, foi assinado, em Belo Horizonte, conv\u00eanio com o Centro Cultural Francisca Veras para viabilizar a produ\u00e7\u00e3o de 2,88 milh\u00f5es de mudas de \u00e1rvores nativas em parceria com 27 assentamentos para a reforma agr\u00e1ria. A coopera\u00e7\u00e3o entre a entidade e a Codemig vai at\u00e9 dezembro de 2018. A previs\u00e3o \u00e9 que as mudas recuperem uma \u00e1rea de, aproximadamente, 2,6 mil hectares.<\/p>\n<p>Al\u00e9m de a\u00e7\u00f5es concretas, a coordena\u00e7\u00e3o do projeto tamb\u00e9m tem atuado na divulga\u00e7\u00e3o do Plantando o Futuro em diversas regi\u00f5es do estado. Foi realizado em mar\u00e7o, em Belo Horizonte, um workshop com os 36 Comit\u00eas de Bacia Hidrogr\u00e1fica de Minas Gerais para apresentar e debater o projeto. A equipe do Plantando o Futuro j\u00e1 visitou 19 cidades mineiras para apresentar as diretrizes da proposta a prefeituras e institui\u00e7\u00f5es parceiras.<\/p>\n<p>Al\u00e9m de oferecer \u00e0 popula\u00e7\u00e3o a oportunidade envolvente de ser protagonista do desenvolvimento sustent\u00e1vel, o projeto vem incentivar o reflorestamento, contribuir para preservar a natureza e promover o bem-estar dos mineiros.<\/p>\n<p>Com isso, busca uma ampla mobiliza\u00e7\u00e3o social, conscientizando a popula\u00e7\u00e3o para que se aproprie da iniciativa e participe ativamente do plantio, da manuten\u00e7\u00e3o e da fiscaliza\u00e7\u00e3o. O projeto prioriza \u00e1reas degradadas, nascentes de rios e seus afluentes e matas ciliares, bem como a arboriza\u00e7\u00e3o urbana. (Ag\u00eancia Minas)<\/p>\n","protected":false},"excerpt":{"rendered":"<p>O Projeto Plantando o Futuro, proposto pelo Governo do Estado de Minas Gerais e coordenado pela Companhia de Desenvolvimento Econ\u00f4mico de Minas Gerais (Codemig), j\u00e1 come\u00e7a a dar frutos. Em quatro meses de atua\u00e7\u00e3o, desde a publica\u00e7\u00e3o do Decreto 46.974, no dia 22 de mar\u00e7o de 2016, que instituiu oficialmente a iniciativa, conseguiu viabilizar, por [&hellip;]<\/p>\n","protected":false},"author":1,"featured_media":94089,"comment_status":"open","ping_status":"closed","sticky":false,"template":"","format":"standard","meta":{"amp_status":"","footnotes":""},"categories":[123],"tags":[194,109455,28355,28354,109453,109454,109457,109456,84805,35806,109458],"class_list":["post-94088","post","type-post","status-publish","format-standard","has-post-thumbnail","hentry","category-gerais","tag-belo-horizonte","tag-centro-cultural-francisca-veras","tag-codemig","tag-companhia-de-desenvolvimento-economico-de-minas-gerais","tag-decreto-46-974","tag-instituto-espinhaco","tag-plantio-de-mudas-em-minas-gerais","tag-projeto-estadual-de-desenvolvimento-sustentavel-realiza-plantio-de-mais-de-6-milhoes-de-mudas","tag-projeto-plantando-o-futuro","tag-recuperacao-de-nascentes-em-minas-gerais","tag-reflorestamento-em-minas-gerais"],"_links":{"self":[{"href":"https:\/\/aconteceunovale.com.br\/portal\/index.php?rest_route=\/wp\/v2\/posts\/94088","targetHints":{"allow":["GET"]}}],"collection":[{"href":"https:\/\/aconteceunovale.com.br\/portal\/index.php?rest_route=\/wp\/v2\/posts"}],"about":[{"href":"https:\/\/aconteceunovale.com.br\/portal\/index.php?rest_route=\/wp\/v2\/types\/post"}],"author":[{"embeddable":true,"href":"https:\/\/aconteceunovale.com.br\/portal\/index.php?rest_route=\/wp\/v2\/users\/1"}],"replies":[{"embeddable":true,"href":"https:\/\/aconteceunovale.com.br\/portal\/index.php?rest_route=%2Fwp%2Fv2%2Fcomments&post=94088"}],"version-history":[{"count":0,"href":"https:\/\/aconteceunovale.com.br\/portal\/index.php?rest_route=\/wp\/v2\/posts\/94088\/revisions"}],"wp:featuredmedia":[{"embeddable":true,"href":"https:\/\/aconteceunovale.com.br\/portal\/index.php?rest_route=\/wp\/v2\/media\/94089"}],"wp:attachment":[{"href":"https:\/\/aconteceunovale.com.br\/portal\/index.php?rest_route=%2Fwp%2Fv2%2Fmedia&parent=94088"}],"wp:term":[{"taxonomy":"category","embeddable":true,"href":"https:\/\/aconteceunovale.com.br\/portal\/index.php?rest_route=%2Fwp%2Fv2%2Fcategories&post=94088"},{"taxonomy":"post_tag","embeddable":true,"href":"https:\/\/aconteceunovale.com.br\/portal\/index.php?rest_route=%2Fwp%2Fv2%2Ftags&post=94088"}],"curies":[{"name":"wp","href":"https:\/\/api.w.org\/{rel}","templated":true}]}}