{"id":94086,"date":"2016-08-09T12:22:17","date_gmt":"2016-08-09T15:22:17","guid":{"rendered":"http:\/\/aconteceunovale.com.br\/portal\/?p=94086"},"modified":"2016-08-09T12:22:17","modified_gmt":"2016-08-09T15:22:17","slug":"refrigerante-do-bem-e-desenvolvido-em-minas-gerais","status":"publish","type":"post","link":"https:\/\/aconteceunovale.com.br\/portal\/?p=94086","title":{"rendered":"\u2018Refrigerante do bem\u2019 \u00e9 desenvolvido em Minas Gerais"},"content":{"rendered":"<p>Um &#8216;refrigerante do bem&#8217; \u00e9 a grande novidade que poder\u00e1 beneficiar quem n\u00e3o abre m\u00e3o de se refrescar com este tipo de bebida, mas quer manter a sa\u00fade. A Empresa de Pesquisa e Agropecu\u00e1ria de Minas Gerais \/ Instituto de Latic\u00ednios C\u00e2ndido Tostes (EPAMIG\/ILCT) est\u00e1 desenvolvendo um produto l\u00e1cteo carbonatado acidificado, in\u00e9dito no mercado.<\/p>\n<p>A bebida \u00e9 fabricada \u00e0 base de soro de leite e leite, enriquecido com lute\u00edna, que confere mais valor nutricional em rela\u00e7\u00e3o a outros &#8211; e n\u00e3o existe nenhum produto similar nas lojas.<\/p>\n<p>\u201cAl\u00e9m de ser muito refrescante, se comparada \u00e0s bebidas tradicionais, apresenta maior valor nutricional por veicular n\u00e3o apenas &#8216;calorias vazias&#8217;, mas prote\u00ednas, vitaminas e minerais, al\u00e9m de ser uma alternativa para aproveitamento racional e sustent\u00e1vel do soro de leite, considerado um produto nutritivo, altamente aceit\u00e1vel e com custo reduzido\u201d, afirmou Junio de Paula, pesquisador e coordenador desta pesquisa na Epamig.<\/p>\n<p>De acordo com o pesquisador, o soro do leite \u00e9 muito rico nutricionalmente. O alimento possui cerca de 0,8 % de prote\u00ednas de alto valor biol\u00f3gico, em raz\u00e3o de sua composi\u00e7\u00e3o e tem alta concentra\u00e7\u00e3o de amino\u00e1cidos essenciais com biodisponibilidade (facilmente absorvido pelo trato intestinal).<\/p>\n<p>\u201cO soro constitui fonte de c\u00e1lcio, s\u00f3dio, magn\u00e9sio, pot\u00e1ssio e f\u00f3sforo, al\u00e9m de conter a maior parte das vitaminas hidrossol\u00faveis presentes no leite, sendo particularmente rico em vitaminas do complexo B\u201d, destaca.<\/p>\n<p>O prazo de validade estendido da bebida l\u00e1ctea \u00e9 outro diferencial. &#8220;O produto pode durar at\u00e9 90 dias sob temperatura ambiente ou refrigera\u00e7\u00e3o sem altera\u00e7\u00e3o das prote\u00ednas do leite&#8221;, completa.<\/p>\n<p>A bebida l\u00e1ctea acidificada desenvolvida na Epamig ILCT pode ser considerada um alimento funcional.<\/p>\n<p>Al\u00e9m de nutrir, traz benef\u00edcios \u00e0 sa\u00fade porque \u00e9 adicionada de lute\u00edna, um dos principais pigmentos maculares contidos na retina humana, sendo respons\u00e1vel por duas fun\u00e7\u00f5es fundamentais: proteger a m\u00e1cula contra o estresse oxidativo (fun\u00e7\u00e3o antioxidante) e filtrar a luz azul de alta energia, melhorando a acuidade visual.<\/p>\n<p>Por meio desses mecanismos, se acredita que a lute\u00edna possa contribuir para a diminui\u00e7\u00e3o do risco de ocorr\u00eancia de catarata e de degenera\u00e7\u00e3o macular (\u00e1rea da retina respons\u00e1vel pela vis\u00e3o de detalhes) relacionada \u00e0 idade.<\/p>\n<p>O produto \u00e9 resultado de projeto de pesquisa da Epamig ILCT, com apoio da Funda\u00e7\u00e3o de Amparo \u00e0 Pesquisa (Fapemig), e ainda est\u00e1 em fase de estudos e planejamento para avaliar a produ\u00e7\u00e3o em larga escala e sua coloca\u00e7\u00e3o no mercado por meio de parcerias com institui\u00e7\u00f5es de pesquisa e empresas.<\/p>\n<p><img decoding=\"async\" src=\"http:\/\/aconteceunovale.com.br\/portal\/wp-content\/uploads\/2016\/08\/refri_do_bem_1.jpg\" alt=\"\" \/><em>Bebida \u00e9 produzida com leite e soro de leite (Foto: Divulga\u00e7\u00e3o\/Simi)<\/em><br \/>\n<\/br><\/p>\n<p><strong>Sem problemas ambientais<\/strong><\/p>\n<p>Elaborada \u00e0 base de soro de leite proveniente da fabrica\u00e7\u00e3o de diversos tipos de queijos, o produto ajuda a eliminar um problema ambiental em rela\u00e7\u00e3o ao soro que, muitas vezes, \u00e9 dispensado na natureza sem qualquer tratamento ou utilizado para alimenta\u00e7\u00e3o animal.<\/p>\n<p>\u201cO processo de fabrica\u00e7\u00e3o da bebida tem custo reduzido e n\u00e3o demanda grandes investimentos, podendo ser facilmente produzida e comercializada pelas pequenas ind\u00fastrias de latic\u00ednios\u201d, observa Junio de Paula.<\/p>\n<p><strong>Mostra Inova Minas Fapemig<\/strong><\/p>\n<p>A pesquisa bebida l\u00e1ctea carbonatada acidificada adicionada de lute\u00edna est\u00e1 entre os projetos de destaque que participaram da Inova Minas, realizada no primeiro final de semana de agosto, no circuito Pra\u00e7a da Liberdade, em Belo Horizonte. <\/p>\n<p>Organizado pela Fapemig, o evento mostrou os avan\u00e7os cient\u00edficos que influenciam a vida dos cidad\u00e3os.<\/p>\n<p><strong>Feira Internacional de Neg\u00f3cios, Inova\u00e7\u00e3o e Tecnologia<\/strong><\/p>\n<p>O refrigerante do bem tamb\u00e9m ir\u00e1 integrar a Feira Internacional de Neg\u00f3cios, Inova\u00e7\u00e3o e Tecnologia (Finit), de 9 a 13 de novembro no Expominas, que e vai concentrar tr\u00eas eventos: a Campus Party, a 100 Open Startups e a DemoLatam.<\/p>\n<p>Todos as feiras acontecem simultaneamente e devem atrair investidores, estudantes, acad\u00eamicos e demais interessados no tema tecnologia e inova\u00e7\u00e3o.<\/p>\n<p><img decoding=\"async\" src=\"http:\/\/aconteceunovale.com.br\/portal\/wp-content\/uploads\/2016\/08\/refri_do_bem_2.jpg\" alt=\"\" \/><em>\u00c0 esquerda, o pesquisador Junio C\u00e9sar na Inova Minas (Foto: Ag\u00eancia Minas)<\/em><br \/>\n<\/br><\/p>\n<p>(Ag\u00eancia Minas)<\/p>\n","protected":false},"excerpt":{"rendered":"<p>Um &#8216;refrigerante do bem&#8217; \u00e9 a grande novidade que poder\u00e1 beneficiar quem n\u00e3o abre m\u00e3o de se refrescar com este tipo de bebida, mas quer manter a sa\u00fade. A Empresa de Pesquisa e Agropecu\u00e1ria de Minas Gerais \/ Instituto de Latic\u00ednios C\u00e2ndido Tostes (EPAMIG\/ILCT) est\u00e1 desenvolvendo um produto l\u00e1cteo carbonatado acidificado, in\u00e9dito no mercado. A [&hellip;]<\/p>\n","protected":false},"author":1,"featured_media":94082,"comment_status":"open","ping_status":"closed","sticky":false,"template":"","format":"standard","meta":{"amp_status":"","footnotes":""},"categories":[123],"tags":[109448,109450,1018,109443,25884,109446,109447,88451,88450,88463,109445,109449,109444,109437,109439,109440,109452,109451,109438,109442,109441],"class_list":["post-94086","post","type-post","status-publish","format-standard","has-post-thumbnail","hentry","category-gerais","tag-bebida-lactea-de-baixo-custo-que-utiliza-leite-e-soro-de-leite","tag-bebida-lactea-saudavel","tag-destaque","tag-empresa-de-pesquisa-e-agropecuaria-de-minas-gerais","tag-epamig","tag-epamig-ilct","tag-finit","tag-ilct","tag-instituto-de-laticinios-candido-tostes","tag-junio-de-paula","tag-pesquisador-e-coordenador-desta-pesquisa-na-epamig","tag-produto-a-base-de-soro-do-leite-tem-alto-valor-nutricional-e-ajuda-a-prevenir-doencas-como-catarata-e-degeneracao-macular","tag-produto-lacteo-carbonatado-acidificado","tag-refrigerante-do-bem","tag-refrigerante-do-bem-de-minas-gerais","tag-refrigerante-do-bem-desenvolvido-em-minas-gerais","tag-refrigerante-do-bem-e-desenvolvido-em-minas-gerais","tag-refrigerante-do-bem-e-desenvolvido-por-pesquisadores-de-minas-gerais","tag-refrigerante-saudavel","tag-refrigerante-saudavel-desenvolvido-em-minas-gerais","tag-refrigerante-saudavel-minas-gerais"],"_links":{"self":[{"href":"https:\/\/aconteceunovale.com.br\/portal\/index.php?rest_route=\/wp\/v2\/posts\/94086","targetHints":{"allow":["GET"]}}],"collection":[{"href":"https:\/\/aconteceunovale.com.br\/portal\/index.php?rest_route=\/wp\/v2\/posts"}],"about":[{"href":"https:\/\/aconteceunovale.com.br\/portal\/index.php?rest_route=\/wp\/v2\/types\/post"}],"author":[{"embeddable":true,"href":"https:\/\/aconteceunovale.com.br\/portal\/index.php?rest_route=\/wp\/v2\/users\/1"}],"replies":[{"embeddable":true,"href":"https:\/\/aconteceunovale.com.br\/portal\/index.php?rest_route=%2Fwp%2Fv2%2Fcomments&post=94086"}],"version-history":[{"count":0,"href":"https:\/\/aconteceunovale.com.br\/portal\/index.php?rest_route=\/wp\/v2\/posts\/94086\/revisions"}],"wp:featuredmedia":[{"embeddable":true,"href":"https:\/\/aconteceunovale.com.br\/portal\/index.php?rest_route=\/wp\/v2\/media\/94082"}],"wp:attachment":[{"href":"https:\/\/aconteceunovale.com.br\/portal\/index.php?rest_route=%2Fwp%2Fv2%2Fmedia&parent=94086"}],"wp:term":[{"taxonomy":"category","embeddable":true,"href":"https:\/\/aconteceunovale.com.br\/portal\/index.php?rest_route=%2Fwp%2Fv2%2Fcategories&post=94086"},{"taxonomy":"post_tag","embeddable":true,"href":"https:\/\/aconteceunovale.com.br\/portal\/index.php?rest_route=%2Fwp%2Fv2%2Ftags&post=94086"}],"curies":[{"name":"wp","href":"https:\/\/api.w.org\/{rel}","templated":true}]}}