{"id":94078,"date":"2016-08-09T08:22:42","date_gmt":"2016-08-09T11:22:42","guid":{"rendered":"http:\/\/aconteceunovale.com.br\/portal\/?p=94078"},"modified":"2016-08-09T08:22:42","modified_gmt":"2016-08-09T11:22:42","slug":"previsao-do-tempo-para-minas-gerais-nesta-terca-feira-9-de-agosto","status":"publish","type":"post","link":"https:\/\/aconteceunovale.com.br\/portal\/?p=94078","title":{"rendered":"Previs\u00e3o do tempo para Minas Gerais, nesta ter\u00e7a-feira, 9 de agosto"},"content":{"rendered":"<h4><strong><em>C\u00e9u parcialmente nublado no Sul, Zona da Mata e Vertentes. Demais regi\u00f5es, predomin\u00e2ncia do sol, com baixos \u00edndices de umidade relativa do ar.<\/em><\/strong><\/h4>\n<p>Nesta ter\u00e7a-feira (9\/8) \u00e1reas de instabilidade contribuem para o aumento da nebulosidade e chuvas isoladas sobre parte do Sudeste do Brasil, especialmente no estado de S\u00e3o Paulo. Em Minas Gerais o tempo deve ficar parcialmente nublado no Sul, Zona da Mata e Campo das Vertentes. Nas demais regi\u00f5es do estado o tempo deve ficar ensolarado, com baixos \u00edndices de umidade relativa do ar \u00e0 tarde.<\/p>\n<p>Na Regi\u00e3o Metropolitana e na capital mineira o tempo segue est\u00e1vel e o sol deve predominar. Em Belo Horizonte a temperatura deve variar entre 16\u00b0C e 31\u00b0C, e a umidade relativa do ar na casa dos 25%.<\/p>\n<p>Ainda de acordo com o TempoClima PUC Minas, at\u00e9 esta pr\u00f3xima quarta-feira (10\/8) o tempo seco e quente deve prevalecer sobre todas as regi\u00f5es mineiras.<\/p>\n","protected":false},"excerpt":{"rendered":"<p>C\u00e9u parcialmente nublado no Sul, Zona da Mata e Vertentes. Demais regi\u00f5es, predomin\u00e2ncia do sol, com baixos \u00edndices de umidade relativa do ar. Nesta ter\u00e7a-feira (9\/8) \u00e1reas de instabilidade contribuem para o aumento da nebulosidade e chuvas isoladas sobre parte do Sudeste do Brasil, especialmente no estado de S\u00e3o Paulo. Em Minas Gerais o tempo [&hellip;]<\/p>\n","protected":false},"author":1,"featured_media":82499,"comment_status":"open","ping_status":"closed","sticky":false,"template":"","format":"standard","meta":{"amp_status":"","footnotes":""},"categories":[123],"tags":[109431,194,131,36891,1956,27340,109436,87017,109435,1839,109433,28255,109432,109434],"class_list":["post-94078","post","type-post","status-publish","format-standard","has-post-thumbnail","hentry","category-gerais","tag-9-de-agosto","tag-belo-horizonte","tag-minas-gerais","tag-nesta-terca-feira","tag-previsao-do-tempo","tag-previsao-do-tempo-para-belo-horizonte","tag-previsao-do-tempo-para-belo-horizonte-9-de-agosto","tag-previsao-do-tempo-para-belo-horizonte-nesta-terca-feira","tag-previsao-do-tempo-para-belo-horizonte-nesta-terca-feira-9-de-agosto","tag-previsao-do-tempo-para-minas-gerais","tag-previsao-do-tempo-para-minas-gerais-9-de-agosto","tag-previsao-do-tempo-para-minas-gerais-nesta-terca-feira","tag-previsao-do-tempo-para-minas-gerais-nesta-terca-feira-9-de-agosto","tag-terca-feira-9-de-agosto"],"_links":{"self":[{"href":"https:\/\/aconteceunovale.com.br\/portal\/index.php?rest_route=\/wp\/v2\/posts\/94078","targetHints":{"allow":["GET"]}}],"collection":[{"href":"https:\/\/aconteceunovale.com.br\/portal\/index.php?rest_route=\/wp\/v2\/posts"}],"about":[{"href":"https:\/\/aconteceunovale.com.br\/portal\/index.php?rest_route=\/wp\/v2\/types\/post"}],"author":[{"embeddable":true,"href":"https:\/\/aconteceunovale.com.br\/portal\/index.php?rest_route=\/wp\/v2\/users\/1"}],"replies":[{"embeddable":true,"href":"https:\/\/aconteceunovale.com.br\/portal\/index.php?rest_route=%2Fwp%2Fv2%2Fcomments&post=94078"}],"version-history":[{"count":0,"href":"https:\/\/aconteceunovale.com.br\/portal\/index.php?rest_route=\/wp\/v2\/posts\/94078\/revisions"}],"wp:featuredmedia":[{"embeddable":true,"href":"https:\/\/aconteceunovale.com.br\/portal\/index.php?rest_route=\/wp\/v2\/media\/82499"}],"wp:attachment":[{"href":"https:\/\/aconteceunovale.com.br\/portal\/index.php?rest_route=%2Fwp%2Fv2%2Fmedia&parent=94078"}],"wp:term":[{"taxonomy":"category","embeddable":true,"href":"https:\/\/aconteceunovale.com.br\/portal\/index.php?rest_route=%2Fwp%2Fv2%2Fcategories&post=94078"},{"taxonomy":"post_tag","embeddable":true,"href":"https:\/\/aconteceunovale.com.br\/portal\/index.php?rest_route=%2Fwp%2Fv2%2Ftags&post=94078"}],"curies":[{"name":"wp","href":"https:\/\/api.w.org\/{rel}","templated":true}]}}