{"id":94056,"date":"2016-08-09T00:01:24","date_gmt":"2016-08-09T03:01:24","guid":{"rendered":"http:\/\/aconteceunovale.com.br\/portal\/?p=94056"},"modified":"2016-08-09T00:02:31","modified_gmt":"2016-08-09T03:02:31","slug":"a-macaca-que-tinha-que-estar-na-jaula-hoje-e-campea-olimpica-desabafa-judoca-apos-conquistar-medalha-de-ouro","status":"publish","type":"post","link":"https:\/\/aconteceunovale.com.br\/portal\/?p=94056","title":{"rendered":"&#8220;A macaca que tinha que estar na jaula hoje \u00e9 campe\u00e3 ol\u00edmpica&#8221;, desabafa judoca"},"content":{"rendered":"<p>Enquanto o Brasil ainda est\u00e1 longe de superar o falso mito da democracia racial, que faz com que ainda n\u00e3o se reconhe\u00e7a como o pa\u00eds racista que \u00e9, desabafa a judoca Rafaela Silva depois de conquistar a primeira medalha dourada do pa\u00eds nesta olimp\u00edada &#8211; alcan\u00e7ada ap\u00f3s dur\u00edssima caminhada: &#8220;Eu s\u00f3 queria dizer que macaca que tinha que estar na jaula hoje \u00e9 campe\u00e3 ol\u00edmpica em casa&#8221;.<\/p>\n<p>Com ela, milhares de f\u00e3s que acompanharam o triste epis\u00f3dio de preconceito que quase fez a atleta desistir do esporte em 2012, durante a Olimp\u00edada de Londres, extravasaram nas redes sociais o mesmo misto de dor, al\u00edvio e alegria. Para quem n\u00e3o se lembra, a esportista foi desclassificada na \u00faltima edi\u00e7\u00e3o dos jogos por uma catada de perna ilegal sobre a h\u00fangara Hedvig Karakas, e por isso sofreu um ataques via web com ofensas como &#8220;macaca&#8221;, entre outros bem criminosos.<\/p>\n<p>Al\u00e9m de muito treino, foi preciso uma esp\u00e9cie de for\u00e7a-tarefa da comiss\u00e3o t\u00e9cnica e da fam\u00edlia para levantar sua autoestima da campe\u00e3, duramente golpeada, voltasse a sonhar com o p\u00f3dio em que subiu h\u00e1 pouco &#8211; relatam aqueles que a seguem de perto. Mas o esfor\u00e7o valeu a pena. A resposta da judoca \u00e0 viol\u00eancia racista de que foi v\u00edtima h\u00e1 4 anos foi exatamente a que se espera de uma semideusa do olimpo: no tatame, inaugurando com o ouro a cole\u00e7\u00e3o de medalhas do Brasil nos jogos ol\u00edmpicos 2016. <\/p>\n<p><img decoding=\"async\" src=\"http:\/\/aconteceunovale.com.br\/portal\/wp-content\/uploads\/2016\/08\/rafaela_silva_ouro2.jpg\" alt=\"\" \/><em>Judoca Rafaela Silva (Foto: Divulga\u00e7\u00e3o\/P\u00e1gina Rafaela Silva)<\/em><br \/>\n<\/br><\/p>\n<p><em>(Fonte: Estado de Minas\/Cec\u00edlia Emiliana)<\/em><\/p>\n","protected":false},"excerpt":{"rendered":"<p>Enquanto o Brasil ainda est\u00e1 longe de superar o falso mito da democracia racial, que faz com que ainda n\u00e3o se reconhe\u00e7a como o pa\u00eds racista que \u00e9, desabafa a judoca Rafaela Silva depois de conquistar a primeira medalha dourada do pa\u00eds nesta olimp\u00edada &#8211; alcan\u00e7ada ap\u00f3s dur\u00edssima caminhada: &#8220;Eu s\u00f3 queria dizer que macaca [&hellip;]<\/p>\n","protected":false},"author":1,"featured_media":94057,"comment_status":"open","ping_status":"closed","sticky":false,"template":"","format":"standard","meta":{"amp_status":"","footnotes":""},"categories":[6,59],"tags":[109401,109204,109203,109196,109207,39001,92840,57922,109210,109198,109206,109197,109205,109199,109200,109402,109195,109202,109201,109209,24117,109208],"class_list":["post-94056","post","type-post","status-publish","format-standard","has-post-thumbnail","hentry","category-br","category-sports","tag-a-macaca-que-tinha-que-estar-na-jaula-hoje-e-campea-olimpica","tag-corina-caprioriu","tag-dorjsurengiin-sumiya","tag-final-feminina","tag-hedvig-karakas","tag-jogos-olimpicos-rio-2016","tag-jogos-rio-2016","tag-judo","tag-judoca-brasileira-rafaela-silva","tag-judoca-rafaela-silva-da-primeira-medalha-de-ouro-ao-brasil-nos-jogos-rio-2016","tag-kim-jandi","tag-medalha-de-ouro","tag-myriam-roper","tag-primeira-medalha-de-ouro-ao-brasil-nos-jogos-rio-2016","tag-primeira-medalha-de-ouro-do-brasil-nos-jogos-olimpicos-rio-2016","tag-racismo-rafaela-silva","tag-rafaela-silva","tag-rafaela-silva-e-ouro-nos-jogos-olimpicos-rio-2016","tag-rafaela-silva-ganha-medalha-de-ouro-nos-jogos-olimpicos-rio-2016","tag-rafaela-silva-ouro-no-judo","tag-rio-2016","tag-telma-monteiro"],"_links":{"self":[{"href":"https:\/\/aconteceunovale.com.br\/portal\/index.php?rest_route=\/wp\/v2\/posts\/94056","targetHints":{"allow":["GET"]}}],"collection":[{"href":"https:\/\/aconteceunovale.com.br\/portal\/index.php?rest_route=\/wp\/v2\/posts"}],"about":[{"href":"https:\/\/aconteceunovale.com.br\/portal\/index.php?rest_route=\/wp\/v2\/types\/post"}],"author":[{"embeddable":true,"href":"https:\/\/aconteceunovale.com.br\/portal\/index.php?rest_route=\/wp\/v2\/users\/1"}],"replies":[{"embeddable":true,"href":"https:\/\/aconteceunovale.com.br\/portal\/index.php?rest_route=%2Fwp%2Fv2%2Fcomments&post=94056"}],"version-history":[{"count":0,"href":"https:\/\/aconteceunovale.com.br\/portal\/index.php?rest_route=\/wp\/v2\/posts\/94056\/revisions"}],"wp:featuredmedia":[{"embeddable":true,"href":"https:\/\/aconteceunovale.com.br\/portal\/index.php?rest_route=\/wp\/v2\/media\/94057"}],"wp:attachment":[{"href":"https:\/\/aconteceunovale.com.br\/portal\/index.php?rest_route=%2Fwp%2Fv2%2Fmedia&parent=94056"}],"wp:term":[{"taxonomy":"category","embeddable":true,"href":"https:\/\/aconteceunovale.com.br\/portal\/index.php?rest_route=%2Fwp%2Fv2%2Fcategories&post=94056"},{"taxonomy":"post_tag","embeddable":true,"href":"https:\/\/aconteceunovale.com.br\/portal\/index.php?rest_route=%2Fwp%2Fv2%2Ftags&post=94056"}],"curies":[{"name":"wp","href":"https:\/\/api.w.org\/{rel}","templated":true}]}}