{"id":94021,"date":"2016-08-08T22:19:24","date_gmt":"2016-08-09T01:19:24","guid":{"rendered":"http:\/\/aconteceunovale.com.br\/portal\/?p=94021"},"modified":"2016-08-08T22:19:24","modified_gmt":"2016-08-09T01:19:24","slug":"incendio-atinge-patio-de-veiculos-em-montes-claros","status":"publish","type":"post","link":"https:\/\/aconteceunovale.com.br\/portal\/?p=94021","title":{"rendered":"Inc\u00eandio atinge p\u00e1tio de ve\u00edculos em Montes Claros"},"content":{"rendered":"<p>Um inc\u00eandio atingiu uma garagem de ve\u00edculos no Bairro Jaragu\u00e1, em Montes Claros, nesse domingo (07\/08). Segundo o Corpo de Bombeiros, foram queimadas sucatas de carros, de um semirreboque e de um cavalo mec\u00e2nico. As chamas tamb\u00e9m atingiram dois ba\u00fas e cinco carrocerias de caminh\u00f5es. <\/p>\n<p>Uma testemunha contou para os militares que o fogo teria come\u00e7ado em lotes vagos vizinhos e acabou chegando at\u00e9 a garagem, que fica na Avenida Am\u00e9rico Martins. A vegeta\u00e7\u00e3o contribuiu para que as chamas se alastrassem.<\/p>\n<p>O Corpo de Bombeiros gastou 10 mil litros de \u00e1gua para controlar o inc\u00eandio. Na garagem havia ainda 16 caminh\u00f5es, 10 carrocerias e quatro ba\u00fas, que n\u00e3o foram danificados.<\/p>\n<p><img decoding=\"async\" src=\"http:\/\/aconteceunovale.com.br\/portal\/wp-content\/uploads\/2016\/08\/incendio_moc.jpeg\" alt=\"\" \/><em>Foram gastos 10 mil de \u00e1gua para controlar chamas (Foto: Corpo de Bombeiros\/Divulga\u00e7\u00e3o)<\/em><br \/>\n<\/br><\/p>\n<p><em>(Fonte: G1 Grande Minas)<\/em><\/p>\n","protected":false},"excerpt":{"rendered":"<p>Um inc\u00eandio atingiu uma garagem de ve\u00edculos no Bairro Jaragu\u00e1, em Montes Claros, nesse domingo (07\/08). Segundo o Corpo de Bombeiros, foram queimadas sucatas de carros, de um semirreboque e de um cavalo mec\u00e2nico. As chamas tamb\u00e9m atingiram dois ba\u00fas e cinco carrocerias de caminh\u00f5es. Uma testemunha contou para os militares que o fogo teria [&hellip;]<\/p>\n","protected":false},"author":1,"featured_media":94022,"comment_status":"open","ping_status":"closed","sticky":false,"template":"","format":"standard","meta":{"amp_status":"","footnotes":""},"categories":[1236],"tags":[109353,109354,71004,210],"class_list":["post-94021","post","type-post","status-publish","format-standard","has-post-thumbnail","hentry","category-norte_de_minas","tag-incendio-atinge-patio-de-veiculos-em-montes-claros","tag-incendio-bairro-jaragua-em-montes-claros","tag-incendio-montes-claros","tag-montes-claros"],"_links":{"self":[{"href":"https:\/\/aconteceunovale.com.br\/portal\/index.php?rest_route=\/wp\/v2\/posts\/94021","targetHints":{"allow":["GET"]}}],"collection":[{"href":"https:\/\/aconteceunovale.com.br\/portal\/index.php?rest_route=\/wp\/v2\/posts"}],"about":[{"href":"https:\/\/aconteceunovale.com.br\/portal\/index.php?rest_route=\/wp\/v2\/types\/post"}],"author":[{"embeddable":true,"href":"https:\/\/aconteceunovale.com.br\/portal\/index.php?rest_route=\/wp\/v2\/users\/1"}],"replies":[{"embeddable":true,"href":"https:\/\/aconteceunovale.com.br\/portal\/index.php?rest_route=%2Fwp%2Fv2%2Fcomments&post=94021"}],"version-history":[{"count":0,"href":"https:\/\/aconteceunovale.com.br\/portal\/index.php?rest_route=\/wp\/v2\/posts\/94021\/revisions"}],"wp:featuredmedia":[{"embeddable":true,"href":"https:\/\/aconteceunovale.com.br\/portal\/index.php?rest_route=\/wp\/v2\/media\/94022"}],"wp:attachment":[{"href":"https:\/\/aconteceunovale.com.br\/portal\/index.php?rest_route=%2Fwp%2Fv2%2Fmedia&parent=94021"}],"wp:term":[{"taxonomy":"category","embeddable":true,"href":"https:\/\/aconteceunovale.com.br\/portal\/index.php?rest_route=%2Fwp%2Fv2%2Fcategories&post=94021"},{"taxonomy":"post_tag","embeddable":true,"href":"https:\/\/aconteceunovale.com.br\/portal\/index.php?rest_route=%2Fwp%2Fv2%2Ftags&post=94021"}],"curies":[{"name":"wp","href":"https:\/\/api.w.org\/{rel}","templated":true}]}}