{"id":94018,"date":"2016-08-08T22:12:40","date_gmt":"2016-08-09T01:12:40","guid":{"rendered":"http:\/\/aconteceunovale.com.br\/portal\/?p=94018"},"modified":"2016-08-08T22:12:40","modified_gmt":"2016-08-09T01:12:40","slug":"policia-prende-homem-que-agrediu-companheira-durante-14-anos-em-montes-claros","status":"publish","type":"post","link":"https:\/\/aconteceunovale.com.br\/portal\/?p=94018","title":{"rendered":"Pol\u00edcia prende homem que agrediu companheira durante 14 anos em Montes Claros"},"content":{"rendered":"<p>A Pol\u00edcia Civil apresentou nesta segunda-feira (08\/08) um homem de 43 anos que tentou matar a ex-mulher, de 42. O crime aconteceu no Bairro S\u00e3o Geraldo II, em Montes Claros, no dia 31 de julho. Al\u00e9m de atirar na cabe\u00e7a da v\u00edtima, Jos\u00e9 Liu de Oliveira a agrediu com um garfo de bicicleta.<\/p>\n<p>Segundo as investiga\u00e7\u00f5es, os dois viveram juntos por 16 anos, em pelo menos 14, a mulher era v\u00edtima de agress\u00f5es constantes, eles t\u00eam tr\u00eas filhos. Depois de se separarem, a mulher chegou a se relacionar com outra pessoa e terminou por medo do ex-marido.<\/p>\n<p>No fim de semana do crime, ela aceitou viajar com Jos\u00e9 Liu na tentativa de reatar o relacionamento, mas ele ficou com ci\u00fames depois que uma amiga dela e do ex-namorado almo\u00e7ou com eles.  Ap\u00f3s ser amea\u00e7ada, a mulher afirmou que n\u00e3o aceitaria voltar. <\/p>\n<p>\u201cNo dia dos fatos v\u00edtima e autor discutiram, n\u00e3o satisfeito com o fato dela n\u00e3o reatar o relacionamento, ele saiu da resid\u00eancia e retornou armado com uma garrucha\u201d, fala o delegado Bruno Rezende.<\/p>\n<p>Jos\u00e9 Liu alega que a arma usada no crime ficava na casa da mulher e que estava sob efeito de \u00e1lcool quando atirou. Mas, os familiares afirmam que a garrucha n\u00e3o ficava no im\u00f3vel, at\u00e9 mesmo porque ele voltou armado depois de sair. Em rela\u00e7\u00e3o \u00e0 embriaguez, o delegado Bruno Rezende ressalta que a v\u00edtima e uma filha deles e o namorado, que presenciaram o crime, falam o contr\u00e1rio.<\/p>\n<p>\u201cEle responder\u00e1 pelo crime de tentativa de homic\u00eddio qualificado e h\u00e1 a ocorr\u00eancia do femin\u00edcidio, que \u00e9 um agravante. Testemunhas e v\u00edtimas alegam que ele n\u00e3o estava b\u00eabado e tinha plena ci\u00eancia do que estava fazendo\u201d, diz.<\/p>\n<p>Jos\u00e9 Liu foi detido na sexta-feira (6) depois que a Delegacia de Homic\u00eddios representou contra a pris\u00e3o tempor\u00e1ria dele. Apesar do hist\u00f3rico de viol\u00eancia, a v\u00edtima nunca havia prestado queixa contra o marido.<\/p>\n<p>\u201c\u00c9 importante que as v\u00edtimas procurem pelo Estado e denunciem. Cada vez que essa viol\u00eancia \u00e9 praticada e \u00e9 permito que o autor assim o fa\u00e7a, ele toma mais coragem e fica mais violento,  n\u00e3o estou dizendo que a culpa \u00e9 da v\u00edtima, estou dizendo que ela tem que ter coragem  de enfrentar esse desafio\u201d, destaca o delegado. A investiga\u00e7\u00e3o ser\u00e1 compartilhada com a Delegacia de Mulheres, para que seja feito o pedido de medida protetiva em favor da v\u00edtima.<\/p>\n<p>At\u00e9 o in\u00edcio deste m\u00eas j\u00e1 foram registrados sete homic\u00eddios contra mulheres em Montes Claros, em todo o ano passado foram seis. Bruno Rezende explica que n\u00e3o h\u00e1 uma justificativa para o aumento e que esse tipo de crime, assim como os demais homic\u00eddios, ocorre de forma sazonal.<\/p>\n<p>\u201c\u00c9 dif\u00edcil tratar uma preven\u00e7\u00e3o dos crimes, principalmente quando n\u00e3o h\u00e1 den\u00fancias, como nesse caso. Temos din\u00e2micas de sazonalidade da viol\u00eancia em rela\u00e7\u00e3o aos crimes contra a mulher e ao tr\u00e1fico de drogas, que \u00e9 a principal causa de homic\u00eddios, por isso, \u00e9 preciso que a gente trabalhe com rapidez. Em casos que h\u00e1 as den\u00fancias \u00e9 preciso trabalhar preventivamente e avaliar se h\u00e1 necessidade de decreta\u00e7\u00e3o de medidas protetivas e de afastamento preliminar do agressor\u201d, finaliza o delegado.<\/p>\n<p><img decoding=\"async\" src=\"http:\/\/aconteceunovale.com.br\/portal\/wp-content\/uploads\/2016\/08\/preso_moc.jpg\" alt=\"\" \/><em>Jos\u00e9 Liu nunca havia sido denunciado pela mulher (Foto: Michelly Oda\/G1)<\/em><br \/>\n<\/br><\/p>\n<p><em>(Fonte: G1 Grande Minas \/ Rep\u00f3rter: Michelly Oda)<\/em><\/p>\n","protected":false},"excerpt":{"rendered":"<p>A Pol\u00edcia Civil apresentou nesta segunda-feira (08\/08) um homem de 43 anos que tentou matar a ex-mulher, de 42. O crime aconteceu no Bairro S\u00e3o Geraldo II, em Montes Claros, no dia 31 de julho. Al\u00e9m de atirar na cabe\u00e7a da v\u00edtima, Jos\u00e9 Liu de Oliveira a agrediu com um garfo de bicicleta. Segundo as [&hellip;]<\/p>\n","protected":false},"author":1,"featured_media":94019,"comment_status":"open","ping_status":"closed","sticky":false,"template":"","format":"standard","meta":{"amp_status":"","footnotes":""},"categories":[1236],"tags":[109350,109349,210,109351,89234,109352],"class_list":["post-94018","post","type-post","status-publish","format-standard","has-post-thumbnail","hentry","category-norte_de_minas","tag-feminicidio-montes-claros","tag-jose-liu-de-oliveira","tag-montes-claros","tag-policia-prende-homem-que-agrediu-companheira-durante-14-anos-em-montes-claros","tag-preso-montes-claros","tag-preso-por-agressao-montes-claros"],"_links":{"self":[{"href":"https:\/\/aconteceunovale.com.br\/portal\/index.php?rest_route=\/wp\/v2\/posts\/94018","targetHints":{"allow":["GET"]}}],"collection":[{"href":"https:\/\/aconteceunovale.com.br\/portal\/index.php?rest_route=\/wp\/v2\/posts"}],"about":[{"href":"https:\/\/aconteceunovale.com.br\/portal\/index.php?rest_route=\/wp\/v2\/types\/post"}],"author":[{"embeddable":true,"href":"https:\/\/aconteceunovale.com.br\/portal\/index.php?rest_route=\/wp\/v2\/users\/1"}],"replies":[{"embeddable":true,"href":"https:\/\/aconteceunovale.com.br\/portal\/index.php?rest_route=%2Fwp%2Fv2%2Fcomments&post=94018"}],"version-history":[{"count":0,"href":"https:\/\/aconteceunovale.com.br\/portal\/index.php?rest_route=\/wp\/v2\/posts\/94018\/revisions"}],"wp:featuredmedia":[{"embeddable":true,"href":"https:\/\/aconteceunovale.com.br\/portal\/index.php?rest_route=\/wp\/v2\/media\/94019"}],"wp:attachment":[{"href":"https:\/\/aconteceunovale.com.br\/portal\/index.php?rest_route=%2Fwp%2Fv2%2Fmedia&parent=94018"}],"wp:term":[{"taxonomy":"category","embeddable":true,"href":"https:\/\/aconteceunovale.com.br\/portal\/index.php?rest_route=%2Fwp%2Fv2%2Fcategories&post=94018"},{"taxonomy":"post_tag","embeddable":true,"href":"https:\/\/aconteceunovale.com.br\/portal\/index.php?rest_route=%2Fwp%2Fv2%2Ftags&post=94018"}],"curies":[{"name":"wp","href":"https:\/\/api.w.org\/{rel}","templated":true}]}}