{"id":94011,"date":"2016-08-08T21:30:46","date_gmt":"2016-08-09T00:30:46","guid":{"rendered":"http:\/\/aconteceunovale.com.br\/portal\/?p=94011"},"modified":"2016-08-08T21:30:46","modified_gmt":"2016-08-09T00:30:46","slug":"dois-homens-sao-assassinados-a-facadas-em-serra-dos-aimores","status":"publish","type":"post","link":"https:\/\/aconteceunovale.com.br\/portal\/?p=94011","title":{"rendered":"Dois homens s\u00e3o assassinados a facadas em Serra dos Aimor\u00e9s"},"content":{"rendered":"<p>Dois homens, de 43 e 64 anos, foram encontrados mortos dentro de casa na noite desse domingo (07), em Serra dos Aimor\u00e9s, no Vale do Mucuri. Segundo a Pol\u00edcia Militar (PM), as v\u00edtimas foram assassinadas com v\u00e1rios golpes de faca e foram encontradas por um vizinho.<\/p>\n<p>A motiva\u00e7\u00e3o do crime ainda \u00e9 desconhecida. A PM informou que o im\u00f3vel era frequentado por usu\u00e1rios de drogas. A per\u00edcia da Pol\u00edcia Civil esteve no local e ap\u00f3s os trabalhos de praxe, os corpos foram liberados para uma funer\u00e1ria da cidade.<\/p>\n<p>Dois homens, que s\u00e3o suspeitos dos crimes, est\u00e3o sendo procurados pela pol\u00edcia. (G1\/PM)<\/p>\n","protected":false},"excerpt":{"rendered":"<p>Dois homens, de 43 e 64 anos, foram encontrados mortos dentro de casa na noite desse domingo (07), em Serra dos Aimor\u00e9s, no Vale do Mucuri. Segundo a Pol\u00edcia Militar (PM), as v\u00edtimas foram assassinadas com v\u00e1rios golpes de faca e foram encontradas por um vizinho. A motiva\u00e7\u00e3o do crime ainda \u00e9 desconhecida. A PM [&hellip;]<\/p>\n","protected":false},"author":1,"featured_media":90576,"comment_status":"open","ping_status":"closed","sticky":false,"template":"","format":"standard","meta":{"amp_status":"","footnotes":""},"categories":[122],"tags":[109336,109335,109333,109334,109337,109338,2793],"class_list":["post-94011","post","type-post","status-publish","format-standard","has-post-thumbnail","hentry","category-mucuri","tag-assassinados-serra-dos-aimores","tag-assassinato-serra-dos-aimores","tag-dois-homens-sao-assassinados-a-facadas-em-serra-dos-aimores","tag-homicidio-serra-dos-aimores","tag-morte-serra-dos-aimores","tag-mortos-serra-dos-aimores","tag-serra-dos-aimores"],"_links":{"self":[{"href":"https:\/\/aconteceunovale.com.br\/portal\/index.php?rest_route=\/wp\/v2\/posts\/94011","targetHints":{"allow":["GET"]}}],"collection":[{"href":"https:\/\/aconteceunovale.com.br\/portal\/index.php?rest_route=\/wp\/v2\/posts"}],"about":[{"href":"https:\/\/aconteceunovale.com.br\/portal\/index.php?rest_route=\/wp\/v2\/types\/post"}],"author":[{"embeddable":true,"href":"https:\/\/aconteceunovale.com.br\/portal\/index.php?rest_route=\/wp\/v2\/users\/1"}],"replies":[{"embeddable":true,"href":"https:\/\/aconteceunovale.com.br\/portal\/index.php?rest_route=%2Fwp%2Fv2%2Fcomments&post=94011"}],"version-history":[{"count":0,"href":"https:\/\/aconteceunovale.com.br\/portal\/index.php?rest_route=\/wp\/v2\/posts\/94011\/revisions"}],"wp:featuredmedia":[{"embeddable":true,"href":"https:\/\/aconteceunovale.com.br\/portal\/index.php?rest_route=\/wp\/v2\/media\/90576"}],"wp:attachment":[{"href":"https:\/\/aconteceunovale.com.br\/portal\/index.php?rest_route=%2Fwp%2Fv2%2Fmedia&parent=94011"}],"wp:term":[{"taxonomy":"category","embeddable":true,"href":"https:\/\/aconteceunovale.com.br\/portal\/index.php?rest_route=%2Fwp%2Fv2%2Fcategories&post=94011"},{"taxonomy":"post_tag","embeddable":true,"href":"https:\/\/aconteceunovale.com.br\/portal\/index.php?rest_route=%2Fwp%2Fv2%2Ftags&post=94011"}],"curies":[{"name":"wp","href":"https:\/\/api.w.org\/{rel}","templated":true}]}}