{"id":94004,"date":"2016-08-08T21:09:26","date_gmt":"2016-08-09T00:09:26","guid":{"rendered":"http:\/\/aconteceunovale.com.br\/portal\/?p=94004"},"modified":"2016-08-08T21:09:26","modified_gmt":"2016-08-09T00:09:26","slug":"acidente-entre-tres-veiculos-deixa-cinco-feridos-na-br-381-em-governador-valadares","status":"publish","type":"post","link":"https:\/\/aconteceunovale.com.br\/portal\/?p=94004","title":{"rendered":"Acidente entre tr\u00eas ve\u00edculos deixa cinco feridos na BR-381, em Governador Valadares"},"content":{"rendered":"<p>Cinco pessoas, entre elas tr\u00eas crian\u00e7as, ficaram feridas em um acidente envolvendo um micro-\u00f4nibus, um \u00f4nibus e uma caminhonete na BR-381, no trevo que d\u00e1 acesso ao distrito de Vila Nova Floresta, em Governador Valadares, nesse domingo (07\/08). <\/p>\n<p>Segundo o Corpo de Bombeiros, o motorista da L200, de 48 anos, desobedeceu \u00e0 sinaliza\u00e7\u00e3o, bateu na lateral de um \u00f4nibus, rodou na pista e atingiu o outro ve\u00edculo.<\/p>\n<p>Os cinco passageiros da caminhonete ficaram feridos e foram levados por e equipes do Corpo de Bombeiros e do Servi\u00e7o de Atendimento M\u00f3vel de Urg\u00eancia (SAMU) ao Hospital Municipal. Uma das v\u00edtimas ficou presa \u00e0s ferragens.<\/p>\n<p><img decoding=\"async\" src=\"http:\/\/aconteceunovale.com.br\/portal\/wp-content\/uploads\/2016\/08\/acidente_l200_gv_1.jpg\" alt=\"\" \/><em>Caminhonete ficou destru\u00edda com a batida (Foto: Divulga\u00e7\u00e3o\/Corpo de Bombeiros)<\/em><br \/>\n<\/br><\/p>\n<p><img decoding=\"async\" src=\"http:\/\/aconteceunovale.com.br\/portal\/wp-content\/uploads\/2016\/08\/acidente_l200_gv_2.jpg\" alt=\"\" \/><em>Caminhonete ficou destru\u00edda com a batida (Foto: Divulga\u00e7\u00e3o\/Corpo de Bombeiros)<\/em><br \/>\n<\/br><\/p>\n<p><em>(Com informa\u00e7\u00f5es do G1 dos Vales e DRD)<\/em><\/p>\n","protected":false},"excerpt":{"rendered":"<p>Cinco pessoas, entre elas tr\u00eas crian\u00e7as, ficaram feridas em um acidente envolvendo um micro-\u00f4nibus, um \u00f4nibus e uma caminhonete na BR-381, no trevo que d\u00e1 acesso ao distrito de Vila Nova Floresta, em Governador Valadares, nesse domingo (07\/08). Segundo o Corpo de Bombeiros, o motorista da L200, de 48 anos, desobedeceu \u00e0 sinaliza\u00e7\u00e3o, bateu na [&hellip;]<\/p>\n","protected":false},"author":1,"featured_media":94005,"comment_status":"open","ping_status":"closed","sticky":false,"template":"","format":"standard","meta":{"amp_status":"","footnotes":""},"categories":[121],"tags":[74823,12667,109326,109327,109325,31030,1397,66364,247],"class_list":["post-94004","post","type-post","status-publish","format-standard","has-post-thumbnail","hentry","category-leste","tag-acidente-br-381","tag-acidente-em-governador-valadares","tag-acidente-entre-tres-veiculos-deixa-cinco-feridos-na-br-381","tag-acidente-entre-tres-veiculos-deixa-cinco-feridos-na-br-381-em-governador-valadares","tag-acidente-l200-governador-valadares","tag-acidente-na-br-381-em-governador-valadares","tag-br-381","tag-em-governador-valadares","tag-governador-valadares"],"_links":{"self":[{"href":"https:\/\/aconteceunovale.com.br\/portal\/index.php?rest_route=\/wp\/v2\/posts\/94004","targetHints":{"allow":["GET"]}}],"collection":[{"href":"https:\/\/aconteceunovale.com.br\/portal\/index.php?rest_route=\/wp\/v2\/posts"}],"about":[{"href":"https:\/\/aconteceunovale.com.br\/portal\/index.php?rest_route=\/wp\/v2\/types\/post"}],"author":[{"embeddable":true,"href":"https:\/\/aconteceunovale.com.br\/portal\/index.php?rest_route=\/wp\/v2\/users\/1"}],"replies":[{"embeddable":true,"href":"https:\/\/aconteceunovale.com.br\/portal\/index.php?rest_route=%2Fwp%2Fv2%2Fcomments&post=94004"}],"version-history":[{"count":0,"href":"https:\/\/aconteceunovale.com.br\/portal\/index.php?rest_route=\/wp\/v2\/posts\/94004\/revisions"}],"wp:featuredmedia":[{"embeddable":true,"href":"https:\/\/aconteceunovale.com.br\/portal\/index.php?rest_route=\/wp\/v2\/media\/94005"}],"wp:attachment":[{"href":"https:\/\/aconteceunovale.com.br\/portal\/index.php?rest_route=%2Fwp%2Fv2%2Fmedia&parent=94004"}],"wp:term":[{"taxonomy":"category","embeddable":true,"href":"https:\/\/aconteceunovale.com.br\/portal\/index.php?rest_route=%2Fwp%2Fv2%2Fcategories&post=94004"},{"taxonomy":"post_tag","embeddable":true,"href":"https:\/\/aconteceunovale.com.br\/portal\/index.php?rest_route=%2Fwp%2Fv2%2Ftags&post=94004"}],"curies":[{"name":"wp","href":"https:\/\/api.w.org\/{rel}","templated":true}]}}