{"id":93997,"date":"2016-08-08T20:51:25","date_gmt":"2016-08-08T23:51:25","guid":{"rendered":"http:\/\/aconteceunovale.com.br\/portal\/?p=93997"},"modified":"2016-08-08T20:51:25","modified_gmt":"2016-08-08T23:51:25","slug":"waldeci-e-adalberto-vencem-a-4a-edicao-do-viola-dos-gerais-com-a-musica-pagode-novo","status":"publish","type":"post","link":"https:\/\/aconteceunovale.com.br\/portal\/?p=93997","title":{"rendered":"Waldeci e Adalberto vencem a 4\u00aa edi\u00e7\u00e3o do Viola dos Gerais com a m\u00fasica \u2018Pagode Novo\u2019"},"content":{"rendered":"<p>A grande final do 4\u00aa Festival Viola dos Gerais, realizado pela Funda\u00e7\u00e3o Cultural Roda de Viola em parceria com a Inter TV, foi realizada no \u00faltimo fim de semana, em Salinas, e elegeu os tr\u00eas vencedores desta edi\u00e7\u00e3o. O concurso percorreu, ao longo de tr\u00eas meses, seis cidades, com o objetivo de incentivar o resgate da m\u00fasica sertaneja raiz.<\/p>\n<p>Setenta e duas m\u00fasicas disputaram as seletivas em busca do t\u00e3o sonhado trof\u00e9u, mas apenas dezoito foram classificadas para a final. A 19\u00aa voltou \u00e0 disputa atrav\u00e9s do voto popular, e a escolhida pelo p\u00fablico foi &#8220;Lamento de um boi carreiro&#8221;, das int\u00e9rpretes Lorena e Kelly.  Ap\u00f3s mais de duas horas de apresenta\u00e7\u00f5es, os ganhadores foram anunciados; &#8220;Pagode Novo&#8221; interpretada por Waldeci e Adalberto, foi a grande vencedora. A segunda posi\u00e7\u00e3o ficou com &#8220;Dupla Covardia&#8221;, cantada por Delson e D\u00e9lcio, e o terceiro lugar foi para &#8220;Amanhecer no campo&#8221;, interpretada por Jadson Rocha e Val Louren\u00e7o.<\/p>\n<p>Participando pela segunda vez do Festival, Adalberto fala da emo\u00e7\u00e3o de alcan\u00e7ar o topo do p\u00f3dio nesta edi\u00e7\u00e3o. \u201cEstou muito emocionado, pedimos muito a Deus por isso. O Festival \u00e9 um incentivo a cultura\u201d, disse Adalberto.<\/p>\n<p><img decoding=\"async\" src=\"http:\/\/aconteceunovale.com.br\/portal\/wp-content\/uploads\/2016\/08\/viola_gerais_16.jpeg\" alt=\"\" \/><em>Vencedores do concurso (Foto: Marina Pereira\/G1 Grande Minas)<\/em><br \/>\n<\/br><\/p>\n<p>O concurso emocionou a todos por onde passou. A primeira seletiva foi realizada em Taiobeiras, no dia 22 de maio. De l\u00e1 sa\u00edram tr\u00eas m\u00fasicas: &#8220;Meu Sert\u00e3o Mineiro&#8221;, &#8220;As Duas Faces da Moeda&#8221;, e &#8220;Na Ro\u00e7a eu vou morar&#8221;.<\/p>\n<p>Dez can\u00e7\u00f5es foram apresentadas na segunda etapa, que foi realizada no dia 1\u00ba de junho, em Jana\u00faba. As classificadas foram &#8216;Amanhecer no Campo&#8217;; &#8216;Recanto de um Caipira&#8217;; e &#8216;Pagode Novo&#8217;.<\/p>\n<p>A terceira seletiva foi realizada em S\u00e3o Francisco, no dia 18 de junho. As m\u00fasicas vencedoras da etapa foram &#8220;A viola tem seu lugar&#8221;, &#8220;Pescador Luxento&#8221;, e &#8220;Lembran\u00e7a do Velho Chico&#8221;.<\/p>\n<p>Em Bras\u00edlia de Minas foi realizada a quarta seletiva, no dia 22 de julho. L\u00e1, se classificaram &#8220;N\u00e3o tem pacto, n\u00e3o tem nada&#8221;, &#8220;Fruto do mato&#8221; e &#8220;Dupla covardia&#8221;.<\/p>\n<p>A quinta e pen\u00faltima etapa foi realizada em Patis, no dia 23 de julho. A cidade recebeu o festival pela primeira vez e 10 m\u00fasicas foram apresentadas para o p\u00fablico. De l\u00e1 sa\u00edram mais tr\u00eas can\u00e7\u00f5es: &#8220;Fruta Poderosa&#8221;, &#8220;O Sistema do Matuto&#8221; e &#8220;Voltar pra Ro\u00e7a&#8221;.<\/p>\n<p>A sexta e \u00faltima eliminat\u00f3ria foi realizada em Salinas, no \u00faltimo sexta (5). Nesta etapa foram classificadas &#8220;Ess\u00eancia Caipira&#8221;, Lembran\u00e7a de Boiadeiro&#8221; e S\u00e3o Jorge&#8221;.<\/p>\n<p>De acordo com o organizador do evento, Ney Barbosa, o resultado foi extremamente satisfat\u00f3rio. &#8220;Passamos por muitas cidades e todos nos acolheram muito bem. Perceb\u00edamos que todos estavam muito envolvidos com o evento, isso \u00e9 muito bom. O balan\u00e7o desta edi\u00e7\u00e3o \u00e9 muito positivo&#8221;, afirma.<\/p>\n<p><em>(Fonte: G1 dos Vales)<\/em><\/p>\n","protected":false},"excerpt":{"rendered":"<p>A grande final do 4\u00aa Festival Viola dos Gerais, realizado pela Funda\u00e7\u00e3o Cultural Roda de Viola em parceria com a Inter TV, foi realizada no \u00faltimo fim de semana, em Salinas, e elegeu os tr\u00eas vencedores desta edi\u00e7\u00e3o. O concurso percorreu, ao longo de tr\u00eas meses, seis cidades, com o objetivo de incentivar o resgate [&hellip;]<\/p>\n","protected":false},"author":1,"featured_media":93998,"comment_status":"open","ping_status":"closed","sticky":false,"template":"","format":"standard","meta":{"amp_status":"","footnotes":""},"categories":[1236],"tags":[109308,109319,195,109318,109317,109309,109310,109311,109307,109320,204,109314,109313,109321,109315,1700,109312,190,1522,419,109316,109322],"class_list":["post-93997","post","type-post","status-publish","format-standard","has-post-thumbnail","hentry","category-norte_de_minas","tag-4a-festival-viola-dos-gerais","tag-amanhecer-no-campo","tag-brasilia-de-minas","tag-delson-e-delcio","tag-dupla-covardia","tag-festival-viola-dos-gerais","tag-fundacao-cultural-roda-de-viola","tag-fundacao-cultural-roda-de-viola-em-parceria-com-a-inter-tv","tag-grande-final-do-4a-festival-viola-dos-gerais","tag-jadson-rocha-e-val-lourenco","tag-janauba","tag-lamento-de-um-boi-carreiro","tag-lorena-e-kelly","tag-ney-barbosa","tag-pagode-novo-waldeci-e-adalberto","tag-patis","tag-resgate-da-musica-sertaneja-raiz","tag-salinas","tag-sao-francisco","tag-taiobeiras","tag-waldeci-e-adalberto","tag-waldeci-e-adalberto-vencem-a-4a-edicao-do-viola-dos-gerais-com-a-musica-pagode-novo"],"_links":{"self":[{"href":"https:\/\/aconteceunovale.com.br\/portal\/index.php?rest_route=\/wp\/v2\/posts\/93997","targetHints":{"allow":["GET"]}}],"collection":[{"href":"https:\/\/aconteceunovale.com.br\/portal\/index.php?rest_route=\/wp\/v2\/posts"}],"about":[{"href":"https:\/\/aconteceunovale.com.br\/portal\/index.php?rest_route=\/wp\/v2\/types\/post"}],"author":[{"embeddable":true,"href":"https:\/\/aconteceunovale.com.br\/portal\/index.php?rest_route=\/wp\/v2\/users\/1"}],"replies":[{"embeddable":true,"href":"https:\/\/aconteceunovale.com.br\/portal\/index.php?rest_route=%2Fwp%2Fv2%2Fcomments&post=93997"}],"version-history":[{"count":0,"href":"https:\/\/aconteceunovale.com.br\/portal\/index.php?rest_route=\/wp\/v2\/posts\/93997\/revisions"}],"wp:featuredmedia":[{"embeddable":true,"href":"https:\/\/aconteceunovale.com.br\/portal\/index.php?rest_route=\/wp\/v2\/media\/93998"}],"wp:attachment":[{"href":"https:\/\/aconteceunovale.com.br\/portal\/index.php?rest_route=%2Fwp%2Fv2%2Fmedia&parent=93997"}],"wp:term":[{"taxonomy":"category","embeddable":true,"href":"https:\/\/aconteceunovale.com.br\/portal\/index.php?rest_route=%2Fwp%2Fv2%2Fcategories&post=93997"},{"taxonomy":"post_tag","embeddable":true,"href":"https:\/\/aconteceunovale.com.br\/portal\/index.php?rest_route=%2Fwp%2Fv2%2Ftags&post=93997"}],"curies":[{"name":"wp","href":"https:\/\/api.w.org\/{rel}","templated":true}]}}