{"id":93902,"date":"2016-08-08T16:01:06","date_gmt":"2016-08-08T19:01:06","guid":{"rendered":"http:\/\/aconteceunovale.com.br\/portal\/?p=93902"},"modified":"2016-08-08T16:01:06","modified_gmt":"2016-08-08T19:01:06","slug":"senadores-se-inscrevem-para-falar-na-sessao-que-pode-levar-dilma-a-julgamento","status":"publish","type":"post","link":"https:\/\/aconteceunovale.com.br\/portal\/?p=93902","title":{"rendered":"Senadores se inscrevem para falar na sess\u00e3o que pode levar Dilma a julgamento"},"content":{"rendered":"<p>Um dia antes de o plen\u00e1rio do Senado decidir se a presidenta afastada Dilma Rousseff vai a julgamento por crime de responsabilidade, senadores que desejam falar j\u00e1 come\u00e7aram a se inscrever. A sess\u00e3o \u2013 a ser comandada pelo presidente do Supremo Tribunal Federal, ministro Ricardo Lewandowski \u2013 ser\u00e1 nesta ter\u00e7a-feira \u00e0s 9h, mas \u00e0s 7h30 de hoje (8) o senador Jos\u00e9 Medeiros (PSD-MT) j\u00e1 estava a postos para ser o primeiro da lista. Medeiros disse que, como a previs\u00e3o \u00e9 de que a sess\u00e3o dure mais de 20 horas, quis garantir logo o tempo de fala, para n\u00e3o correr o risco de se pronunciar de madrugada.<\/p>\n<p>O segundo inscrito foi o senador Paulo Paim, do PT, e a terceira, a senadora F\u00e1tima Bezerra, tamb\u00e9m do PT. A senadora admite que, por causa dos Jogos Ol\u00edmpicos, o foco dos brasileiros &#8211; que estava bastante concentrado nos fatos pol\u00edticos &#8211; deve diminuir bastante. Mesmo assim, ela acredita que o pa\u00eds estar\u00e1 atento ao Senado.<\/p>\n<p>\u201cAmanh\u00e3 (9), os que s\u00e3o contr\u00e1rios ao\u00a0<em>impeachment<\/em>\u00a0da presidenta Dilma, [como] a Frente Brasil Popular, realizar\u00e3o atos em todos as capitais do pa\u00eds, o que demonstra que, embora a audi\u00eancia seja menor, por conta dos Jogos Ol\u00edmpicos, \u00e9 um tema que continua despertando muita aten\u00e7\u00e3o, muito interesse da popula\u00e7\u00e3o\u201d, observou.<\/p>\n<p><strong>Hor\u00e1rio nobre<\/strong><\/p>\n<p>Quem imagina que na lista de inscri\u00e7\u00e3o o mais importante \u00e9 a ordem de chegada est\u00e1 enganado. Alguns senadores que chegaram bem cedo est\u00e3o escolhendo posi\u00e7\u00f5es mais atr\u00e1s na lista. Foi o caso do senador \u00c1lvaro Dias (PV-PR). Ele escolheu a 21\u00aa posi\u00e7\u00e3o na lista. Embora seja imposs\u00edvel prever em que hor\u00e1rio cada parlamentar inscrito vai falar, a estrat\u00e9gia de Dias \u00e9 aparecer \u00e0 noite ao vivo no hor\u00e1rio que os principais telejornais do pa\u00eds estiverem no ar.<\/p>\n<p>\u201cO importante \u00e9 a comunica\u00e7\u00e3o para fora do plen\u00e1rio. O plen\u00e1rio j\u00e1 cansou da repeti\u00e7\u00e3o e obviamente o senador tem a preocupa\u00e7\u00e3o de prestar contas do seu trabalho ao eleitor, por isso, a prefer\u00eancia dos senadores \u00e9 quando os ve\u00edculos de comunica\u00e7\u00e3o estejam ao vivo transmitindo a sess\u00e3o\u201d, justificou \u00c1lvaro Dias.<\/p>\n<p><strong>Roteiro<\/strong><\/p>\n<p>A sess\u00e3o amanh\u00e3 vai come\u00e7ar \u00e0s 9h. Passada a fase em que o ministro Lewandowski vai decidir poss\u00edveis quest\u00f5es de ordem que devem ser apresentadas logo no in\u00edcio, o relator ter\u00e1 30 minutos para apresentar um resumo do parecer pela continuidade do processo contra Dilma, aprovado na \u00faltima -feira (4), por 14 votos a cinco.<\/p>\n<p>Em seguida, os parlamentares ter\u00e3o 10 minutos cada para se manifestar. N\u00e3o est\u00e1 previsto encaminhamento de vota\u00e7\u00e3o j\u00e1 que, por ser um processo, cada senador dever\u00e1 votar de acordo com a sua consci\u00eancia. A acusa\u00e7\u00e3o e a defesa falar\u00e3o por \u00faltimo, sendo reservados 30 minutos para cada parte.<\/p>\n<p>A vota\u00e7\u00e3o acontece na sequ\u00eancia por maioria simples- metade mais um dos presentes na sess\u00e3o. Ela ser\u00e1 aberta no painel eletr\u00f4nico. Como a den\u00fancia \u00e9 composta por quatro fatos (tr\u00eas decretos de cr\u00e9ditos suplementares e as pedaladas fiscais), os senadores poder\u00e3o apresentar requerimentos para votar quaisquer deles separadamente.<\/p>\n<p><strong>Seguran\u00e7a<\/strong><\/p>\n<p>J\u00e1 nesta segunda-feira o Senado amanheceu com seguran\u00e7a refor\u00e7ada. Cercando todo pr\u00e9dio do Congresso, grades de prote\u00e7\u00e3o foram colocadas para evitar manifesta\u00e7\u00f5es ou protestos durante a vota\u00e7\u00e3o desta ter\u00e7a-feira. N\u00e3o haver\u00e1 visita\u00e7\u00e3o amanh\u00e3 e quarta-feira quando o acesso ser\u00e1 restrito apenas a credenciados, parlamentares e ex-parlamentares. Ainda n\u00e3o h\u00e1 informa\u00e7\u00f5es sobre restri\u00e7\u00f5es no tr\u00e2nsito na Esplanada dos Minist\u00e9rios, onde fica o Congresso Nacional, mais exatamente, na Pra\u00e7a dos Tr\u00eas Poderes. (Ag\u00eancia Brasil)<\/p>\n","protected":false},"excerpt":{"rendered":"<p>Um dia antes de o plen\u00e1rio do Senado decidir se a presidenta afastada Dilma Rousseff vai a julgamento por crime de responsabilidade, senadores que desejam falar j\u00e1 come\u00e7aram a se inscrever. A sess\u00e3o \u2013 a ser comandada pelo presidente do Supremo Tribunal Federal, ministro Ricardo Lewandowski \u2013 ser\u00e1 nesta ter\u00e7a-feira \u00e0s 9h, mas \u00e0s 7h30 [&hellip;]<\/p>\n","protected":false},"author":1,"featured_media":87530,"comment_status":"open","ping_status":"closed","sticky":false,"template":"","format":"standard","meta":{"amp_status":"","footnotes":""},"categories":[6,40240],"tags":[2162,37792,21428,69937,21938,109112,109113,20320],"class_list":["post-93902","post","type-post","status-publish","format-standard","has-post-thumbnail","hentry","category-br","category-politica-2","tag-dilma-rousseff","tag-impeachment","tag-impeachment-de-dilma","tag-impeachment-de-dilma-rousseff","tag-senado","tag-senadores-se-inscrevem-para-falar-na-sessao-que-pode-levar-dilma-a-julgamento","tag-sessao-que-pode-levar-dilma-a-julgamento","tag-votacao"],"_links":{"self":[{"href":"https:\/\/aconteceunovale.com.br\/portal\/index.php?rest_route=\/wp\/v2\/posts\/93902","targetHints":{"allow":["GET"]}}],"collection":[{"href":"https:\/\/aconteceunovale.com.br\/portal\/index.php?rest_route=\/wp\/v2\/posts"}],"about":[{"href":"https:\/\/aconteceunovale.com.br\/portal\/index.php?rest_route=\/wp\/v2\/types\/post"}],"author":[{"embeddable":true,"href":"https:\/\/aconteceunovale.com.br\/portal\/index.php?rest_route=\/wp\/v2\/users\/1"}],"replies":[{"embeddable":true,"href":"https:\/\/aconteceunovale.com.br\/portal\/index.php?rest_route=%2Fwp%2Fv2%2Fcomments&post=93902"}],"version-history":[{"count":0,"href":"https:\/\/aconteceunovale.com.br\/portal\/index.php?rest_route=\/wp\/v2\/posts\/93902\/revisions"}],"wp:featuredmedia":[{"embeddable":true,"href":"https:\/\/aconteceunovale.com.br\/portal\/index.php?rest_route=\/wp\/v2\/media\/87530"}],"wp:attachment":[{"href":"https:\/\/aconteceunovale.com.br\/portal\/index.php?rest_route=%2Fwp%2Fv2%2Fmedia&parent=93902"}],"wp:term":[{"taxonomy":"category","embeddable":true,"href":"https:\/\/aconteceunovale.com.br\/portal\/index.php?rest_route=%2Fwp%2Fv2%2Fcategories&post=93902"},{"taxonomy":"post_tag","embeddable":true,"href":"https:\/\/aconteceunovale.com.br\/portal\/index.php?rest_route=%2Fwp%2Fv2%2Ftags&post=93902"}],"curies":[{"name":"wp","href":"https:\/\/api.w.org\/{rel}","templated":true}]}}