{"id":93817,"date":"2016-08-05T13:22:33","date_gmt":"2016-08-05T16:22:33","guid":{"rendered":"http:\/\/aconteceunovale.com.br\/portal\/?p=93817"},"modified":"2016-08-05T13:22:33","modified_gmt":"2016-08-05T16:22:33","slug":"idoso-preso-em-governador-valadares-usava-cameras-para-monitorar-area-de-trafico-de-drogas","status":"publish","type":"post","link":"https:\/\/aconteceunovale.com.br\/portal\/?p=93817","title":{"rendered":"Idoso preso em Governador Valadares usava c\u00e2meras para monitorar \u00e1rea de tr\u00e1fico de drogas"},"content":{"rendered":"<p>A Pol\u00edcia Militar (PM) prendeu um idoso de 64 anos, nessa quinta-feira (04\/08), suspeito de envolvimento com o tr\u00e1fico de drogas em Governador Valadares, no Vale do Rio Doce. O homem chegou a instalar um sistema de monitoramento para acompanhar a movimenta\u00e7\u00e3o pr\u00f3ximo ao local de \u201ctrabalho\u201d.<\/p>\n<p>Segundo a corpora\u00e7\u00e3o, militares chegaram at\u00e9 um im\u00f3vel na rua Raul Soares, no bairro S\u00e3o Pedro, atrav\u00e9s de uma den\u00fancia. No quintal foram encontradas 45 pedras de crack prontas para com\u00e9rcio. Em um dos guarda-roupas, policiais acharam mais pedras.<\/p>\n<p>Ainda conforme a pol\u00edcia, al\u00e9m do suspeito, duas mulheres de 25 e 22 anos tamb\u00e9m seriam respons\u00e1veis pelo com\u00e9rcio de entorpecentes na casa. O idoso negou participa\u00e7\u00e3o no crime e disse que as drogas eram s\u00f3 das jovens. Elas n\u00e3o foram localizadas.<\/p>\n<p>Ele e o material apreendido foram encaminhados \u00e0 delegacia de plant\u00e3o da cidade. <\/p>\n<p><img decoding=\"async\" src=\"http:\/\/aconteceunovale.com.br\/portal\/wp-content\/uploads\/2016\/08\/trafico_gv_vovo.jpeg\" alt=\"\" \/><em>Material apreendido com idoso (Foto: Divulga\u00e7\u00e3o \/ PMMG)<\/em><br \/>\n<\/br><\/p>\n<p><em>(Fonte: O Tempo\/Carolina Caetano)<\/em><\/p>\n","protected":false},"excerpt":{"rendered":"<p>A Pol\u00edcia Militar (PM) prendeu um idoso de 64 anos, nessa quinta-feira (04\/08), suspeito de envolvimento com o tr\u00e1fico de drogas em Governador Valadares, no Vale do Rio Doce. O homem chegou a instalar um sistema de monitoramento para acompanhar a movimenta\u00e7\u00e3o pr\u00f3ximo ao local de \u201ctrabalho\u201d. Segundo a corpora\u00e7\u00e3o, militares chegaram at\u00e9 um im\u00f3vel [&hellip;]<\/p>\n","protected":false},"author":1,"featured_media":93818,"comment_status":"open","ping_status":"closed","sticky":false,"template":"","format":"standard","meta":{"amp_status":"","footnotes":""},"categories":[121],"tags":[247,108916,108915,108913,76068,46661,108914],"class_list":["post-93817","post","type-post","status-publish","format-standard","has-post-thumbnail","hentry","category-leste","tag-governador-valadares","tag-idoso-preso-em-governador-valadares-usava-cameras-para-monitorar-area-de-trafico-de-drogas","tag-idoso-preso-em-governador-valadares-usava-cameras-para-monitorar-trafico-de-drogas","tag-idoso-preso-por-trafico-de-drogas-em-governador-valadares","tag-preso-por-trafico-de-drogas-em-governador-valadares","tag-trafico-de-drogas-em-governador-valadares","tag-vovo-do-trafico-instala-cameras-para-monitorar-trabalho-e-e-preso-em-governador-valadares"],"_links":{"self":[{"href":"https:\/\/aconteceunovale.com.br\/portal\/index.php?rest_route=\/wp\/v2\/posts\/93817","targetHints":{"allow":["GET"]}}],"collection":[{"href":"https:\/\/aconteceunovale.com.br\/portal\/index.php?rest_route=\/wp\/v2\/posts"}],"about":[{"href":"https:\/\/aconteceunovale.com.br\/portal\/index.php?rest_route=\/wp\/v2\/types\/post"}],"author":[{"embeddable":true,"href":"https:\/\/aconteceunovale.com.br\/portal\/index.php?rest_route=\/wp\/v2\/users\/1"}],"replies":[{"embeddable":true,"href":"https:\/\/aconteceunovale.com.br\/portal\/index.php?rest_route=%2Fwp%2Fv2%2Fcomments&post=93817"}],"version-history":[{"count":0,"href":"https:\/\/aconteceunovale.com.br\/portal\/index.php?rest_route=\/wp\/v2\/posts\/93817\/revisions"}],"wp:featuredmedia":[{"embeddable":true,"href":"https:\/\/aconteceunovale.com.br\/portal\/index.php?rest_route=\/wp\/v2\/media\/93818"}],"wp:attachment":[{"href":"https:\/\/aconteceunovale.com.br\/portal\/index.php?rest_route=%2Fwp%2Fv2%2Fmedia&parent=93817"}],"wp:term":[{"taxonomy":"category","embeddable":true,"href":"https:\/\/aconteceunovale.com.br\/portal\/index.php?rest_route=%2Fwp%2Fv2%2Fcategories&post=93817"},{"taxonomy":"post_tag","embeddable":true,"href":"https:\/\/aconteceunovale.com.br\/portal\/index.php?rest_route=%2Fwp%2Fv2%2Ftags&post=93817"}],"curies":[{"name":"wp","href":"https:\/\/api.w.org\/{rel}","templated":true}]}}