{"id":93804,"date":"2016-08-05T11:24:37","date_gmt":"2016-08-05T14:24:37","guid":{"rendered":"http:\/\/aconteceunovale.com.br\/portal\/?p=93804"},"modified":"2016-08-05T11:24:37","modified_gmt":"2016-08-05T14:24:37","slug":"capotamento-de-caminhonete-deixa-dois-feridos-na-br-116-no-vale-do-rio-doce","status":"publish","type":"post","link":"https:\/\/aconteceunovale.com.br\/portal\/?p=93804","title":{"rendered":"Capotamento de caminhonete deixa dois feridos na BR-116, no Vale do Rio Doce"},"content":{"rendered":"<p>Dois homens, de 39 e 43 anos, ficaram feridos em um acidente na BR-116, na manh\u00e3 de quinta-feira (04\/08), pr\u00f3ximo a Mathias Lobato, no Vale do Rio Doce. O motorista da caminhonete, de 42 anos, perdeu a dire\u00e7\u00e3o do ve\u00edculo, que capotou na pista.<\/p>\n<p>Lucio Francisco disse que seguia de Governador Valadares para Frei Inoc\u00eancio, quando perdeu o controle da dire\u00e7\u00e3o. \u201cEu estava a uns 80 km\/h e tinha \u00f3leo na pista\u201d. O ve\u00edculo derrapou, atravessou a rodovia, bateu em um pared\u00e3o de pedra e capotou. Os dois passageiros tiveram ferimentos leves, foram socorridos por uma ambul\u00e2ncia da cidade e levados ao hospital de Governador Valadares. O motorista n\u00e3o se feriu.<\/p>\n<p>Uma das faixas da rodovia chegou a ser interditada, mas o tr\u00e2nsito j\u00e1 foi liberado. O ve\u00edculo foi rebocado e ficou aos cuidados do propriet\u00e1rio.<\/p>\n<p><img decoding=\"async\" src=\"http:\/\/aconteceunovale.com.br\/portal\/wp-content\/uploads\/2016\/08\/acidente_mathias_lobato.jpg\" alt=\"\" \/><em>Dois passageiros ficaram feridos em acidente na BR-116 (Foto: S\u00e1vio Scarabelli\/G1)<\/em><br \/>\n<\/br><\/p>\n<p><em>(Fonte: G1 Vales de Minas Gerais)<\/em><\/p>\n","protected":false},"excerpt":{"rendered":"<p>Dois homens, de 39 e 43 anos, ficaram feridos em um acidente na BR-116, na manh\u00e3 de quinta-feira (04\/08), pr\u00f3ximo a Mathias Lobato, no Vale do Rio Doce. O motorista da caminhonete, de 42 anos, perdeu a dire\u00e7\u00e3o do ve\u00edculo, que capotou na pista. Lucio Francisco disse que seguia de Governador Valadares para Frei Inoc\u00eancio, [&hellip;]<\/p>\n","protected":false},"author":1,"featured_media":93805,"comment_status":"open","ping_status":"closed","sticky":false,"template":"","format":"standard","meta":{"amp_status":"","footnotes":""},"categories":[121],"tags":[86188,86189,3945,108888,108889,290,247,108890,302],"class_list":["post-93804","post","type-post","status-publish","format-standard","has-post-thumbnail","hentry","category-leste","tag-acidente-em-mathias-lobato","tag-acidente-na-br-116-em-mathias-lobato","tag-acidente-na-br-116","tag-capotamento-de-caminhonete-deixa-dois-feridos-na-br-116","tag-capotamento-de-caminhonete-deixa-dois-feridos-na-br-116-em-mathias-lobato","tag-frei-inocencio","tag-governador-valadares","tag-lucio-francisco","tag-mathias-lobato"],"_links":{"self":[{"href":"https:\/\/aconteceunovale.com.br\/portal\/index.php?rest_route=\/wp\/v2\/posts\/93804","targetHints":{"allow":["GET"]}}],"collection":[{"href":"https:\/\/aconteceunovale.com.br\/portal\/index.php?rest_route=\/wp\/v2\/posts"}],"about":[{"href":"https:\/\/aconteceunovale.com.br\/portal\/index.php?rest_route=\/wp\/v2\/types\/post"}],"author":[{"embeddable":true,"href":"https:\/\/aconteceunovale.com.br\/portal\/index.php?rest_route=\/wp\/v2\/users\/1"}],"replies":[{"embeddable":true,"href":"https:\/\/aconteceunovale.com.br\/portal\/index.php?rest_route=%2Fwp%2Fv2%2Fcomments&post=93804"}],"version-history":[{"count":0,"href":"https:\/\/aconteceunovale.com.br\/portal\/index.php?rest_route=\/wp\/v2\/posts\/93804\/revisions"}],"wp:featuredmedia":[{"embeddable":true,"href":"https:\/\/aconteceunovale.com.br\/portal\/index.php?rest_route=\/wp\/v2\/media\/93805"}],"wp:attachment":[{"href":"https:\/\/aconteceunovale.com.br\/portal\/index.php?rest_route=%2Fwp%2Fv2%2Fmedia&parent=93804"}],"wp:term":[{"taxonomy":"category","embeddable":true,"href":"https:\/\/aconteceunovale.com.br\/portal\/index.php?rest_route=%2Fwp%2Fv2%2Fcategories&post=93804"},{"taxonomy":"post_tag","embeddable":true,"href":"https:\/\/aconteceunovale.com.br\/portal\/index.php?rest_route=%2Fwp%2Fv2%2Ftags&post=93804"}],"curies":[{"name":"wp","href":"https:\/\/api.w.org\/{rel}","templated":true}]}}