{"id":93799,"date":"2016-08-05T10:45:48","date_gmt":"2016-08-05T13:45:48","guid":{"rendered":"http:\/\/aconteceunovale.com.br\/portal\/?p=93799"},"modified":"2016-08-05T10:45:48","modified_gmt":"2016-08-05T13:45:48","slug":"registro-de-homicidios-em-governador-valadares-aumenta-quase-10-no-1o-semestre","status":"publish","type":"post","link":"https:\/\/aconteceunovale.com.br\/portal\/?p=93799","title":{"rendered":"Registro de homic\u00eddios em Governador Valadares aumenta quase 10% no 1\u00ba semestre"},"content":{"rendered":"<p>No primeiro semestre de 2016 foram registrados 57 homic\u00eddios em Governador Valadares, representando um aumento de 9,62% em rela\u00e7\u00e3o ao mesmo per\u00edodo do ano passado. Os n\u00fameros foram apresentados na quinta-feira (04\/08) pelas Pol\u00edcias Militar e Civil, que comentaram a respeito dos \u00edndices registrados na primeira metade do ano.<\/p>\n<p>Se as mortes consumadas tiveram aumento, os n\u00fameros das tentativas de homic\u00eddio apresentaram queda. Foram 109 tentativas em 2016 contra 133 em 2015, representando queda de 18,05%. Para o delegado de homic\u00eddios, Gean Vitor Fanti, a cidade ainda \u00e9 considerada violenta, mas ele avalia que a atua\u00e7\u00e3o das pol\u00edcias na repress\u00e3o desses crimes tem se fortalecido nos \u00faltimos dois anos.<\/p>\n<p>\u201cValadares continua sendo uma cidade violenta, mas estamos conseguindo dar uma resposta mais imediata. A verdade \u00e9 que o n\u00famero de pris\u00f5es aumentou consideravelmente de 2014 at\u00e9 agora. A nossa inten\u00e7\u00e3o \u00e9 que os n\u00fameros de homic\u00eddio ainda caiam mais, mas \u00e9 certo que Valadares conseguiu estabilizar at\u00e9 certo ponto o n\u00famero de homic\u00eddios, que ainda continua alto\u201d, aponta o delegado.<\/p>\n<p>Os dados apontaram ainda as tr\u00eas regi\u00f5es mais violentas da cidade, de acordo com o n\u00famero de mortes. Em primeiro lugar est\u00e1 a regi\u00e3o que compreende os bairros Penha, Figueira e Novo Horizonte. Em seguida est\u00e3o os bairros Ip\u00ea e S\u00e3o Raimundo, um local conhecido como Morro da Orelha. Por fim, a regi\u00e3o do Carapina, Nossa Senhora das Gra\u00e7as e Esperan\u00e7a.<\/p>\n<p>Segundo o major da Pol\u00edcia Militar, Fausto Machado, a identifica\u00e7\u00e3o dessas \u00e1reas permitiu um trabalho mais ostensivo de combate ao crime nesses locais. Como resultado, foram presos ou apreendidos quatro indiv\u00edduos na regi\u00e3o do Penha, nove no Ip\u00ea e um no Carapina; pessoas que estariam diretamente ligadas ao comando do tr\u00e1fico nessas regi\u00f5es. Ele tamb\u00e9m apresentou nomes de tr\u00eas foragidos dessas gangues que ainda n\u00e3o foram capturados, mas que t\u00eam mandados de pris\u00e3o.<\/p>\n<p>\u201cEsses indiv\u00edduos que foram retirados do conv\u00edvio social ofereciam grande perigo para a sociedade, mas sabemos que existem substitutos \u00e0 medida que s\u00e3o presos. Por isso, o trabalho \u00e9 permanente e h\u00e1 indiv\u00edduos investigados que ainda n\u00e3o foram presos, mas que s\u00e3o alvos de investiga\u00e7\u00e3o e trabalho de intelig\u00eancia. \u00c9 um n\u00famero significativo, temos mais de 50 autores de homic\u00eddio sob investiga\u00e7\u00e3o\u201d, informou o Major.<\/p>\n<p>Durante as pris\u00f5es relacionadas a esses crimes, tamb\u00e9m foram apreendidas 83 armas, que est\u00e3o \u00e2 disposi\u00e7\u00e3o da Justi\u00e7a como provas enquanto durarem as investiga\u00e7\u00f5es, e posteriormente ser\u00e3o encaminhadas para incinera\u00e7\u00e3o ap\u00f3s o fim dos processos judiciais.<\/p>\n<p><strong>Perfil dos crimes<\/strong><\/p>\n<p>Foram apresentadas ainda estat\u00edsticas relacionadas ao sexo e idade das v\u00edtimas, bem como os dias e hor\u00e1rios em que os homic\u00eddios foram mais frequentes. Em rela\u00e7\u00e3o ao perfil das v\u00edtimas, a maioria era do sexo masculino, com idade entre 18 a 35 anos. Quanto ao hor\u00e1rio, a maioria dos assassinatos ocorreu nos fins de semana e o hor\u00e1rio mais recorrente foi entre 12 \u00e0s 18 horas. Para Gean Fanti, o perfil dos crimes mostra uma clara rela\u00e7\u00e3o entre as mortes e o tr\u00e1fico de drogas na cidade.<\/p>\n<p>\u201cMesmo sem um estudo mais aprofundado, o que podemos perceber \u00e9 que houve uma mudan\u00e7a em rela\u00e7\u00e3o aos hor\u00e1rios desses crimes, que antes eram mais registrados durante a madrugada. Uma poss\u00edvel explica\u00e7\u00e3o \u00e9 a guerras entre as gangues. Os membros delas t\u00eam se exposto menos durante a noite, quando n\u00e3o podem ver o terreno com seguran\u00e7a, mas aparecem mais durante o dia, virando alvo de gangues rivais\u201d, destaca o delegado.<\/p>\n<p><em>(Fonte: G1 Vales de Minas Gerais\/Zana Ferreira)<\/em><\/p>\n","protected":false},"excerpt":{"rendered":"<p>No primeiro semestre de 2016 foram registrados 57 homic\u00eddios em Governador Valadares, representando um aumento de 9,62% em rela\u00e7\u00e3o ao mesmo per\u00edodo do ano passado. Os n\u00fameros foram apresentados na quinta-feira (04\/08) pelas Pol\u00edcias Militar e Civil, que comentaram a respeito dos \u00edndices registrados na primeira metade do ano. Se as mortes consumadas tiveram aumento, [&hellip;]<\/p>\n","protected":false},"author":1,"featured_media":47642,"comment_status":"open","ping_status":"closed","sticky":false,"template":"","format":"standard","meta":{"amp_status":"","footnotes":""},"categories":[121],"tags":[6967,108877,24349,247,4167,108875,108878,108879,108876,44656],"class_list":["post-93799","post","type-post","status-publish","format-standard","has-post-thumbnail","hentry","category-leste","tag-assassinatos-em-governador-valadares","tag-crimes-em-governador-valadares","tag-gean-vitor-fanti","tag-governador-valadares","tag-homicidios-em-governador-valadares","tag-no-primeiro-semestre-de-2016-foram-registrados-57-homicidios-em-governador-valadares","tag-numeros-da-violencia-em-governador-valadares","tag-registro-de-homicidios-em-governador-valadares-aumenta-quase-10-no-1o-semestre","tag-registros-de-crimes-em-governador-valadares","tag-violencia-em-governador-valadares"],"_links":{"self":[{"href":"https:\/\/aconteceunovale.com.br\/portal\/index.php?rest_route=\/wp\/v2\/posts\/93799","targetHints":{"allow":["GET"]}}],"collection":[{"href":"https:\/\/aconteceunovale.com.br\/portal\/index.php?rest_route=\/wp\/v2\/posts"}],"about":[{"href":"https:\/\/aconteceunovale.com.br\/portal\/index.php?rest_route=\/wp\/v2\/types\/post"}],"author":[{"embeddable":true,"href":"https:\/\/aconteceunovale.com.br\/portal\/index.php?rest_route=\/wp\/v2\/users\/1"}],"replies":[{"embeddable":true,"href":"https:\/\/aconteceunovale.com.br\/portal\/index.php?rest_route=%2Fwp%2Fv2%2Fcomments&post=93799"}],"version-history":[{"count":0,"href":"https:\/\/aconteceunovale.com.br\/portal\/index.php?rest_route=\/wp\/v2\/posts\/93799\/revisions"}],"wp:featuredmedia":[{"embeddable":true,"href":"https:\/\/aconteceunovale.com.br\/portal\/index.php?rest_route=\/wp\/v2\/media\/47642"}],"wp:attachment":[{"href":"https:\/\/aconteceunovale.com.br\/portal\/index.php?rest_route=%2Fwp%2Fv2%2Fmedia&parent=93799"}],"wp:term":[{"taxonomy":"category","embeddable":true,"href":"https:\/\/aconteceunovale.com.br\/portal\/index.php?rest_route=%2Fwp%2Fv2%2Fcategories&post=93799"},{"taxonomy":"post_tag","embeddable":true,"href":"https:\/\/aconteceunovale.com.br\/portal\/index.php?rest_route=%2Fwp%2Fv2%2Ftags&post=93799"}],"curies":[{"name":"wp","href":"https:\/\/api.w.org\/{rel}","templated":true}]}}