{"id":93756,"date":"2016-08-04T20:56:49","date_gmt":"2016-08-04T23:56:49","guid":{"rendered":"http:\/\/aconteceunovale.com.br\/portal\/?p=93756"},"modified":"2016-08-05T10:29:07","modified_gmt":"2016-08-05T13:29:07","slug":"norte-de-minas-tera-servico-aeromedico-de-urgencia-e-emergencia","status":"publish","type":"post","link":"https:\/\/aconteceunovale.com.br\/portal\/?p=93756","title":{"rendered":"Bombeiros anunciam servi\u00e7o aerom\u00e9dico de urg\u00eancia e emerg\u00eancia no Norte e Leste de Minas Gerais"},"content":{"rendered":"<p>Dentro da estrat\u00e9gia definida pela Secretaria de Estado de Sa\u00fade de Minas Gerais (SES-MG) de dotar os territ\u00f3rios regionais de melhor estrutura para atendimento de casos de urg\u00eancia e emerg\u00eancia, o Governo de Minas Gerais, por meio do comando geral do Corpo de Bombeiros Militar, iniciou processo para aquisi\u00e7\u00e3o de duas aeronaves que ser\u00e3o destinadas para o Norte e Leste de Minas Gerais. Em Montes Claros, a previs\u00e3o \u00e9 de que a unidade de atendimento aerom\u00e9dico comece a ser operacionalizada no primeiro semestre de 2017.<\/p>\n<p>O an\u00fancio da implanta\u00e7\u00e3o da unidade no Norte de Minas Gerais foi comunicada \u00e0 superintendente regional de sa\u00fade de Montes Claros, Patr\u00edcia Aparecida Afonso Guimar\u00e3es Mendes pelo Coronel Primo Lara de Almeida J\u00fanior, comandante do 4\u00ba Comando Operacional de Bombeiros em Montes Claros.<\/p>\n<p>Ele explicou que a aeronave que ser\u00e1 destinada \u00e0 regi\u00e3o ter\u00e1 capacidade para transportar at\u00e9 sete pessoas e, sob a responsabilidade da corpora\u00e7\u00e3o, elas ser\u00e3o utilizadas prioritariamente para resgate de pessoas em situa\u00e7\u00e3o de urg\u00eancia e emerg\u00eancia.<\/p>\n<p>O comandante assinalou que o investimento que o Governo do Estado est\u00e1 fazendo com a aquisi\u00e7\u00e3o das aeronaves possibilitar\u00e1 ao Corpo de Bombeiros agilizar o atendimento de v\u00edtimas de acidentes, numa regi\u00e3o que tem \u00e1rea territorial equivalente a 25% de todo o Estado.<\/p>\n<p>\u201cAs dist\u00e2ncias entre os munic\u00edpios norte-mineiros s\u00e3o muito grandes e, com a utiliza\u00e7\u00e3o de uma aeronave, teremos condi\u00e7\u00f5es de atender os chamados em menor espa\u00e7o de tempo\u201d, frisou o Coronel Primo. Na opini\u00e3o dele, a articula\u00e7\u00e3o da Superintend\u00eancia Regional de Sa\u00fade, visando integrar os munic\u00edpios e institui\u00e7\u00f5es de sa\u00fade com o Corpo de Bombeiros, ser\u00e1 fundamental para que o servi\u00e7o aerom\u00e9dico preste boa assist\u00eancia \u00e0 popula\u00e7\u00e3o.<\/p>\n<p>A superintendente regional de sa\u00fade, Patr\u00edcia Guimar\u00e3es, assinalou a import\u00e2ncia de o Corpo de Bombeiros se inserir de forma ainda mais eficaz no atendimento de casos de urg\u00eancia e emerg\u00eancia em sa\u00fade, uma vez que as demandas da regi\u00e3o s\u00e3o consider\u00e1veis e as dist\u00e2ncias territoriais s\u00e3o longas.<\/p>\n<p>A superintendente lembrou que, desde 2015, a SRS de Montes Claros est\u00e1 trabalhando com vistas \u00e0 estrutura\u00e7\u00e3o de toda a rede de assist\u00eancia hospitalar, priorizando o segmento de urg\u00eancia e emerg\u00eancia. Nesse contexto, al\u00e9m do investimento na capacita\u00e7\u00e3o de profissionais, em julho deste ano a SRS, em parceria com a Universidade Estadual de Montes Claros (Unimontes) formalizou a assinatura de protocolo de cess\u00e3o de equipamentos de urg\u00eancia e emerg\u00eancia para hospitais de todas as microrregi\u00f5es de sa\u00fade do Norte de Minas.<\/p>\n<p>Al\u00e9m disso, salientou a superintendente, em novembro deste ano a Superintend\u00eancia Regional de Sa\u00fade realizar\u00e1 semin\u00e1rio de capacita\u00e7\u00e3o de profissionais de todos os hospitais do Norte de Minas Gerais no atendimento de pacientes na \u00e1rea de urg\u00eancia e emerg\u00eancia e, nesse contexto a parceria com o Corpo de Bombeiros se constitui fator fundamental para que a regi\u00e3o tenha condi\u00e7\u00f5es de prestar servi\u00e7o \u00e0 popula\u00e7\u00e3o de forma \u00e1gil e resolutiva.<\/p>\n<p><strong>Comit\u00ea de urg\u00eancia e emerg\u00eancia<\/strong><\/p>\n<p>O comandante do Batalh\u00e3o do Corpo de Bombeiros aceitou proposta da SRS de Montes Claros para participar da pr\u00f3xima reuni\u00e3o do Comit\u00ea de Urg\u00eancia e Emerg\u00eancia do Norte de Minas, oportunidade que far\u00e1 apresenta\u00e7\u00e3o do trabalho que a corpora\u00e7\u00e3o passar\u00e1 a executar a partir da aquisi\u00e7\u00e3o da aeronave.<\/p>\n<p>O comit\u00ea \u00e9 constitu\u00eddo por representantes de v\u00e1rias institui\u00e7\u00f5es, entre elas o Servi\u00e7o M\u00f3vel de Urg\u00eancia e Emerg\u00eancia (Samu), hospitais, o Conselho de Secret\u00e1rios Municipais de Sa\u00fade (Cosems), entre outros.<\/p>\n<p>O Corpo de Bombeiros tamb\u00e9m vai avaliar proposta da SRS de se constituir uma das institui\u00e7\u00f5es parceiras da Unimontes na implanta\u00e7\u00e3o de curso de especializa\u00e7\u00e3o de profissionais da sa\u00fade na \u00e1rea de urg\u00eancia e emerg\u00eancia, conforme projeto proposto e que est\u00e1 sendo avaliado pelo reitor da Universidade, professor Jo\u00e3o dos Reis Canela.<\/p>\n<p><img decoding=\"async\" src=\"http:\/\/aconteceunovale.com.br\/portal\/wp-content\/uploads\/2016\/08\/servico_aeromedico.jpg\" alt=\"\" \/><em>Aeronave agiliza socorro de v\u00edtimas em estado grave (Divulga\u00e7\u00e3o Corpo de Bombeiros)<\/em><br \/>\n<\/br><\/p>\n<p><em>(Ag\u00eancia Minas)<\/em><\/p>\n","protected":false},"excerpt":{"rendered":"<p>Dentro da estrat\u00e9gia definida pela Secretaria de Estado de Sa\u00fade de Minas Gerais (SES-MG) de dotar os territ\u00f3rios regionais de melhor estrutura para atendimento de casos de urg\u00eancia e emerg\u00eancia, o Governo de Minas Gerais, por meio do comando geral do Corpo de Bombeiros Militar, iniciou processo para aquisi\u00e7\u00e3o de duas aeronaves que ser\u00e3o destinadas [&hellip;]<\/p>\n","protected":false},"author":1,"featured_media":93757,"comment_status":"open","ping_status":"closed","sticky":false,"template":"","format":"standard","meta":{"amp_status":"","footnotes":""},"categories":[1236],"tags":[108795,108869,108797,108796,210,108798,108793,108794,108870],"class_list":["post-93756","post","type-post","status-publish","format-standard","has-post-thumbnail","hentry","category-norte_de_minas","tag-aeronave-para-servico-aeromedico-de-urgencia-e-emergencia","tag-bombeiros-anunciam-servico-aeromedico-de-urgencia-e-emergencia-no-norte-e-leste-de-minas-gerais","tag-comandante-do-4o-comando-operacional-de-bombeiros-em-montes-claros","tag-coronel-primo-lara-de-almeida-junior","tag-montes-claros","tag-norte-de-minas-tera-servico-aeromedico-de-urgencia-e-emergencia","tag-servico-aeromedico-de-urgencia-e-emergencia","tag-servico-aeromedico-de-urgencia-e-emergencia-no-norte-de-minas","tag-servico-aeromedico-de-urgencia-e-emergencia-no-norte-e-leste-de-minas-gerais"],"_links":{"self":[{"href":"https:\/\/aconteceunovale.com.br\/portal\/index.php?rest_route=\/wp\/v2\/posts\/93756","targetHints":{"allow":["GET"]}}],"collection":[{"href":"https:\/\/aconteceunovale.com.br\/portal\/index.php?rest_route=\/wp\/v2\/posts"}],"about":[{"href":"https:\/\/aconteceunovale.com.br\/portal\/index.php?rest_route=\/wp\/v2\/types\/post"}],"author":[{"embeddable":true,"href":"https:\/\/aconteceunovale.com.br\/portal\/index.php?rest_route=\/wp\/v2\/users\/1"}],"replies":[{"embeddable":true,"href":"https:\/\/aconteceunovale.com.br\/portal\/index.php?rest_route=%2Fwp%2Fv2%2Fcomments&post=93756"}],"version-history":[{"count":0,"href":"https:\/\/aconteceunovale.com.br\/portal\/index.php?rest_route=\/wp\/v2\/posts\/93756\/revisions"}],"wp:featuredmedia":[{"embeddable":true,"href":"https:\/\/aconteceunovale.com.br\/portal\/index.php?rest_route=\/wp\/v2\/media\/93757"}],"wp:attachment":[{"href":"https:\/\/aconteceunovale.com.br\/portal\/index.php?rest_route=%2Fwp%2Fv2%2Fmedia&parent=93756"}],"wp:term":[{"taxonomy":"category","embeddable":true,"href":"https:\/\/aconteceunovale.com.br\/portal\/index.php?rest_route=%2Fwp%2Fv2%2Fcategories&post=93756"},{"taxonomy":"post_tag","embeddable":true,"href":"https:\/\/aconteceunovale.com.br\/portal\/index.php?rest_route=%2Fwp%2Fv2%2Ftags&post=93756"}],"curies":[{"name":"wp","href":"https:\/\/api.w.org\/{rel}","templated":true}]}}