{"id":93754,"date":"2016-08-04T20:48:12","date_gmt":"2016-08-04T23:48:12","guid":{"rendered":"http:\/\/aconteceunovale.com.br\/portal\/?p=93754"},"modified":"2016-08-04T20:48:12","modified_gmt":"2016-08-04T23:48:12","slug":"ufmg-abre-concurso-publico-para-preenchimento-de-111-vagas","status":"publish","type":"post","link":"https:\/\/aconteceunovale.com.br\/portal\/?p=93754","title":{"rendered":"UFMG abre concurso p\u00fablico para preenchimento de 111 vagas"},"content":{"rendered":"<p>A Universidade Federal de Minas Gerais (UFMG) abriu concurso p\u00fablico para preencher 111 vagas em 38 cargos cargos de t\u00e9cnicos administrativos em educa\u00e7\u00e3o, como assistente em administra\u00e7\u00e3o, auxiliar em enfermagem, farmac\u00eautico e rela\u00e7\u00f5es p\u00fablicas. Candidatos que quiserem pedir a isen\u00e7\u00e3o da taxa de inscri\u00e7\u00e3o devem se inscrever at\u00e9 esta quarta-feira (04\/08). Os outros t\u00eam at\u00e9 o dia 22 de agosto.<\/p>\n<p>As vagas s\u00e3o para Belo Horizonte, Montes Claros, Diamantina e Tiradentes. Os valores das taxas s\u00e3o de R$ 75, R$ 90 e R$ 130, de acordo com a categoria \u00e0 qual pertence o cargo escolhido (C, D ou E). Os sal\u00e1rios s\u00e3o, respectivamente, R$ 1.739,04, R$ 2.175,17 e R$ 3.666,54. Para inscri\u00e7\u00f5es, <strong><a href=\"https:\/\/sistemas.ufmg.br\/edital3582016\/principal.do\" target=\"_blank\">clique aqui<\/a><\/strong>.<\/p>\n<p><strong>Nome social<\/strong><\/p>\n<p>O concurso traz a novidade da possibilidade de uso do nome social por travestis e transexuais. Interessados devem fazer o pedido no ato da inscri\u00e7\u00e3o, devendo apresentar tamb\u00e9m os documentos que motivam a solicita\u00e7\u00e3o.<\/p>\n<p>Quem precisar de atendimento especial durante a aplica\u00e7\u00e3o das provas pode fazer a solicita\u00e7\u00e3o por meio do formul\u00e1rio dispon\u00edvel na p\u00e1gina do concurso. As provas acontecem no dia 25 de setembro. (O Tempo)<\/p>\n","protected":false},"excerpt":{"rendered":"<p>A Universidade Federal de Minas Gerais (UFMG) abriu concurso p\u00fablico para preencher 111 vagas em 38 cargos cargos de t\u00e9cnicos administrativos em educa\u00e7\u00e3o, como assistente em administra\u00e7\u00e3o, auxiliar em enfermagem, farmac\u00eautico e rela\u00e7\u00f5es p\u00fablicas. Candidatos que quiserem pedir a isen\u00e7\u00e3o da taxa de inscri\u00e7\u00e3o devem se inscrever at\u00e9 esta quarta-feira (04\/08). Os outros t\u00eam at\u00e9 [&hellip;]<\/p>\n","protected":false},"author":1,"featured_media":66618,"comment_status":"open","ping_status":"closed","sticky":false,"template":"","format":"standard","meta":{"amp_status":"","footnotes":""},"categories":[40237,40236,123,1236,120],"tags":[194,108789,108791,108786,108790,1018,198,210,711,108787,874,108792,24166,108788],"class_list":["post-93754","post","type-post","status-publish","format-standard","has-post-thumbnail","hentry","category-concursos","category-empregos-2","category-gerais","category-norte_de_minas","category-jequi","tag-belo-horizonte","tag-concurso-publico-ufmg","tag-concurso-publico-universidade-federal-de-minas-gerais","tag-concurso-ufmg","tag-concurso-universidade-federal-de-minas-gerais","tag-destaque","tag-diamantina","tag-montes-claros","tag-tiradentes","tag-trabalho-ufmg","tag-ufmg","tag-ufmg-abre-concurso-publico-para-preenchimento-de-111-vagas","tag-universidade-federal-de-minas-gerais","tag-vagas-ufmg"],"_links":{"self":[{"href":"https:\/\/aconteceunovale.com.br\/portal\/index.php?rest_route=\/wp\/v2\/posts\/93754","targetHints":{"allow":["GET"]}}],"collection":[{"href":"https:\/\/aconteceunovale.com.br\/portal\/index.php?rest_route=\/wp\/v2\/posts"}],"about":[{"href":"https:\/\/aconteceunovale.com.br\/portal\/index.php?rest_route=\/wp\/v2\/types\/post"}],"author":[{"embeddable":true,"href":"https:\/\/aconteceunovale.com.br\/portal\/index.php?rest_route=\/wp\/v2\/users\/1"}],"replies":[{"embeddable":true,"href":"https:\/\/aconteceunovale.com.br\/portal\/index.php?rest_route=%2Fwp%2Fv2%2Fcomments&post=93754"}],"version-history":[{"count":0,"href":"https:\/\/aconteceunovale.com.br\/portal\/index.php?rest_route=\/wp\/v2\/posts\/93754\/revisions"}],"wp:featuredmedia":[{"embeddable":true,"href":"https:\/\/aconteceunovale.com.br\/portal\/index.php?rest_route=\/wp\/v2\/media\/66618"}],"wp:attachment":[{"href":"https:\/\/aconteceunovale.com.br\/portal\/index.php?rest_route=%2Fwp%2Fv2%2Fmedia&parent=93754"}],"wp:term":[{"taxonomy":"category","embeddable":true,"href":"https:\/\/aconteceunovale.com.br\/portal\/index.php?rest_route=%2Fwp%2Fv2%2Fcategories&post=93754"},{"taxonomy":"post_tag","embeddable":true,"href":"https:\/\/aconteceunovale.com.br\/portal\/index.php?rest_route=%2Fwp%2Fv2%2Ftags&post=93754"}],"curies":[{"name":"wp","href":"https:\/\/api.w.org\/{rel}","templated":true}]}}