{"id":93750,"date":"2016-08-04T20:35:20","date_gmt":"2016-08-04T23:35:20","guid":{"rendered":"http:\/\/aconteceunovale.com.br\/portal\/?p=93750"},"modified":"2016-08-04T20:35:20","modified_gmt":"2016-08-04T23:35:20","slug":"desabamento-de-telhado-deixa-quatro-feridos-em-montes-claros","status":"publish","type":"post","link":"https:\/\/aconteceunovale.com.br\/portal\/?p=93750","title":{"rendered":"Desabamento de telhado deixa quatro feridos em Montes Claros"},"content":{"rendered":"<p>O desabamento do telhado da \u00e1rea externa de uma casa no Bairro Planalto, em Montes Claros, na Regi\u00e3o Norte de Minas, na tarde de quarta-feira (03\/08), deixou quatro pessoas feridas. As v\u00edtimas, entre elas uma cadeirante, foram socorridas por ambul\u00e2ncias do Servi\u00e7o de Atendimento M\u00f3vel de Urg\u00eancia e Emerg\u00eancia (Samu) e encaminhadas para o pronto socorro da Santa Casa da cidade. <\/p>\n<p>O acidente aconteceu por volta das 12h40min. A \u00e1rea fica situada no fundo da resid\u00eancia. De acordo com o Corpo de Bombeiros, quatro pessoas se encontravam no local, quando o telhado veio abaixo. Tr\u00eas do sexo feminino e um do sexo masculino ficaram feridos. O caso mais delicado foi uma cadeirante que sofreu um corte na cabe\u00e7a.<\/p>\n<p>As causas do desabamento ainda ser\u00e3o apuradas. No in\u00edcio da tarde, uma chuva fina atingiu Montes Claros, mas, a princ\u00edpio, o fato n\u00e3o tem nenhuma rela\u00e7\u00e3o com a precipita\u00e7\u00e3o. Os bombeiros fizeram o servi\u00e7o de derrubada do restante da estrutura do telhado que ficou de p\u00e9 para impedir riscos de novos acidentes.<\/p>\n<p><img decoding=\"async\" src=\"http:\/\/aconteceunovale.com.br\/portal\/wp-content\/uploads\/2016\/08\/desabamento_moc_1.jpg\" alt=\"\" \/><em>Telhado desabou sobre quatro moradores (Foto: Corpo de Bombeiros\/Divulga\u00e7\u00e3o)<\/em><br \/>\n<\/br><\/p>\n<p><img decoding=\"async\" src=\"http:\/\/aconteceunovale.com.br\/portal\/wp-content\/uploads\/2016\/08\/desabamento_moc_2.jpg\" alt=\"\" \/><em>Telhado desabou sobre quatro moradores (Foto: Corpo de Bombeiros\/Divulga\u00e7\u00e3o)<\/em><br \/>\n<\/br><\/p>\n<p><em>(Fonte: Estado de Minas \/ Corpo de Bombeiros)<\/em><\/p>\n","protected":false},"excerpt":{"rendered":"<p>O desabamento do telhado da \u00e1rea externa de uma casa no Bairro Planalto, em Montes Claros, na Regi\u00e3o Norte de Minas, na tarde de quarta-feira (03\/08), deixou quatro pessoas feridas. As v\u00edtimas, entre elas uma cadeirante, foram socorridas por ambul\u00e2ncias do Servi\u00e7o de Atendimento M\u00f3vel de Urg\u00eancia e Emerg\u00eancia (Samu) e encaminhadas para o pronto [&hellip;]<\/p>\n","protected":false},"author":1,"featured_media":93751,"comment_status":"open","ping_status":"closed","sticky":false,"template":"","format":"standard","meta":{"amp_status":"","footnotes":""},"categories":[1236],"tags":[108784,108783,108785,210],"class_list":["post-93750","post","type-post","status-publish","format-standard","has-post-thumbnail","hentry","category-norte_de_minas","tag-acidente-telhado-montes-claros","tag-desabamento-de-telhado-deixa-quatro-feridos-em-montes-claros","tag-desabamento-telhado-montes-claros","tag-montes-claros"],"_links":{"self":[{"href":"https:\/\/aconteceunovale.com.br\/portal\/index.php?rest_route=\/wp\/v2\/posts\/93750","targetHints":{"allow":["GET"]}}],"collection":[{"href":"https:\/\/aconteceunovale.com.br\/portal\/index.php?rest_route=\/wp\/v2\/posts"}],"about":[{"href":"https:\/\/aconteceunovale.com.br\/portal\/index.php?rest_route=\/wp\/v2\/types\/post"}],"author":[{"embeddable":true,"href":"https:\/\/aconteceunovale.com.br\/portal\/index.php?rest_route=\/wp\/v2\/users\/1"}],"replies":[{"embeddable":true,"href":"https:\/\/aconteceunovale.com.br\/portal\/index.php?rest_route=%2Fwp%2Fv2%2Fcomments&post=93750"}],"version-history":[{"count":0,"href":"https:\/\/aconteceunovale.com.br\/portal\/index.php?rest_route=\/wp\/v2\/posts\/93750\/revisions"}],"wp:featuredmedia":[{"embeddable":true,"href":"https:\/\/aconteceunovale.com.br\/portal\/index.php?rest_route=\/wp\/v2\/media\/93751"}],"wp:attachment":[{"href":"https:\/\/aconteceunovale.com.br\/portal\/index.php?rest_route=%2Fwp%2Fv2%2Fmedia&parent=93750"}],"wp:term":[{"taxonomy":"category","embeddable":true,"href":"https:\/\/aconteceunovale.com.br\/portal\/index.php?rest_route=%2Fwp%2Fv2%2Fcategories&post=93750"},{"taxonomy":"post_tag","embeddable":true,"href":"https:\/\/aconteceunovale.com.br\/portal\/index.php?rest_route=%2Fwp%2Fv2%2Ftags&post=93750"}],"curies":[{"name":"wp","href":"https:\/\/api.w.org\/{rel}","templated":true}]}}