{"id":93533,"date":"2016-08-02T14:22:04","date_gmt":"2016-08-02T17:22:04","guid":{"rendered":"http:\/\/aconteceunovale.com.br\/portal\/?p=93533"},"modified":"2016-08-02T14:22:04","modified_gmt":"2016-08-02T17:22:04","slug":"incendio-destroi-caminhao-em-sao-sebastiao-do-maranhao","status":"publish","type":"post","link":"https:\/\/aconteceunovale.com.br\/portal\/?p=93533","title":{"rendered":"Inc\u00eandio destr\u00f3i caminh\u00e3o em S\u00e3o Sebasti\u00e3o do Maranh\u00e3o"},"content":{"rendered":"<p>Um caminh\u00e3o foi completamente destru\u00eddo por um inc\u00eandio na madrugada desta ter\u00e7a-feira, 02 de agosto, em S\u00e3o Sebasti\u00e3o do Maranh\u00e3o, munic\u00edpio localizado na divisa entre os vales do Jequitinhonha e Rio Doce. O ve\u00edculo estava estacionado em uma rua do bairro Lagoa, quando por volta das 2 horas, moradores perceberam que o fogo estava consumindo a cabine. <\/p>\n<p>H\u00e1 suspeita que o inc\u00eandio tenha sido provocado de forma proposital. O caso ser\u00e1 investigado pela Pol\u00edcia Civil, que dever\u00e1 confirmar se o inc\u00eandio foi realmente criminoso ou foi causado por alguma falha mec\u00e2nica no ve\u00edculo.<\/p>\n<p>De acordo com a legisla\u00e7\u00e3o brasileira, a pena para quem causa inc\u00eandio \u00e9 de 3 a 6 anos de reclus\u00e3o, acrescida de multa. A pena pode ser aumentada em um ter\u00e7o se o crime \u00e9 cometido para obter vantagem pecuni\u00e1ria em proveito pr\u00f3prio ou alheio. Se o inc\u00eandio for culposo, a pena prevista \u00e9 de deten\u00e7\u00e3o de seis meses a dois anos.<\/p>\n<p><img decoding=\"async\" src=\"http:\/\/aconteceunovale.com.br\/portal\/wp-content\/uploads\/2016\/08\/incendio_maranhao_1.png\" alt=\"\" \/><\/p>\n<p><img decoding=\"async\" src=\"http:\/\/aconteceunovale.com.br\/portal\/wp-content\/uploads\/2016\/08\/incendio_maranhao_2.png\" alt=\"\" \/><\/p>\n<p><img decoding=\"async\" src=\"http:\/\/aconteceunovale.com.br\/portal\/wp-content\/uploads\/2016\/08\/incendio_maranhao_3.png\" alt=\"\" \/><\/p>\n<p><img decoding=\"async\" src=\"http:\/\/aconteceunovale.com.br\/portal\/wp-content\/uploads\/2016\/08\/incendio_maranhao_4.png\" alt=\"\" \/><\/p>\n<p><em>(Com informa\u00e7\u00f5es do \u00c1gua Boa em Foco e Jornal Conex\u00e3o)<\/em><\/p>\n","protected":false},"excerpt":{"rendered":"<p>Um caminh\u00e3o foi completamente destru\u00eddo por um inc\u00eandio na madrugada desta ter\u00e7a-feira, 02 de agosto, em S\u00e3o Sebasti\u00e3o do Maranh\u00e3o, munic\u00edpio localizado na divisa entre os vales do Jequitinhonha e Rio Doce. O ve\u00edculo estava estacionado em uma rua do bairro Lagoa, quando por volta das 2 horas, moradores perceberam que o fogo estava consumindo [&hellip;]<\/p>\n","protected":false},"author":1,"featured_media":93534,"comment_status":"open","ping_status":"closed","sticky":false,"template":"","format":"standard","meta":{"amp_status":"","footnotes":""},"categories":[121],"tags":[108422,108419,108421,108420,108423,108418,324],"class_list":["post-93533","post","type-post","status-publish","format-standard","has-post-thumbnail","hentry","category-leste","tag-ataque-caminhao-sao-sebastiao-do-maranhao","tag-caminhao-queimado-em-sao-sebastiao-do-maranhao","tag-fogo-destroi-caminhao-em-sao-sebastiao-do-maranhao","tag-incendio-caminhao-sao-sebastiao-do-maranhao","tag-incendio-destroi-caminhao-em-sao-sebastiao-do-maranhao","tag-incendio-sao-sebastiao-do-maranhao","tag-sao-sebastiao-do-maranhao"],"_links":{"self":[{"href":"https:\/\/aconteceunovale.com.br\/portal\/index.php?rest_route=\/wp\/v2\/posts\/93533","targetHints":{"allow":["GET"]}}],"collection":[{"href":"https:\/\/aconteceunovale.com.br\/portal\/index.php?rest_route=\/wp\/v2\/posts"}],"about":[{"href":"https:\/\/aconteceunovale.com.br\/portal\/index.php?rest_route=\/wp\/v2\/types\/post"}],"author":[{"embeddable":true,"href":"https:\/\/aconteceunovale.com.br\/portal\/index.php?rest_route=\/wp\/v2\/users\/1"}],"replies":[{"embeddable":true,"href":"https:\/\/aconteceunovale.com.br\/portal\/index.php?rest_route=%2Fwp%2Fv2%2Fcomments&post=93533"}],"version-history":[{"count":0,"href":"https:\/\/aconteceunovale.com.br\/portal\/index.php?rest_route=\/wp\/v2\/posts\/93533\/revisions"}],"wp:featuredmedia":[{"embeddable":true,"href":"https:\/\/aconteceunovale.com.br\/portal\/index.php?rest_route=\/wp\/v2\/media\/93534"}],"wp:attachment":[{"href":"https:\/\/aconteceunovale.com.br\/portal\/index.php?rest_route=%2Fwp%2Fv2%2Fmedia&parent=93533"}],"wp:term":[{"taxonomy":"category","embeddable":true,"href":"https:\/\/aconteceunovale.com.br\/portal\/index.php?rest_route=%2Fwp%2Fv2%2Fcategories&post=93533"},{"taxonomy":"post_tag","embeddable":true,"href":"https:\/\/aconteceunovale.com.br\/portal\/index.php?rest_route=%2Fwp%2Fv2%2Ftags&post=93533"}],"curies":[{"name":"wp","href":"https:\/\/api.w.org\/{rel}","templated":true}]}}