{"id":93305,"date":"2016-07-29T23:20:12","date_gmt":"2016-07-30T02:20:12","guid":{"rendered":"http:\/\/aconteceunovale.com.br\/portal\/?p=93305"},"modified":"2026-09-02T11:44:16","modified_gmt":"2026-09-02T14:44:16","slug":"convencoes-partidarias-movimentam-o-debate-politico-em-capelinha","status":"publish","type":"post","link":"https:\/\/aconteceunovale.com.br\/portal\/?p=93305","title":{"rendered":"Conven\u00e7\u00f5es partid\u00e1rias movimentam o cen\u00e1rio pol\u00edtico em Capelinha"},"content":{"rendered":"<p>Come\u00e7ou em todo o Brasil, no dia 20 de julho, o per\u00edodo das conven\u00e7\u00f5es eleitorais, que vai at\u00e9 5 de agosto. Nelas s\u00e3o conhecidos os candidatos a prefeito, vice e vereador que ir\u00e3o formar as chapas, coliga\u00e7\u00f5es e grupos que disputar\u00e3o as elei\u00e7\u00f5es municipais deste ano. Em Capelinha, este final de semana ser\u00e1 decisivo para os grupos pol\u00edticos, que se reunir\u00e3o no s\u00e1bado e no domingo.<\/p>\n<p>O prefeito Zezinho da Vitalina (PMDB), pr\u00e9-candidato a reelei\u00e7\u00e3o em uma chapa que contar\u00e1 com Concei\u00e7\u00e3o Vieira (PSDB) como vice, lidera a conven\u00e7\u00e3o da situa\u00e7\u00e3o pol\u00edtica de Capelinha, marcada para este s\u00e1bado, 30 de julho, na Escola Estadual Coronel Coelho, no Centro, das 9h \u00e0s 12h. O pr\u00e9-candidato conta com o apoio do PEN, PTB, PSDB, PCdoB, PT, PMN, PP, DEM, PSB, PTN e PROS.<\/p>\n<p>A conven\u00e7\u00e3o dos apoiadores do vereador e pr\u00e9-candidato a prefeito Tadeuzinho (PSC), que ainda n\u00e3o divulgou o nome do vice (mas dever\u00e1 decidir em uma lista que conta com nomes como o do vereador Cleuber Luiz e o da educadora \u00c9lida Cordeiro), ser\u00e1 tamb\u00e9m neste s\u00e1bado, e tamb\u00e9m \u00e0s 9h, mas ocorre na Escola Estadual Professor Ant\u00f4nio Lago, a partir das 9h. A base aliada de Tadeuzinho \u00e9 formada pelos partidos PSC, PSD, PRB, PTC e PSDC.<\/p>\n<p>O ex-prefeito Gelson Cordeiro (PV), impedido pela Justi\u00e7a Eleitoral de se candidatar nestas elei\u00e7\u00f5es, a exemplo do que ocorreu nas elei\u00e7\u00f5es de 2012, marcou conven\u00e7\u00e3o de seu grupo pol\u00edtico para este domingo, 31 de julho, \u00e0s 9h. O grupo de Gelson faz mist\u00e9rio sobre quem ir\u00e1 compor a chapa majorit\u00e1ria, formada pelos candidatos a prefeito e a vice-prefeito. O \u00faltimo boato que circula na cidade \u00e9 o de que Paulinho Pimenta, filho do ex-prefeito Maur\u00edcio Pimenta, vai figurar na chapa. Outro coment\u00e1rio nas conversas populares diz respeito a uma parceria com Tadeuzinho. Entre os nomes que poder\u00e3o estar na \u201cchapa de Gelson\u201d est\u00e3o ainda o da ex-vereadora Fl\u00e1via Fernandes, de seu filho Ivan (o Tchan), do vereador Roberval Pimenta e de Gelson J\u00fanior, filho de Gelson Cordeiro. O ex-prefeito n\u00e3o confirma oficialmente nenhuma destas informa\u00e7\u00f5es. Nem tampouco refuta. O grupo pol\u00edtico \u00e9 composto por integrantes do PV, PDT, PSL, PR e PHS.<\/p>\n<p><img decoding=\"async\" src=\"http:\/\/aconteceunovale.com.br\/portal\/wp-content\/uploads\/2016\/07\/candidatos_cap_1.jpg\" alt=\"\" \/><\/p>\n<p><img decoding=\"async\" src=\"http:\/\/aconteceunovale.com.br\/portal\/wp-content\/uploads\/2016\/07\/candidatos_cap_2.jpg\" alt=\"\" \/><\/p>\n<p><img decoding=\"async\" src=\"http:\/\/aconteceunovale.com.br\/portal\/wp-content\/uploads\/2016\/07\/candidatos_cap_3.jpg\" alt=\"\" \/><br \/>\n<\/br><\/p>\n<p><em>(Fonte: Jornal Local \/ Rosa Santos)<\/em><\/p>\n","protected":false},"excerpt":{"rendered":"<p>Come\u00e7ou em todo o Brasil, no dia 20 de julho, o per\u00edodo das conven\u00e7\u00f5es eleitorais, que vai at\u00e9 5 de agosto. Nelas s\u00e3o conhecidos os candidatos a prefeito, vice e vereador que ir\u00e3o formar as chapas, coliga\u00e7\u00f5es e grupos que disputar\u00e3o as elei\u00e7\u00f5es municipais deste ano. Em Capelinha, este final de semana ser\u00e1 decisivo para [&hellip;]<\/p>\n","protected":false},"author":1,"featured_media":65602,"comment_status":"open","ping_status":"closed","sticky":false,"template":"","format":"standard","meta":{"amp_status":"","footnotes":""},"categories":[272535,40240,120],"tags":[107881,107882,107880,132,12152,107879,107884,107878,107883,17594,15437],"class_list":["post-93305","post","type-post","status-publish","format-standard","has-post-thumbnail","hentry","category-capelinha","category-politica","category-jequi","tag-candidatos-a-prefeito-em-capelinha","tag-candidatos-a-vereador-em-capelinha","tag-candidatos-capelinha","tag-capelinha","tag-conceicao-vieira","tag-convencoes-partidarias-em-capelinha","tag-convencoes-partidarias-movimentam-o-cenario-politico-em-capelinha","tag-convencoes-partidarias-movimentam-o-debate-politico-em-capelinha","tag-gelson-cordeiro","tag-tadeuzinho","tag-zezinho-da-vitalina"],"yoast_head":"<!-- This site is optimized with the Yoast SEO plugin v28.3 - https:\/\/yoast.com\/product\/yoast-seo-wordpress\/ -->\n<title>Conven\u00e7\u00f5es partid\u00e1rias movimentam o cen\u00e1rio pol\u00edtico em Capelinha - Aconteceu no Vale<\/title>\n<meta name=\"robots\" content=\"index, follow, max-snippet:-1, max-image-preview:large, max-video-preview:-1\" \/>\n<link rel=\"canonical\" href=\"https:\/\/aconteceunovale.com.br\/portal\/?p=93305\" \/>\n<meta property=\"og:locale\" content=\"pt_BR\" \/>\n<meta property=\"og:type\" content=\"article\" \/>\n<meta property=\"og:title\" content=\"Conven\u00e7\u00f5es partid\u00e1rias movimentam o cen\u00e1rio pol\u00edtico em Capelinha - Aconteceu no Vale\" \/>\n<meta property=\"og:description\" content=\"Come\u00e7ou em todo o Brasil, no dia 20 de julho, o per\u00edodo das conven\u00e7\u00f5es eleitorais, que vai at\u00e9 5 de agosto. Nelas s\u00e3o conhecidos os candidatos a prefeito, vice e vereador que ir\u00e3o formar as chapas, coliga\u00e7\u00f5es e grupos que disputar\u00e3o as elei\u00e7\u00f5es municipais deste ano. Em Capelinha, este final de semana ser\u00e1 decisivo para [&hellip;]\" \/>\n<meta property=\"og:url\" content=\"https:\/\/aconteceunovale.com.br\/portal\/?p=93305\" \/>\n<meta property=\"og:site_name\" content=\"Aconteceu no Vale\" \/>\n<meta property=\"article:publisher\" content=\"https:\/\/www.facebook.com\/aconteceunovale\/\" \/>\n<meta property=\"article:published_time\" content=\"2016-07-30T02:20:12+00:00\" \/>\n<meta property=\"article:modified_time\" content=\"2026-09-02T14:44:16+00:00\" \/>\n<meta property=\"og:image\" content=\"https:\/\/aconteceunovale.com.br\/portal\/wp-content\/uploads\/2015\/08\/capelinha_mg.jpg\" \/>\n\t<meta property=\"og:image:width\" content=\"678\" \/>\n\t<meta property=\"og:image:height\" content=\"379\" \/>\n\t<meta property=\"og:image:type\" content=\"image\/jpeg\" \/>\n<meta name=\"author\" content=\"Aconteceu no Vale\" \/>\n<meta name=\"twitter:card\" content=\"summary_large_image\" \/>\n<meta name=\"twitter:creator\" content=\"@noticiadosvales\" \/>\n<meta name=\"twitter:site\" content=\"@noticiadosvales\" \/>\n<meta name=\"twitter:label1\" content=\"Escrito por\" \/>\n\t<meta name=\"twitter:data1\" content=\"Aconteceu no Vale\" \/>\n\t<meta name=\"twitter:label2\" content=\"Est. tempo de leitura\" \/>\n\t<meta name=\"twitter:data2\" content=\"2 minutos\" \/>\n<script type=\"application\/ld+json\" class=\"yoast-schema-graph\">{\"@context\":\"https:\\\/\\\/schema.org\",\"@graph\":[{\"@type\":\"Article\",\"@id\":\"https:\\\/\\\/aconteceunovale.com.br\\\/portal\\\/?p=93305#article\",\"isPartOf\":{\"@id\":\"https:\\\/\\\/aconteceunovale.com.br\\\/portal\\\/?p=93305\"},\"author\":{\"name\":\"Aconteceu no Vale\",\"@id\":\"https:\\\/\\\/aconteceunovale.com.br\\\/portal\\\/#\\\/schema\\\/person\\\/633529146f2c94272bef50ac2953d589\"},\"headline\":\"Conven\u00e7\u00f5es partid\u00e1rias movimentam o cen\u00e1rio pol\u00edtico em Capelinha\",\"datePublished\":\"2016-07-30T02:20:12+00:00\",\"dateModified\":\"2026-09-02T14:44:16+00:00\",\"mainEntityOfPage\":{\"@id\":\"https:\\\/\\\/aconteceunovale.com.br\\\/portal\\\/?p=93305\"},\"wordCount\":411,\"commentCount\":0,\"image\":{\"@id\":\"https:\\\/\\\/aconteceunovale.com.br\\\/portal\\\/?p=93305#primaryimage\"},\"thumbnailUrl\":\"https:\\\/\\\/aconteceunovale.com.br\\\/portal\\\/wp-content\\\/uploads\\\/2015\\\/08\\\/capelinha_mg.jpg\",\"keywords\":[\"Candidatos a prefeito em Capelinha\",\"Candidatos a vereador em Capelinha\",\"Candidatos Capelinha\",\"Capelinha\",\"Concei\u00e7\u00e3o Vieira\",\"Conven\u00e7\u00f5es partid\u00e1rias em Capelinha\",\"Conven\u00e7\u00f5es partid\u00e1rias movimentam o cen\u00e1rio pol\u00edtico em Capelinha\",\"Conven\u00e7\u00f5es partid\u00e1rias movimentam o debate pol\u00edtico em Capelinha\",\"Gelson Cordeiro\",\"Tadeuzinho\",\"Zezinho da Vitalina\"],\"articleSection\":[\"Capelinha\",\"Pol\u00edtica\",\"Vale do Jequitinhonha\"],\"inLanguage\":\"pt-BR\",\"potentialAction\":[{\"@type\":\"CommentAction\",\"name\":\"Comment\",\"target\":[\"https:\\\/\\\/aconteceunovale.com.br\\\/portal\\\/?p=93305#respond\"]}]},{\"@type\":\"WebPage\",\"@id\":\"https:\\\/\\\/aconteceunovale.com.br\\\/portal\\\/?p=93305\",\"url\":\"https:\\\/\\\/aconteceunovale.com.br\\\/portal\\\/?p=93305\",\"name\":\"Conven\u00e7\u00f5es partid\u00e1rias movimentam o cen\u00e1rio pol\u00edtico em Capelinha - Aconteceu no Vale\",\"isPartOf\":{\"@id\":\"https:\\\/\\\/aconteceunovale.com.br\\\/portal\\\/#website\"},\"primaryImageOfPage\":{\"@id\":\"https:\\\/\\\/aconteceunovale.com.br\\\/portal\\\/?p=93305#primaryimage\"},\"image\":{\"@id\":\"https:\\\/\\\/aconteceunovale.com.br\\\/portal\\\/?p=93305#primaryimage\"},\"thumbnailUrl\":\"https:\\\/\\\/aconteceunovale.com.br\\\/portal\\\/wp-content\\\/uploads\\\/2015\\\/08\\\/capelinha_mg.jpg\",\"datePublished\":\"2016-07-30T02:20:12+00:00\",\"dateModified\":\"2026-09-02T14:44:16+00:00\",\"author\":{\"@id\":\"https:\\\/\\\/aconteceunovale.com.br\\\/portal\\\/#\\\/schema\\\/person\\\/633529146f2c94272bef50ac2953d589\"},\"breadcrumb\":{\"@id\":\"https:\\\/\\\/aconteceunovale.com.br\\\/portal\\\/?p=93305#breadcrumb\"},\"inLanguage\":\"pt-BR\",\"potentialAction\":[{\"@type\":\"ReadAction\",\"target\":[\"https:\\\/\\\/aconteceunovale.com.br\\\/portal\\\/?p=93305\"]}]},{\"@type\":\"ImageObject\",\"inLanguage\":\"pt-BR\",\"@id\":\"https:\\\/\\\/aconteceunovale.com.br\\\/portal\\\/?p=93305#primaryimage\",\"url\":\"https:\\\/\\\/aconteceunovale.com.br\\\/portal\\\/wp-content\\\/uploads\\\/2015\\\/08\\\/capelinha_mg.jpg\",\"contentUrl\":\"https:\\\/\\\/aconteceunovale.com.br\\\/portal\\\/wp-content\\\/uploads\\\/2015\\\/08\\\/capelinha_mg.jpg\",\"width\":678,\"height\":379},{\"@type\":\"BreadcrumbList\",\"@id\":\"https:\\\/\\\/aconteceunovale.com.br\\\/portal\\\/?p=93305#breadcrumb\",\"itemListElement\":[{\"@type\":\"ListItem\",\"position\":1,\"name\":\"In\u00edcio\",\"item\":\"https:\\\/\\\/aconteceunovale.com.br\\\/portal\\\/\"},{\"@type\":\"ListItem\",\"position\":2,\"name\":\"Conven\u00e7\u00f5es partid\u00e1rias movimentam o cen\u00e1rio pol\u00edtico em Capelinha\"}]},{\"@type\":\"WebSite\",\"@id\":\"https:\\\/\\\/aconteceunovale.com.br\\\/portal\\\/#website\",\"url\":\"https:\\\/\\\/aconteceunovale.com.br\\\/portal\\\/\",\"name\":\"Aconteceu no Vale\",\"description\":\"Portal de Not\u00edcias\",\"potentialAction\":[{\"@type\":\"SearchAction\",\"target\":{\"@type\":\"EntryPoint\",\"urlTemplate\":\"https:\\\/\\\/aconteceunovale.com.br\\\/portal\\\/?s={search_term_string}\"},\"query-input\":{\"@type\":\"PropertyValueSpecification\",\"valueRequired\":true,\"valueName\":\"search_term_string\"}}],\"inLanguage\":\"pt-BR\"},{\"@type\":\"Person\",\"@id\":\"https:\\\/\\\/aconteceunovale.com.br\\\/portal\\\/#\\\/schema\\\/person\\\/633529146f2c94272bef50ac2953d589\",\"name\":\"Aconteceu no Vale\",\"description\":\"Equipe de reportagem do Aconteceu no Vale, portal de not\u00edcias do Vale do Jequitinhonha, em Minas Gerais. Cobrimos as 51 cidades do Vale desde 2013. Sugest\u00f5es de pauta e pedidos de corre\u00e7\u00e3o: contato@aconteceunovale.com.br\",\"sameAs\":[\"http:\\\/\\\/www.aconteceunovale.com.br\"],\"url\":\"https:\\\/\\\/aconteceunovale.com.br\\\/portal\\\/?author=1\"}]}<\/script>\n<!-- \/ Yoast SEO plugin. -->","yoast_head_json":{"title":"Conven\u00e7\u00f5es partid\u00e1rias movimentam o cen\u00e1rio pol\u00edtico em Capelinha - Aconteceu no Vale","robots":{"index":"index","follow":"follow","max-snippet":"max-snippet:-1","max-image-preview":"max-image-preview:large","max-video-preview":"max-video-preview:-1"},"canonical":"https:\/\/aconteceunovale.com.br\/portal\/?p=93305","og_locale":"pt_BR","og_type":"article","og_title":"Conven\u00e7\u00f5es partid\u00e1rias movimentam o cen\u00e1rio pol\u00edtico em Capelinha - Aconteceu no Vale","og_description":"Come\u00e7ou em todo o Brasil, no dia 20 de julho, o per\u00edodo das conven\u00e7\u00f5es eleitorais, que vai at\u00e9 5 de agosto. Nelas s\u00e3o conhecidos os candidatos a prefeito, vice e vereador que ir\u00e3o formar as chapas, coliga\u00e7\u00f5es e grupos que disputar\u00e3o as elei\u00e7\u00f5es municipais deste ano. Em Capelinha, este final de semana ser\u00e1 decisivo para [&hellip;]","og_url":"https:\/\/aconteceunovale.com.br\/portal\/?p=93305","og_site_name":"Aconteceu no Vale","article_publisher":"https:\/\/www.facebook.com\/aconteceunovale\/","article_published_time":"2016-07-30T02:20:12+00:00","article_modified_time":"2026-09-02T14:44:16+00:00","og_image":[{"width":678,"height":379,"url":"https:\/\/aconteceunovale.com.br\/portal\/wp-content\/uploads\/2015\/08\/capelinha_mg.jpg","type":"image\/jpeg"}],"author":"Aconteceu no Vale","twitter_card":"summary_large_image","twitter_creator":"@noticiadosvales","twitter_site":"@noticiadosvales","twitter_misc":{"Escrito por":"Aconteceu no Vale","Est. tempo de leitura":"2 minutos"},"schema":{"@context":"https:\/\/schema.org","@graph":[{"@type":"Article","@id":"https:\/\/aconteceunovale.com.br\/portal\/?p=93305#article","isPartOf":{"@id":"https:\/\/aconteceunovale.com.br\/portal\/?p=93305"},"author":{"name":"Aconteceu no Vale","@id":"https:\/\/aconteceunovale.com.br\/portal\/#\/schema\/person\/633529146f2c94272bef50ac2953d589"},"headline":"Conven\u00e7\u00f5es partid\u00e1rias movimentam o cen\u00e1rio pol\u00edtico em Capelinha","datePublished":"2016-07-30T02:20:12+00:00","dateModified":"2026-09-02T14:44:16+00:00","mainEntityOfPage":{"@id":"https:\/\/aconteceunovale.com.br\/portal\/?p=93305"},"wordCount":411,"commentCount":0,"image":{"@id":"https:\/\/aconteceunovale.com.br\/portal\/?p=93305#primaryimage"},"thumbnailUrl":"https:\/\/aconteceunovale.com.br\/portal\/wp-content\/uploads\/2015\/08\/capelinha_mg.jpg","keywords":["Candidatos a prefeito em Capelinha","Candidatos a vereador em Capelinha","Candidatos Capelinha","Capelinha","Concei\u00e7\u00e3o Vieira","Conven\u00e7\u00f5es partid\u00e1rias em Capelinha","Conven\u00e7\u00f5es partid\u00e1rias movimentam o cen\u00e1rio pol\u00edtico em Capelinha","Conven\u00e7\u00f5es partid\u00e1rias movimentam o debate pol\u00edtico em Capelinha","Gelson Cordeiro","Tadeuzinho","Zezinho da Vitalina"],"articleSection":["Capelinha","Pol\u00edtica","Vale do Jequitinhonha"],"inLanguage":"pt-BR","potentialAction":[{"@type":"CommentAction","name":"Comment","target":["https:\/\/aconteceunovale.com.br\/portal\/?p=93305#respond"]}]},{"@type":"WebPage","@id":"https:\/\/aconteceunovale.com.br\/portal\/?p=93305","url":"https:\/\/aconteceunovale.com.br\/portal\/?p=93305","name":"Conven\u00e7\u00f5es partid\u00e1rias movimentam o cen\u00e1rio pol\u00edtico em Capelinha - Aconteceu no Vale","isPartOf":{"@id":"https:\/\/aconteceunovale.com.br\/portal\/#website"},"primaryImageOfPage":{"@id":"https:\/\/aconteceunovale.com.br\/portal\/?p=93305#primaryimage"},"image":{"@id":"https:\/\/aconteceunovale.com.br\/portal\/?p=93305#primaryimage"},"thumbnailUrl":"https:\/\/aconteceunovale.com.br\/portal\/wp-content\/uploads\/2015\/08\/capelinha_mg.jpg","datePublished":"2016-07-30T02:20:12+00:00","dateModified":"2026-09-02T14:44:16+00:00","author":{"@id":"https:\/\/aconteceunovale.com.br\/portal\/#\/schema\/person\/633529146f2c94272bef50ac2953d589"},"breadcrumb":{"@id":"https:\/\/aconteceunovale.com.br\/portal\/?p=93305#breadcrumb"},"inLanguage":"pt-BR","potentialAction":[{"@type":"ReadAction","target":["https:\/\/aconteceunovale.com.br\/portal\/?p=93305"]}]},{"@type":"ImageObject","inLanguage":"pt-BR","@id":"https:\/\/aconteceunovale.com.br\/portal\/?p=93305#primaryimage","url":"https:\/\/aconteceunovale.com.br\/portal\/wp-content\/uploads\/2015\/08\/capelinha_mg.jpg","contentUrl":"https:\/\/aconteceunovale.com.br\/portal\/wp-content\/uploads\/2015\/08\/capelinha_mg.jpg","width":678,"height":379},{"@type":"BreadcrumbList","@id":"https:\/\/aconteceunovale.com.br\/portal\/?p=93305#breadcrumb","itemListElement":[{"@type":"ListItem","position":1,"name":"In\u00edcio","item":"https:\/\/aconteceunovale.com.br\/portal\/"},{"@type":"ListItem","position":2,"name":"Conven\u00e7\u00f5es partid\u00e1rias movimentam o cen\u00e1rio pol\u00edtico em Capelinha"}]},{"@type":"WebSite","@id":"https:\/\/aconteceunovale.com.br\/portal\/#website","url":"https:\/\/aconteceunovale.com.br\/portal\/","name":"Aconteceu no Vale","description":"Portal de Not\u00edcias","potentialAction":[{"@type":"SearchAction","target":{"@type":"EntryPoint","urlTemplate":"https:\/\/aconteceunovale.com.br\/portal\/?s={search_term_string}"},"query-input":{"@type":"PropertyValueSpecification","valueRequired":true,"valueName":"search_term_string"}}],"inLanguage":"pt-BR"},{"@type":"Person","@id":"https:\/\/aconteceunovale.com.br\/portal\/#\/schema\/person\/633529146f2c94272bef50ac2953d589","name":"Aconteceu no Vale","description":"Equipe de reportagem do Aconteceu no Vale, portal de not\u00edcias do Vale do Jequitinhonha, em Minas Gerais. Cobrimos as 51 cidades do Vale desde 2013. Sugest\u00f5es de pauta e pedidos de corre\u00e7\u00e3o: contato@aconteceunovale.com.br","sameAs":["http:\/\/www.aconteceunovale.com.br"],"url":"https:\/\/aconteceunovale.com.br\/portal\/?author=1"}]}},"_links":{"self":[{"href":"https:\/\/aconteceunovale.com.br\/portal\/index.php?rest_route=\/wp\/v2\/posts\/93305","targetHints":{"allow":["GET"]}}],"collection":[{"href":"https:\/\/aconteceunovale.com.br\/portal\/index.php?rest_route=\/wp\/v2\/posts"}],"about":[{"href":"https:\/\/aconteceunovale.com.br\/portal\/index.php?rest_route=\/wp\/v2\/types\/post"}],"author":[{"embeddable":true,"href":"https:\/\/aconteceunovale.com.br\/portal\/index.php?rest_route=\/wp\/v2\/users\/1"}],"replies":[{"embeddable":true,"href":"https:\/\/aconteceunovale.com.br\/portal\/index.php?rest_route=%2Fwp%2Fv2%2Fcomments&post=93305"}],"version-history":[{"count":1,"href":"https:\/\/aconteceunovale.com.br\/portal\/index.php?rest_route=\/wp\/v2\/posts\/93305\/revisions"}],"predecessor-version":[{"id":198505,"href":"https:\/\/aconteceunovale.com.br\/portal\/index.php?rest_route=\/wp\/v2\/posts\/93305\/revisions\/198505"}],"wp:featuredmedia":[{"embeddable":true,"href":"https:\/\/aconteceunovale.com.br\/portal\/index.php?rest_route=\/wp\/v2\/media\/65602"}],"wp:attachment":[{"href":"https:\/\/aconteceunovale.com.br\/portal\/index.php?rest_route=%2Fwp%2Fv2%2Fmedia&parent=93305"}],"wp:term":[{"taxonomy":"category","embeddable":true,"href":"https:\/\/aconteceunovale.com.br\/portal\/index.php?rest_route=%2Fwp%2Fv2%2Fcategories&post=93305"},{"taxonomy":"post_tag","embeddable":true,"href":"https:\/\/aconteceunovale.com.br\/portal\/index.php?rest_route=%2Fwp%2Fv2%2Ftags&post=93305"}],"curies":[{"name":"wp","href":"https:\/\/api.w.org\/{rel}","templated":true}]}}