{"id":93141,"date":"2016-07-27T21:46:29","date_gmt":"2016-07-28T00:46:29","guid":{"rendered":"http:\/\/aconteceunovale.com.br\/portal\/?p=93141"},"modified":"2016-07-27T21:46:29","modified_gmt":"2016-07-28T00:46:29","slug":"governo-retomara-construcao-de-duas-mil-obras-inacabadas-do-pac","status":"publish","type":"post","link":"https:\/\/aconteceunovale.com.br\/portal\/?p=93141","title":{"rendered":"Governo retomar\u00e1 constru\u00e7\u00e3o de duas mil obras inacabadas do PAC"},"content":{"rendered":"<p>Por determina\u00e7\u00e3o do presidente em exerc\u00edcio, Michel Temer, ministros do n\u00facleo de infraestrutura do governo apresentaram na ter\u00e7a-feira (26\/7) uma lista com cerca de duas mil obras do Programa de Acelera\u00e7\u00e3o do Crescimento (PAC) que, por falta de repasses de verbas p\u00fablicas, tiveram sua constru\u00e7\u00e3o interrompida ou abandonada por completo, o que levou a demiss\u00f5es na constru\u00e7\u00e3o civil e \u00e0 desacelera\u00e7\u00e3o do crescimento econ\u00f4mico do Pa\u00eds.<\/p>\n<p>A ideia \u00e9 que, com a retomada desses projetos, a popula\u00e7\u00e3o residente nos munic\u00edpios com obras paralisadas possa efetivamente ter acesso aos benef\u00edcios desses empreendimentos.<\/p>\n<p>O secret\u00e1rio-executivo do Programa de Parcerias de Investimentos (PPI), Moreira Franco, ressaltou que a conclus\u00e3o destes projetos tamb\u00e9m faz parte da reorganiza\u00e7\u00e3o do governo. \u201cA reorganiza\u00e7\u00e3o do governo passa n\u00e3o s\u00f3 pela necessidade de ter o equil\u00edbrio fiscal, mas tamb\u00e9m passa pela necessidade de se ter a responsabilidade na utiliza\u00e7\u00e3o do recurso p\u00fablico na conclus\u00e3o das iniciativas tomadas\u201d, declarou.<\/p>\n<p>O governo centrar\u00e1 esfor\u00e7os, inicialmente, em retomar as obras cujo valor para conclus\u00e3o n\u00e3o ultrapasse R$ 10 milh\u00f5es, o que representa um montante de aproximadamente R$ 2 bilh\u00f5es de saldo a executar. Ser\u00e3o contemplados projetos de infraestrutura em \u00e1reas como rodovias, ferrovias, portos, aeroportos, eletricidade, urbaniza\u00e7\u00e3o e mobilidade, dentre outros.<\/p>\n<p>Durante a apresenta\u00e7\u00e3o do projeto \u00e0 imprensa, o ministro do Planejamento, Desenvolvimento e Gest\u00e3o, Dyogo Oliveira, disse que, em cerca de 20 dias, ser\u00e1 apresentada uma proposta de prioriza\u00e7\u00e3o das obras nos diferentes setores de infraestrutura da carteira do PAC.<\/p>\n<p>\u201cFaremos [essa escolha] juntamente com cada minist\u00e9rio para definir quais s\u00e3o as obras priorit\u00e1rias para que, nos pr\u00f3ximos anos, o governo fa\u00e7a um esfor\u00e7o concentrado garantindo recursos para essas obras priorit\u00e1rias\u201d, disse o ministro.<\/p>\n<p><em>(Fonte: Portal Planalto)<\/em><\/p>\n","protected":false},"excerpt":{"rendered":"<p>Por determina\u00e7\u00e3o do presidente em exerc\u00edcio, Michel Temer, ministros do n\u00facleo de infraestrutura do governo apresentaram na ter\u00e7a-feira (26\/7) uma lista com cerca de duas mil obras do Programa de Acelera\u00e7\u00e3o do Crescimento (PAC) que, por falta de repasses de verbas p\u00fablicas, tiveram sua constru\u00e7\u00e3o interrompida ou abandonada por completo, o que levou a demiss\u00f5es [&hellip;]<\/p>\n","protected":false},"author":1,"featured_media":93142,"comment_status":"open","ping_status":"closed","sticky":false,"template":"","format":"standard","meta":{"amp_status":"","footnotes":""},"categories":[6],"tags":[107500,107502,4610,107499,44605,107503,107504,20181,18974,107501,59564,107506,35237,107505],"class_list":["post-93141","post","type-post","status-publish","format-standard","has-post-thumbnail","hentry","category-br","tag-construcao-de-duas-mil-obras-inacabadas-do-pac","tag-determinacao-do-presidente-em-exercicio","tag-governo-federal","tag-governo-retomara-construcao-de-duas-mil-obras-inacabadas-do-pac","tag-infraestrutura","tag-lista-com-cerca-de-duas-mil-obras-do-programa-de-aceleracao-do-crescimento","tag-lista-com-cerca-de-duas-mil-obras-paradas-do-pac","tag-michel-temer","tag-moreira-franco","tag-obras-inacabadas-do-pac","tag-pac","tag-ppi","tag-programa-de-aceleracao-do-crescimento","tag-programa-de-parcerias-de-investimentos"],"_links":{"self":[{"href":"https:\/\/aconteceunovale.com.br\/portal\/index.php?rest_route=\/wp\/v2\/posts\/93141","targetHints":{"allow":["GET"]}}],"collection":[{"href":"https:\/\/aconteceunovale.com.br\/portal\/index.php?rest_route=\/wp\/v2\/posts"}],"about":[{"href":"https:\/\/aconteceunovale.com.br\/portal\/index.php?rest_route=\/wp\/v2\/types\/post"}],"author":[{"embeddable":true,"href":"https:\/\/aconteceunovale.com.br\/portal\/index.php?rest_route=\/wp\/v2\/users\/1"}],"replies":[{"embeddable":true,"href":"https:\/\/aconteceunovale.com.br\/portal\/index.php?rest_route=%2Fwp%2Fv2%2Fcomments&post=93141"}],"version-history":[{"count":0,"href":"https:\/\/aconteceunovale.com.br\/portal\/index.php?rest_route=\/wp\/v2\/posts\/93141\/revisions"}],"wp:featuredmedia":[{"embeddable":true,"href":"https:\/\/aconteceunovale.com.br\/portal\/index.php?rest_route=\/wp\/v2\/media\/93142"}],"wp:attachment":[{"href":"https:\/\/aconteceunovale.com.br\/portal\/index.php?rest_route=%2Fwp%2Fv2%2Fmedia&parent=93141"}],"wp:term":[{"taxonomy":"category","embeddable":true,"href":"https:\/\/aconteceunovale.com.br\/portal\/index.php?rest_route=%2Fwp%2Fv2%2Fcategories&post=93141"},{"taxonomy":"post_tag","embeddable":true,"href":"https:\/\/aconteceunovale.com.br\/portal\/index.php?rest_route=%2Fwp%2Fv2%2Ftags&post=93141"}],"curies":[{"name":"wp","href":"https:\/\/api.w.org\/{rel}","templated":true}]}}