{"id":93136,"date":"2016-07-27T20:30:47","date_gmt":"2016-07-27T23:30:47","guid":{"rendered":"http:\/\/aconteceunovale.com.br\/portal\/?p=93136"},"modified":"2016-07-27T20:30:47","modified_gmt":"2016-07-27T23:30:47","slug":"skank-sera-uma-das-atracoes-do-festur-2016","status":"publish","type":"post","link":"https:\/\/aconteceunovale.com.br\/portal\/?p=93136","title":{"rendered":"Skank ser\u00e1 uma das atra\u00e7\u00f5es do Festur 2016"},"content":{"rendered":"<p>A banda mineira Skank ser\u00e1 a principal atra\u00e7\u00e3o da 31\u00aa edi\u00e7\u00e3o o Festival da Can\u00e7\u00e3o de Turmalina (Festur 2016), que ser\u00e1 realizado no per\u00edodo de 8 a 11 de setembro. A informa\u00e7\u00e3o foi confirmada nesta quarta-feira, 27 de julho, pela Secretaria de Cultura do munic\u00edpio. O grupo belo-horizontino, destaque do pop rock nacional, se apresentar\u00e1 na cidade do Vale do Jequitinhonha no dia 10 de setembro (s\u00e1bado).<\/p>\n<p>Outra atra\u00e7\u00e3o confirmada no Festur 2016 \u00e9 a dupla sertaneja Don &#038; Juan. A programa\u00e7\u00e3o ainda ter\u00e1 noite gospel e o festival de m\u00fasica.<\/p>\n<p><img decoding=\"async\" src=\"http:\/\/aconteceunovale.com.br\/portal\/wp-content\/uploads\/2016\/07\/skank_turmalina.jpg\" alt=\"\" \/><em>Skank far\u00e1 show no Festur 2016 (Foto: Divulga\u00e7\u00e3o)<\/em><\/p>\n","protected":false},"excerpt":{"rendered":"<p>A banda mineira Skank ser\u00e1 a principal atra\u00e7\u00e3o da 31\u00aa edi\u00e7\u00e3o o Festival da Can\u00e7\u00e3o de Turmalina (Festur 2016), que ser\u00e1 realizado no per\u00edodo de 8 a 11 de setembro. A informa\u00e7\u00e3o foi confirmada nesta quarta-feira, 27 de julho, pela Secretaria de Cultura do munic\u00edpio. O grupo belo-horizontino, destaque do pop rock nacional, se apresentar\u00e1 [&hellip;]<\/p>\n","protected":false},"author":1,"featured_media":93137,"comment_status":"open","ping_status":"closed","sticky":false,"template":"","format":"standard","meta":{"amp_status":"","footnotes":""},"categories":[125,120],"tags":[107487,107486,107485,28660,1305,107483,107484,107491,107488,107489,107490,107493,107492,178],"class_list":["post-93136","post","type-post","status-publish","format-standard","has-post-thumbnail","hentry","category-noticias","category-jequi","tag-agenda-festur-2016","tag-atracoes-festur-2016","tag-bandas-festur-2016","tag-festival-da-cancao-de-turmalina","tag-festur","tag-festur-2016","tag-shows-festur-2016","tag-skank-fara-show-no-festur-2016","tag-skank-no-festival-da-cancao-de-turmalina","tag-skank-no-festur","tag-skank-no-festur-2016","tag-skank-sera-uma-das-atracoes-do-festival-da-cancao-de-turmalina-2016","tag-skank-sera-uma-das-atracoes-do-festur-2016","tag-turmalina"],"_links":{"self":[{"href":"https:\/\/aconteceunovale.com.br\/portal\/index.php?rest_route=\/wp\/v2\/posts\/93136","targetHints":{"allow":["GET"]}}],"collection":[{"href":"https:\/\/aconteceunovale.com.br\/portal\/index.php?rest_route=\/wp\/v2\/posts"}],"about":[{"href":"https:\/\/aconteceunovale.com.br\/portal\/index.php?rest_route=\/wp\/v2\/types\/post"}],"author":[{"embeddable":true,"href":"https:\/\/aconteceunovale.com.br\/portal\/index.php?rest_route=\/wp\/v2\/users\/1"}],"replies":[{"embeddable":true,"href":"https:\/\/aconteceunovale.com.br\/portal\/index.php?rest_route=%2Fwp%2Fv2%2Fcomments&post=93136"}],"version-history":[{"count":0,"href":"https:\/\/aconteceunovale.com.br\/portal\/index.php?rest_route=\/wp\/v2\/posts\/93136\/revisions"}],"wp:featuredmedia":[{"embeddable":true,"href":"https:\/\/aconteceunovale.com.br\/portal\/index.php?rest_route=\/wp\/v2\/media\/93137"}],"wp:attachment":[{"href":"https:\/\/aconteceunovale.com.br\/portal\/index.php?rest_route=%2Fwp%2Fv2%2Fmedia&parent=93136"}],"wp:term":[{"taxonomy":"category","embeddable":true,"href":"https:\/\/aconteceunovale.com.br\/portal\/index.php?rest_route=%2Fwp%2Fv2%2Fcategories&post=93136"},{"taxonomy":"post_tag","embeddable":true,"href":"https:\/\/aconteceunovale.com.br\/portal\/index.php?rest_route=%2Fwp%2Fv2%2Ftags&post=93136"}],"curies":[{"name":"wp","href":"https:\/\/api.w.org\/{rel}","templated":true}]}}