{"id":93133,"date":"2016-07-27T19:48:06","date_gmt":"2016-07-27T22:48:06","guid":{"rendered":"http:\/\/aconteceunovale.com.br\/portal\/?p=93133"},"modified":"2016-07-27T19:48:06","modified_gmt":"2016-07-27T22:48:06","slug":"tribunal-regional-federal-revoga-prisao-domiciliar-de-ruy-muniz","status":"publish","type":"post","link":"https:\/\/aconteceunovale.com.br\/portal\/?p=93133","title":{"rendered":"Tribunal Regional Federal revoga pris\u00e3o domiciliar de Ruy Muniz"},"content":{"rendered":"<p>O Tribunal Regional Federal da 1\u00aa Regi\u00e3o (TRF1) decidiu na tarde desta quarta-feira (27\/7) derrubar a pris\u00e3o domiciliar do prefeito afastado de Montes Claros, Ruy Muniz (PSB). A decis\u00e3o foi divulgada pela assessoria de imprensa do prefeito afastado. O TRF1 afirmou que o &#8220;relator do processo, juiz federal Carlos D\u2019Avila Teixeira n\u00e3o se manifestar\u00e1 sobre a decis\u00e3o solicitada, uma vez que o processo tramita sobre segredo de justi\u00e7a&#8221;.<\/p>\n<p>Ap\u00f3s a decis\u00e3o Ruy Muniz disse que sua pris\u00e3o foi injusta, mas percebeu que a popula\u00e7\u00e3o montes-clarense quer que ele volte a administrar a prefeitura da cidade. \u201cO tiro saiu pela culatra. Inventaram uma hist\u00f3ria. Queriam me desmoralizar. A pris\u00e3o foi injusta, pois paguei os hospitais e n\u00e3o roubei nada. Todos querem nossa volta com muita humildade\u201d, afirma Muniz.<\/p>\n<p>O prefeito afastado disse que, apesar da liberdade provis\u00f3ria, o Tribunal manteve algumas restri\u00e7\u00f5es, como pedir autoriza\u00e7\u00e3o para sair da cidade. &#8220;Ainda n\u00e3o posso interferir na administra\u00e7\u00e3o municipal. Mas vou participar normalmente da conven\u00e7\u00e3o do meu partido&#8221;, explicou.<\/p>\n<p>Durante a entrevista, Muniz se emocionou ao lembrar que foi o \u00fanico prefeito Montes Claros a ser preso em exerc\u00edcio do mandato.<\/p>\n<p>O prefeito afastado disse que o primeiro lugar a ser visitado ser\u00e1 o Hospital M\u00e1rio Ribeiro. &#8220;Fui preso por lutar pela sa\u00fade do povo de Montes Claros e vou continuar lutando para que todos tenham acesso \u00e0 sa\u00fade. N\u00e3o pode deixar uma regi\u00e3o dessa desassistida&#8221;, lamentou emocionado. O hospital \u00e9 ligado \u00e0 fam\u00edlia Muniz e, segundo a Pol\u00edcia Federal na \u00e9poca da investiga\u00e7\u00e3o, seria favorecido por meios fraudulentos.<\/p>\n<p>Ele disse tamb\u00e9m que usou 100 dias em que ficou privado de liberdade para escrever um livro que &#8220;ir\u00e1 revolucionar a vida de muitas pessoas, inclusive do estado&#8221;. &#8220;Um livro muito interessante que conta minha hist\u00f3ria, meu per\u00edodo enquanto prefeito. Um livro que conta que a pol\u00edtica brasileira pode ter jeito; basta trabalhar s\u00e9rio para as pessoas&#8221;.<\/p>\n<p><strong>Relembre<\/strong><\/p>\n<p>Ruy Muniz foi preso no dia 18 de abril durante a opera\u00e7\u00e3o \u201cM\u00e1scara da Sanidade II \u2013 Sabotadores da Sa\u00fade\u201d, um dia ap\u00f3s a sua esposa e deputada federal Raquel Muniz dizer na vota\u00e7\u00e3o do processo de impeachment que o marido \u00e9 exemplo para o Brasil. <\/p>\n<p><img decoding=\"async\" src=\"http:\/\/aconteceunovale.com.br\/portal\/wp-content\/uploads\/2016\/07\/muniz_solto.jpg\" alt=\"\" \/><em>Tribunal Regional Federal revoga pris\u00e3o domiciliar de Ruy Muniz (Foto: Valdivan Veloso\/G1)<\/em><br \/>\n<\/br><\/p>\n<p><em>(Fonte: G1 Grande Minas \/ Rep\u00f3rter: Valdivan Veloso)<\/em><\/p>\n","protected":false},"excerpt":{"rendered":"<p>O Tribunal Regional Federal da 1\u00aa Regi\u00e3o (TRF1) decidiu na tarde desta quarta-feira (27\/7) derrubar a pris\u00e3o domiciliar do prefeito afastado de Montes Claros, Ruy Muniz (PSB). A decis\u00e3o foi divulgada pela assessoria de imprensa do prefeito afastado. O TRF1 afirmou que o &#8220;relator do processo, juiz federal Carlos D\u2019Avila Teixeira n\u00e3o se manifestar\u00e1 sobre [&hellip;]<\/p>\n","protected":false},"author":1,"featured_media":93134,"comment_status":"open","ping_status":"closed","sticky":false,"template":"","format":"standard","meta":{"amp_status":"","footnotes":""},"categories":[1236,40240],"tags":[93378,23856,107481,93559,93558,95459,93561,93560,31828,95461,93376,92311,210,93557,93556,89119,89124,95460,33158,107479,107480,107477,107478,89127,27373,4616,93562,93563,93377,8043,83350,83349,107482],"class_list":["post-93133","post","type-post","status-publish","format-standard","has-post-thumbnail","hentry","category-norte_de_minas","category-politica-2","tag-ana-clara-colares","tag-ana-paula-nascimento","tag-carlos-davila-teixeira","tag-denuncia-improbidade-administrativa-prefeito-de-montes-claros","tag-denuncia-improbidade-administrativa-ruy-muniz","tag-desembargador-ney-bello","tag-improbidade-administrativa-prefeito-de-montes-claros","tag-improbidade-administrativa-ruy-muniz","tag-investigacao-prefeito-de-montes-claros","tag-justica-concede-prisao-domiciliar-a-ruy-muniz","tag-mascara-da-sanidade-ii","tag-mascara-da-sanidade-ii-sabotadores-da-saude","tag-montes-claros","tag-nova-denuncia-improbidade-administrativa-prefeito-de-montes-claros","tag-nova-denuncia-improbidade-administrativa-ruy-muniz","tag-operacao-mascara-da-sanidade-ii","tag-operacao-mascara-da-sanidade-ii-sabotadores-da-saude","tag-prefeito-afastado-de-montes-claros","tag-prefeito-de-montes-claros","tag-prisao-domiciliar","tag-prisao-domiciliar-de-ruy-muniz","tag-prisao-domiciliar-do-prefeito-afastado-de-montes-claros","tag-prisao-domiciliar-do-prefeito-de-montes-claros","tag-prisao-ruy-muniz","tag-ruy-adriano-borges-muniz","tag-ruy-muniz","tag-ruy-muniz-descumpriu-uma-determinacao-do-tribunal-de-contas-do-estado","tag-ruy-muniz-e-denunciado-pelo-ministerio-publico-estadual-por-improbidade-administrativa","tag-sabotadores-da-saude","tag-santa-casa-de-montes-claros","tag-trf1","tag-tribunal-regional-federal-da-1a-regiao","tag-tribunal-regional-federal-revoga-prisao-domiciliar-de-ruy-muniz"],"_links":{"self":[{"href":"https:\/\/aconteceunovale.com.br\/portal\/index.php?rest_route=\/wp\/v2\/posts\/93133","targetHints":{"allow":["GET"]}}],"collection":[{"href":"https:\/\/aconteceunovale.com.br\/portal\/index.php?rest_route=\/wp\/v2\/posts"}],"about":[{"href":"https:\/\/aconteceunovale.com.br\/portal\/index.php?rest_route=\/wp\/v2\/types\/post"}],"author":[{"embeddable":true,"href":"https:\/\/aconteceunovale.com.br\/portal\/index.php?rest_route=\/wp\/v2\/users\/1"}],"replies":[{"embeddable":true,"href":"https:\/\/aconteceunovale.com.br\/portal\/index.php?rest_route=%2Fwp%2Fv2%2Fcomments&post=93133"}],"version-history":[{"count":0,"href":"https:\/\/aconteceunovale.com.br\/portal\/index.php?rest_route=\/wp\/v2\/posts\/93133\/revisions"}],"wp:featuredmedia":[{"embeddable":true,"href":"https:\/\/aconteceunovale.com.br\/portal\/index.php?rest_route=\/wp\/v2\/media\/93134"}],"wp:attachment":[{"href":"https:\/\/aconteceunovale.com.br\/portal\/index.php?rest_route=%2Fwp%2Fv2%2Fmedia&parent=93133"}],"wp:term":[{"taxonomy":"category","embeddable":true,"href":"https:\/\/aconteceunovale.com.br\/portal\/index.php?rest_route=%2Fwp%2Fv2%2Fcategories&post=93133"},{"taxonomy":"post_tag","embeddable":true,"href":"https:\/\/aconteceunovale.com.br\/portal\/index.php?rest_route=%2Fwp%2Fv2%2Ftags&post=93133"}],"curies":[{"name":"wp","href":"https:\/\/api.w.org\/{rel}","templated":true}]}}