{"id":93128,"date":"2016-07-27T19:25:25","date_gmt":"2016-07-27T22:25:25","guid":{"rendered":"http:\/\/aconteceunovale.com.br\/portal\/?p=93128"},"modified":"2016-07-27T19:25:25","modified_gmt":"2016-07-27T22:25:25","slug":"minas-gerais-conta-com-51-mil-estudantes-na-olimpiada-brasileira-de-fisica-das-escolas-publicas","status":"publish","type":"post","link":"https:\/\/aconteceunovale.com.br\/portal\/?p=93128","title":{"rendered":"Minas Gerais conta com 51 mil estudantes na Olimp\u00edada Brasileira de F\u00edsica das Escolas P\u00fablicas"},"content":{"rendered":"<p>No dia 24 de agosto, alunos de escolas p\u00fablicas mineiras participar\u00e3o da primeira fase da Olimp\u00edada Brasileira de F\u00edsica das Escolas P\u00fablicas (OBFEP). Em Minas Gerais, ser\u00e3o 51.045 estudantes participando da competi\u00e7\u00e3o, destes 45.774 s\u00e3o de escolas da rede estadual de ensino.<\/p>\n<p>Em rela\u00e7\u00e3o ao n\u00famero de escolas, foram inscritas, ao todo, 2.159 escolas p\u00fablicas. Deste total, 226 s\u00e3o escolas p\u00fablicas mineiras. Minas Gerais foi o segundo estado com o maior n\u00famero de escolas inscritas. O primeiro lugar ficou com S\u00e3o Paulo, com 385 escolas inscritas.<\/p>\n<p>A Olimp\u00edada \u00e9 uma promo\u00e7\u00e3o do Minist\u00e9rio da Ci\u00eancia, Tecnologia e Inova\u00e7\u00e3o e Comunica\u00e7\u00f5es, atrav\u00e9s do CNPq, e do Minist\u00e9rio da Educa\u00e7\u00e3o (MEC). A iniciativa constitui um programa permanente da Sociedade Brasileira de F\u00edsica (SBF), respons\u00e1vel por sua execu\u00e7\u00e3o e tem entre seus objetivos despertar e estimular o interesse pela F\u00edsica e pelas ci\u00eancias; aproximar as universidades, institutos de pesquisa e sociedades cient\u00edficas das escolas p\u00fablicas; al\u00e9m de identificar estudantes talentosos e incentivar seu ingresso nas \u00e1reas cient\u00edficas e tecnol\u00f3gicas.<\/p>\n<p>Os alunos competem em tr\u00eas n\u00edveis: N\u00edvel A, quem est\u00e1 matriculado no 9\u00ba ano do ensino fundamental; N\u00edvel B, 1\u00ba e 2\u00ba anos do ensino m\u00e9dio; e N\u00edvel C, 3\u00ba ano do ensino m\u00e9dio e, onde houver, tamb\u00e9m o 4\u00ba ano. Alunos da Educa\u00e7\u00e3o de Jovens e Adultos (EJA) tamb\u00e9m podem participar.<\/p>\n<p>A Olimp\u00edada \u00e9 realizada em duas fases. A primeira, no dia 24 de agosto, ter\u00e1 quest\u00f5es objetivas, enquanto a segunda, realizada no dia 18 de outubro, ter\u00e1 quest\u00f5es te\u00f3ricas e experimentais. Participam da segunda fase todos os estudantes que atingirem o n\u00famero m\u00ednimo de acertos estipulado pela Comiss\u00e3o da OBFEP. A partir do resultado da segunda fase, a competi\u00e7\u00e3o premiar\u00e1 alunos, professores, escolas e secretarias de educa\u00e7\u00e3o. (Ag\u00eancia Minas)<\/p>\n","protected":false},"excerpt":{"rendered":"<p>No dia 24 de agosto, alunos de escolas p\u00fablicas mineiras participar\u00e3o da primeira fase da Olimp\u00edada Brasileira de F\u00edsica das Escolas P\u00fablicas (OBFEP). Em Minas Gerais, ser\u00e3o 51.045 estudantes participando da competi\u00e7\u00e3o, destes 45.774 s\u00e3o de escolas da rede estadual de ensino. Em rela\u00e7\u00e3o ao n\u00famero de escolas, foram inscritas, ao todo, 2.159 escolas p\u00fablicas. [&hellip;]<\/p>\n","protected":false},"author":1,"featured_media":93129,"comment_status":"open","ping_status":"closed","sticky":false,"template":"","format":"standard","meta":{"amp_status":"","footnotes":""},"categories":[40238,123],"tags":[107471,107466,107470,107465,107472,107469,107467,42280,107468,42279],"class_list":["post-93128","post","type-post","status-publish","format-standard","has-post-thumbnail","hentry","category-educacao-2","category-gerais","tag-alunos-de-minas-gerais-na-obfep","tag-alunos-de-minas-gerais-na-olimpiada-brasileira-de-fisica-das-escolas-publicas","tag-alunos-mineiros-na-obfep","tag-alunos-mineiros-na-olimpiada-brasileira-de-fisica-das-escolas-publicas","tag-minas-gerais-conta-com-51-mil-estudantes-na-olimpiada-brasileira-de-fisica-das-escolas-publicas","tag-minas-gerais-na-obfep","tag-minas-gerais-na-olimpiada-brasileira-de-fisica-das-escolas-publicas","tag-obfep","tag-obfep-2016","tag-olimpiada-brasileira-de-fisica-das-escolas-publicas"],"_links":{"self":[{"href":"https:\/\/aconteceunovale.com.br\/portal\/index.php?rest_route=\/wp\/v2\/posts\/93128","targetHints":{"allow":["GET"]}}],"collection":[{"href":"https:\/\/aconteceunovale.com.br\/portal\/index.php?rest_route=\/wp\/v2\/posts"}],"about":[{"href":"https:\/\/aconteceunovale.com.br\/portal\/index.php?rest_route=\/wp\/v2\/types\/post"}],"author":[{"embeddable":true,"href":"https:\/\/aconteceunovale.com.br\/portal\/index.php?rest_route=\/wp\/v2\/users\/1"}],"replies":[{"embeddable":true,"href":"https:\/\/aconteceunovale.com.br\/portal\/index.php?rest_route=%2Fwp%2Fv2%2Fcomments&post=93128"}],"version-history":[{"count":0,"href":"https:\/\/aconteceunovale.com.br\/portal\/index.php?rest_route=\/wp\/v2\/posts\/93128\/revisions"}],"wp:featuredmedia":[{"embeddable":true,"href":"https:\/\/aconteceunovale.com.br\/portal\/index.php?rest_route=\/wp\/v2\/media\/93129"}],"wp:attachment":[{"href":"https:\/\/aconteceunovale.com.br\/portal\/index.php?rest_route=%2Fwp%2Fv2%2Fmedia&parent=93128"}],"wp:term":[{"taxonomy":"category","embeddable":true,"href":"https:\/\/aconteceunovale.com.br\/portal\/index.php?rest_route=%2Fwp%2Fv2%2Fcategories&post=93128"},{"taxonomy":"post_tag","embeddable":true,"href":"https:\/\/aconteceunovale.com.br\/portal\/index.php?rest_route=%2Fwp%2Fv2%2Ftags&post=93128"}],"curies":[{"name":"wp","href":"https:\/\/api.w.org\/{rel}","templated":true}]}}