{"id":93116,"date":"2016-07-27T18:24:12","date_gmt":"2016-07-27T21:24:12","guid":{"rendered":"http:\/\/aconteceunovale.com.br\/portal\/?p=93116"},"modified":"2016-07-27T18:24:12","modified_gmt":"2016-07-27T21:24:12","slug":"minas-gerais-tera-observatorio-de-igualdade-de-genero","status":"publish","type":"post","link":"https:\/\/aconteceunovale.com.br\/portal\/?p=93116","title":{"rendered":"Minas Gerais ter\u00e1 Observat\u00f3rio de Igualdade de G\u00eanero"},"content":{"rendered":"<p>O\u00a0secret\u00e1rio de Estado de Direitos Humanos, Participa\u00e7\u00e3o Social e Cidadania, Nilm\u00e1rio Miranda, e representantes da Funda\u00e7\u00e3o Jo\u00e3o Pinheiro (FJP) e de diversas universidades assinaram nesta ter\u00e7a-feira (26\/7), em Belo Horizonte, o protocolo de inten\u00e7\u00f5es visando \u00e0 cria\u00e7\u00e3o em Minas do Observat\u00f3rio Estadual da Igualdade de G\u00eanero para elabora\u00e7\u00e3o e disponibiliza\u00e7\u00e3o de informa\u00e7\u00f5es sobre igualdade de g\u00eanero no estado.<\/p>\n<p>A assinatura aconteceu durante a realiza\u00e7\u00e3o do semin\u00e1rio \u201cA Constru\u00e7\u00e3o do Observat\u00f3rio Estadual de Igualdade de G\u00eanero \u2013 Algumas Experi\u00eancias na Am\u00e9rica Latina e no Caribe\u201d, que se encerra nesta quinta-feira (28\/7).<\/p>\n<p>O Observat\u00f3rio buscar\u00e1 suprir a fragilidade entre as diferentes bases de dados sobre a situa\u00e7\u00e3o das mulheres no mundo do trabalho, bem como permitir\u00e1 conhecer a verdadeira realidade da popula\u00e7\u00e3o feminina com as especificidades de cada regi\u00e3o.<\/p>\n<p>Vai priorizar tamb\u00e9m os indicadores que ser\u00e3o monitorados e embasar\u00e3o o processo de elabora\u00e7\u00e3o de pol\u00edticas p\u00fablicas. Essa parceria entre os \u00f3rg\u00e3os tamb\u00e9m colocar\u00e1 fim \u00e0 pulveriza\u00e7\u00e3o das informa\u00e7\u00f5es e de a\u00e7\u00f5es destinadas \u00e0s mulheres.<\/p>\n<p>A coordena\u00e7\u00e3o do Observat\u00f3rio ser\u00e1 feita pela Secretaria de Estado de Direitos Humanos, Participa\u00e7\u00e3o Social e Cidadania (Sedpac), por meio da Subsecretaria de Pol\u00edticas para as Mulheres, que vai monitorar o andamento dos trabalhos e estudos, avaliar e divulgar os produtos finais, al\u00e9m de criar um site para a disponibiliza\u00e7\u00e3o das informa\u00e7\u00f5es e se empenhar junto aos parceiros para a cria\u00e7\u00e3o das condi\u00e7\u00f5es necess\u00e1rias \u00e0 viabiliza\u00e7\u00e3o dos estudos e pesquisas do novo \u00f3rg\u00e3o.<\/p>\n<p>A implanta\u00e7\u00e3o beneficiar\u00e1 o p\u00fablico em geral, como estudantes, profissionais e outras pessoas interessadas em conhecimento sobre o tema, garantir\u00e1 a constru\u00e7\u00e3o de projetos institucionais, estaduais ou municipais, e servir\u00e1 como subs\u00eddio a profissionais que realizam debates sobre o tema em eventos, por exemplo. Vai ainda evidenciar os aspectos socioculturais, econ\u00f4micos e a realidade que as mulheres enfrentam no dia a dia.<\/p>\n<p><strong>Pol\u00edticas P\u00fablicas<\/strong><\/p>\n<p>Durante a solenidade de assinatura, o secret\u00e1rio Nilm\u00e1rio Miranda destacou a import\u00e2ncia da cria\u00e7\u00e3o do Observat\u00f3rio para a constru\u00e7\u00e3o de alternativas pelo governo. \u201cO Observat\u00f3rio vai juntar saberes, o conhecimento de todos os parceiros. Tudo que ser\u00e1 produzido ser\u00e1 colocado a servi\u00e7o de uma pol\u00edtica p\u00fablica\u201d, afirmou.<\/p>\n<p>Para a subsecret\u00e1ria de Pol\u00edticas Para as Mulheres da Sedpac, Larissa Amorim, o Observat\u00f3rio representa uma conquista importante porque vai possibilitar o desenvolvimento e o avan\u00e7o das pol\u00edticas p\u00fablicas de direitos humanos com foco nas mulheres. \u201c\u00c9 importante para as mineiras porque permite a integra\u00e7\u00e3o dos dados produzidos pelas universidades e pela gest\u00e3o p\u00fablica para uma melhor interven\u00e7\u00e3o nos territ\u00f3rios e o melhor desenvolvido de pol\u00edticas p\u00fablicas\u201d, afirma Larissa.<\/p>\n<p>A\u00a0secret\u00e1ria de Estado de Trabalho e Desenvolvimento Social, Rosilene Rocha, colocou \u00e0 disposi\u00e7\u00e3o do Observat\u00f3rio todo o banco de dados do Cad\u00danico, considerado o maior cadastro dos programas sociais do Brasil.<\/p>\n<p>\u201cTudo est\u00e1 \u00e0 disposi\u00e7\u00e3o de voc\u00eas, para montar de fato um observat\u00f3rio poderoso, que retrate todos os aspectos dessas mulheres aqui de Minas Gerais\u201d, disse, lembrando que hoje o grande desafio das pol\u00edticas p\u00fablicas \u00e9 garantir um recorte de g\u00eanero e ra\u00e7a.<\/p>\n<p>\u201cTer um observat\u00f3rio de g\u00eanero \u00e9 mais uma forma de a gente perceber onde estamos, como estamos e o que precisamos fazer para sair de um lugar que, historicamente, nos colocaram\u201d, disse a\u00a0secret\u00e1ria de Estado de Educa\u00e7\u00e3o, Maca\u00e9 Evaristo,\u00a0destacando a import\u00e2ncia de cria\u00e7\u00e3o desse \u00f3rg\u00e3o. \u201cChegamos at\u00e9 aqui hoje com muita luta, mas tamb\u00e9m com muita repress\u00e3o e viol\u00eancia. E acho que a quest\u00e3o da viol\u00eancia contra a mulher, ainda \u00e9 o que mais nos aflige hoje\u201d, afirmou Maca\u00e9, em rela\u00e7\u00e3o \u00e0s conquistas das mulheres.<\/p>\n<p>Subscrevem tamb\u00e9m o protocolo de inten\u00e7\u00f5es representantes da Pontif\u00edcia Universidade Cat\u00f3lica de Minas Gerais (PUC-Minas), da\u00a0Universidade do Estado de Minas Gerais (Uemg), da\u00a0Universidade Estadual de Montes Claros (Unimontes), da Universidade Federal de Minas Gerais (UFMG) e da Universidade Federal de Juiz de Fora (UFJF).<\/p>\n<p><img decoding=\"async\" src=\"http:\/\/aconteceunovale.com.br\/portal\/wp-content\/uploads\/2016\/07\/VVM_3140_C.jpg\" alt=\"\" \/><em>Observat\u00f3rio beneficiar\u00e1 o p\u00fablico em geral, como estudantes, profissionais e outras pessoas interessadas em conhecimento sobre o tema (Foto: Veronica Manevy \/ Imprensa MG)<\/em><br \/>\n<\/br><\/p>\n<p><em>(Ag\u00eancia Minas)<\/em><\/p>\n","protected":false},"excerpt":{"rendered":"<p>O\u00a0secret\u00e1rio de Estado de Direitos Humanos, Participa\u00e7\u00e3o Social e Cidadania, Nilm\u00e1rio Miranda, e representantes da Funda\u00e7\u00e3o Jo\u00e3o Pinheiro (FJP) e de diversas universidades assinaram nesta ter\u00e7a-feira (26\/7), em Belo Horizonte, o protocolo de inten\u00e7\u00f5es visando \u00e0 cria\u00e7\u00e3o em Minas do Observat\u00f3rio Estadual da Igualdade de G\u00eanero para elabora\u00e7\u00e3o e disponibiliza\u00e7\u00e3o de informa\u00e7\u00f5es sobre igualdade de [&hellip;]<\/p>\n","protected":false},"author":1,"featured_media":93117,"comment_status":"open","ping_status":"closed","sticky":false,"template":"","format":"standard","meta":{"amp_status":"","footnotes":""},"categories":[123],"tags":[107447,194,107445,107444,1411,107448,107449,28350,107446,107443,107442],"class_list":["post-93116","post","type-post","status-publish","format-standard","has-post-thumbnail","hentry","category-gerais","tag-a-construcao-do-observatorio-estadual-de-igualdade-de-genero-algumas-experiencias-na-america-latina-e-no-caribe","tag-belo-horizonte","tag-criacao-em-minas-do-observatorio-estadual-da-igualdade-de-genero","tag-fjp","tag-fundacao-joao-pinheiro","tag-igualdade-de-genero-minas-gerais","tag-minas-gerais-tera-observatorio-de-igualdade-de-genero","tag-nilmario-miranda","tag-observatorio-mineiro-da-igualdade-de-genero","tag-participacao-social-e-cidadania","tag-secretario-de-estado-de-direitos-humanos"],"_links":{"self":[{"href":"https:\/\/aconteceunovale.com.br\/portal\/index.php?rest_route=\/wp\/v2\/posts\/93116","targetHints":{"allow":["GET"]}}],"collection":[{"href":"https:\/\/aconteceunovale.com.br\/portal\/index.php?rest_route=\/wp\/v2\/posts"}],"about":[{"href":"https:\/\/aconteceunovale.com.br\/portal\/index.php?rest_route=\/wp\/v2\/types\/post"}],"author":[{"embeddable":true,"href":"https:\/\/aconteceunovale.com.br\/portal\/index.php?rest_route=\/wp\/v2\/users\/1"}],"replies":[{"embeddable":true,"href":"https:\/\/aconteceunovale.com.br\/portal\/index.php?rest_route=%2Fwp%2Fv2%2Fcomments&post=93116"}],"version-history":[{"count":0,"href":"https:\/\/aconteceunovale.com.br\/portal\/index.php?rest_route=\/wp\/v2\/posts\/93116\/revisions"}],"wp:featuredmedia":[{"embeddable":true,"href":"https:\/\/aconteceunovale.com.br\/portal\/index.php?rest_route=\/wp\/v2\/media\/93117"}],"wp:attachment":[{"href":"https:\/\/aconteceunovale.com.br\/portal\/index.php?rest_route=%2Fwp%2Fv2%2Fmedia&parent=93116"}],"wp:term":[{"taxonomy":"category","embeddable":true,"href":"https:\/\/aconteceunovale.com.br\/portal\/index.php?rest_route=%2Fwp%2Fv2%2Fcategories&post=93116"},{"taxonomy":"post_tag","embeddable":true,"href":"https:\/\/aconteceunovale.com.br\/portal\/index.php?rest_route=%2Fwp%2Fv2%2Ftags&post=93116"}],"curies":[{"name":"wp","href":"https:\/\/api.w.org\/{rel}","templated":true}]}}