{"id":93108,"date":"2016-07-27T17:02:51","date_gmt":"2016-07-27T20:02:51","guid":{"rendered":"http:\/\/aconteceunovale.com.br\/portal\/?p=93108"},"modified":"2016-07-27T17:02:51","modified_gmt":"2016-07-27T20:02:51","slug":"policia-procura-dupla-que-assaltou-agencia-dos-correios-em-verdelandia","status":"publish","type":"post","link":"https:\/\/aconteceunovale.com.br\/portal\/?p=93108","title":{"rendered":"Pol\u00edcia procura dupla que assaltou ag\u00eancia dos Correios em Verdel\u00e2ndia"},"content":{"rendered":"<p>Dois criminosos assaltaram uma ag\u00eancia dos Correios na manh\u00e3 desta quarta-feira, 27 de julho, em Verdel\u00e2ndia, na regi\u00e3o Norte de Minas Gerais. De acordo com informa\u00e7\u00f5es da Pol\u00edcia Militar (PM), eles entraram no local armados e renderam o seguran\u00e7a. Em seguida, roubaram o colete \u00e0 prova de balas e a arma do funcion\u00e1rio.<\/p>\n<p>Ainda de acordo com a PM, os bandidos tamb\u00e9m levaram todo o dinheiro do caixa; a quantia n\u00e3o foi divulgada. Eles fugiram em uma motocicleta sentindo a S\u00e3o Jo\u00e3o da Ponte e ainda n\u00e3o foram localizados pela pol\u00edcia. (G1)<\/p>\n","protected":false},"excerpt":{"rendered":"<p>Dois criminosos assaltaram uma ag\u00eancia dos Correios na manh\u00e3 desta quarta-feira, 27 de julho, em Verdel\u00e2ndia, na regi\u00e3o Norte de Minas Gerais. De acordo com informa\u00e7\u00f5es da Pol\u00edcia Militar (PM), eles entraram no local armados e renderam o seguran\u00e7a. Em seguida, roubaram o colete \u00e0 prova de balas e a arma do funcion\u00e1rio. Ainda de [&hellip;]<\/p>\n","protected":false},"author":1,"featured_media":51461,"comment_status":"open","ping_status":"closed","sticky":false,"template":"","format":"standard","meta":{"amp_status":"","footnotes":""},"categories":[1236],"tags":[107433,107434,107431,107430,107435,107432,1814],"class_list":["post-93108","post","type-post","status-publish","format-standard","has-post-thumbnail","hentry","category-norte_de_minas","tag-agencia-dos-correios-em-verdelandia","tag-assalto-em-agencia-dos-correios-em-verdelandia","tag-assalto-em-verdelandia","tag-policia-procura-dupla-que-assaltou-agencia-dos-correios-em-verdelandia","tag-roubo-em-agencia-dos-correios-em-verdelandia","tag-roubo-em-verdelandia","tag-verdelandia"],"_links":{"self":[{"href":"https:\/\/aconteceunovale.com.br\/portal\/index.php?rest_route=\/wp\/v2\/posts\/93108","targetHints":{"allow":["GET"]}}],"collection":[{"href":"https:\/\/aconteceunovale.com.br\/portal\/index.php?rest_route=\/wp\/v2\/posts"}],"about":[{"href":"https:\/\/aconteceunovale.com.br\/portal\/index.php?rest_route=\/wp\/v2\/types\/post"}],"author":[{"embeddable":true,"href":"https:\/\/aconteceunovale.com.br\/portal\/index.php?rest_route=\/wp\/v2\/users\/1"}],"replies":[{"embeddable":true,"href":"https:\/\/aconteceunovale.com.br\/portal\/index.php?rest_route=%2Fwp%2Fv2%2Fcomments&post=93108"}],"version-history":[{"count":0,"href":"https:\/\/aconteceunovale.com.br\/portal\/index.php?rest_route=\/wp\/v2\/posts\/93108\/revisions"}],"wp:featuredmedia":[{"embeddable":true,"href":"https:\/\/aconteceunovale.com.br\/portal\/index.php?rest_route=\/wp\/v2\/media\/51461"}],"wp:attachment":[{"href":"https:\/\/aconteceunovale.com.br\/portal\/index.php?rest_route=%2Fwp%2Fv2%2Fmedia&parent=93108"}],"wp:term":[{"taxonomy":"category","embeddable":true,"href":"https:\/\/aconteceunovale.com.br\/portal\/index.php?rest_route=%2Fwp%2Fv2%2Fcategories&post=93108"},{"taxonomy":"post_tag","embeddable":true,"href":"https:\/\/aconteceunovale.com.br\/portal\/index.php?rest_route=%2Fwp%2Fv2%2Ftags&post=93108"}],"curies":[{"name":"wp","href":"https:\/\/api.w.org\/{rel}","templated":true}]}}