{"id":93105,"date":"2016-07-27T16:56:20","date_gmt":"2016-07-27T19:56:20","guid":{"rendered":"http:\/\/aconteceunovale.com.br\/portal\/?p=93105"},"modified":"2016-07-27T16:56:20","modified_gmt":"2016-07-27T19:56:20","slug":"cinco-pessoas-sao-detidas-por-envolvimento-com-o-trafico-de-drogas-em-jaiba-e-sao-francisco","status":"publish","type":"post","link":"https:\/\/aconteceunovale.com.br\/portal\/?p=93105","title":{"rendered":"Cinco pessoas s\u00e3o detidas por envolvimento com o tr\u00e1fico de drogas em Ja\u00edba e S\u00e3o Francisco"},"content":{"rendered":"<p>A pol\u00edcia prendeu cinco pessoas suspeitas de envolvimento com o tr\u00e1fico de drogas na regi\u00e3o Norte de Minas Gerais. As a\u00e7\u00f5es policiais foram desencadeadas na ter\u00e7a-feira, 26 de julho, nos munic\u00edpios de S\u00e3o Francisco e Ja\u00edba. Em S\u00e3o Francisco, quatro homens foram detidos por agentes das pol\u00edcias Civil e Militar enquanto embalam drogas para comercializa\u00e7\u00e3o.<\/p>\n<p>Eles estavam no quintal de uma casa, onde foram apreendidos sete pinos de coca\u00edna, 11 pedras de crack, quatro buchas de maconha e um celular. Dentro de um guarda-roupa, os policiais encontraram 33 pinos de coca\u00edna, duas buchas de maconha e tr\u00eas por\u00e7\u00f5es da mesma droga. Os envolvidos foram encaminhados \u00e0 delegacia.<\/p>\n<p>E em Ja\u00edba, um homem, de 26 anos, foi preso durante patrulhamento no Centro da cidade. Segundo a PM, ele foi abordado ap\u00f3s estacionar um ve\u00edculo em local proibido. Os militares fizeram buscas no autom\u00f3vel e encontraram um tablete de coca\u00edna embaixo do tapete do motorista. O homem foi preso em flagrante. O carro foi removido ao p\u00e1tio do DETRAN. (G1\/PM)<\/p>\n","protected":false},"excerpt":{"rendered":"<p>A pol\u00edcia prendeu cinco pessoas suspeitas de envolvimento com o tr\u00e1fico de drogas na regi\u00e3o Norte de Minas Gerais. As a\u00e7\u00f5es policiais foram desencadeadas na ter\u00e7a-feira, 26 de julho, nos munic\u00edpios de S\u00e3o Francisco e Ja\u00edba. Em S\u00e3o Francisco, quatro homens foram detidos por agentes das pol\u00edcias Civil e Militar enquanto embalam drogas para comercializa\u00e7\u00e3o. [&hellip;]<\/p>\n","protected":false},"author":1,"featured_media":15306,"comment_status":"open","ping_status":"closed","sticky":false,"template":"","format":"standard","meta":{"amp_status":"","footnotes":""},"categories":[1236],"tags":[107427,1058,107428,107429,1522,74230,84145],"class_list":["post-93105","post","type-post","status-publish","format-standard","has-post-thumbnail","hentry","category-norte_de_minas","tag-cinco-pessoas-sao-detidas-por-envolvimento-com-o-trafico-de-drogas-em-jaiba-e-sao-francisco","tag-jaiba","tag-presos-em-jaiba","tag-presos-em-sao-francisco","tag-sao-francisco","tag-trafico-de-drogas-em-jaiba","tag-trafico-de-drogas-em-sao-francisco"],"_links":{"self":[{"href":"https:\/\/aconteceunovale.com.br\/portal\/index.php?rest_route=\/wp\/v2\/posts\/93105","targetHints":{"allow":["GET"]}}],"collection":[{"href":"https:\/\/aconteceunovale.com.br\/portal\/index.php?rest_route=\/wp\/v2\/posts"}],"about":[{"href":"https:\/\/aconteceunovale.com.br\/portal\/index.php?rest_route=\/wp\/v2\/types\/post"}],"author":[{"embeddable":true,"href":"https:\/\/aconteceunovale.com.br\/portal\/index.php?rest_route=\/wp\/v2\/users\/1"}],"replies":[{"embeddable":true,"href":"https:\/\/aconteceunovale.com.br\/portal\/index.php?rest_route=%2Fwp%2Fv2%2Fcomments&post=93105"}],"version-history":[{"count":0,"href":"https:\/\/aconteceunovale.com.br\/portal\/index.php?rest_route=\/wp\/v2\/posts\/93105\/revisions"}],"wp:featuredmedia":[{"embeddable":true,"href":"https:\/\/aconteceunovale.com.br\/portal\/index.php?rest_route=\/wp\/v2\/media\/15306"}],"wp:attachment":[{"href":"https:\/\/aconteceunovale.com.br\/portal\/index.php?rest_route=%2Fwp%2Fv2%2Fmedia&parent=93105"}],"wp:term":[{"taxonomy":"category","embeddable":true,"href":"https:\/\/aconteceunovale.com.br\/portal\/index.php?rest_route=%2Fwp%2Fv2%2Fcategories&post=93105"},{"taxonomy":"post_tag","embeddable":true,"href":"https:\/\/aconteceunovale.com.br\/portal\/index.php?rest_route=%2Fwp%2Fv2%2Ftags&post=93105"}],"curies":[{"name":"wp","href":"https:\/\/api.w.org\/{rel}","templated":true}]}}