{"id":93103,"date":"2016-07-27T16:48:40","date_gmt":"2016-07-27T19:48:40","guid":{"rendered":"http:\/\/aconteceunovale.com.br\/portal\/?p=93103"},"modified":"2016-07-27T16:48:40","modified_gmt":"2016-07-27T19:48:40","slug":"homem-e-preso-apos-tentar-assaltar-taxista-e-ser-agredido-por-populares-em-montes-claros","status":"publish","type":"post","link":"https:\/\/aconteceunovale.com.br\/portal\/?p=93103","title":{"rendered":"Homem \u00e9 preso ap\u00f3s tentar assaltar taxista e ser agredido por populares em Montes Claros"},"content":{"rendered":"<p>Um taxista conseguiu evitar um assalto ap\u00f3s enviar uma mensagem para um colega de profiss\u00e3o afirmando que estava suspeitando de um passageiro. A ocorr\u00eancia foi registrada nessa ter\u00e7a-feira, 26 de julho, em Montes Claros, na Regi\u00e3o Norte de Minas Gerais.<\/p>\n<p>Segundo as informa\u00e7\u00f5es da Pol\u00edcia Militar (PM), o passageiro abordou o taxista na Pra\u00e7a Doutor Carlos e pediu que o levasse at\u00e9 o Bairro Jaragu\u00e1 II. Durante o percurso, ele anunciou o roubo, disse estar armado e ordenou que o motorista seguisse para a Avenida Am\u00e9rico Martins.<\/p>\n<p>No trajeto, o carro do taxista foi interceptado pelo do colega que recebeu o alerta, ao perceber, o assaltante desceu do autom\u00f3vel e saiu correndo, mas foi capturado por populares. O criminoso foi agredido com um golpe de barra de ferro e precisou ser socorrido pelo Servi\u00e7o de Atendimento M\u00f3vel de Urg\u00eancia (SAMU). Ap\u00f3s ser liberado, F.S.A foi conduzido \u00e0 Delegacia de plant\u00e3o para demais provid\u00eancias.<\/p>\n<p>Ainda segundo a PM, o assaltante tem 28 anos e estava em liberdade condicional pelo crime de roubo. (G1\/PM)<\/p>\n","protected":false},"excerpt":{"rendered":"<p>Um taxista conseguiu evitar um assalto ap\u00f3s enviar uma mensagem para um colega de profiss\u00e3o afirmando que estava suspeitando de um passageiro. A ocorr\u00eancia foi registrada nessa ter\u00e7a-feira, 26 de julho, em Montes Claros, na Regi\u00e3o Norte de Minas Gerais. Segundo as informa\u00e7\u00f5es da Pol\u00edcia Militar (PM), o passageiro abordou o taxista na Pra\u00e7a Doutor [&hellip;]<\/p>\n","protected":false},"author":1,"featured_media":78106,"comment_status":"open","ping_status":"closed","sticky":false,"template":"","format":"standard","meta":{"amp_status":"","footnotes":""},"categories":[1236],"tags":[107424,107425,107423,107426,107422,210,29549],"class_list":["post-93103","post","type-post","status-publish","format-standard","has-post-thumbnail","hentry","category-norte_de_minas","tag-agressao-de-assaltante-em-montes-claros","tag-assalto-taxista-montes-claros","tag-bandido-agredido-em-montes-claros","tag-homem-e-preso-apos-tentar-assaltar-taxista-e-ser-agredido-por-populares-em-montes-claros","tag-homem-tenta-assaltar-taxista-e-vai-parar-no-hospital-apos-ser-agredido-por-populares-em-montes-claros","tag-montes-claros","tag-taxista-assaltado-em-montes-claros"],"_links":{"self":[{"href":"https:\/\/aconteceunovale.com.br\/portal\/index.php?rest_route=\/wp\/v2\/posts\/93103","targetHints":{"allow":["GET"]}}],"collection":[{"href":"https:\/\/aconteceunovale.com.br\/portal\/index.php?rest_route=\/wp\/v2\/posts"}],"about":[{"href":"https:\/\/aconteceunovale.com.br\/portal\/index.php?rest_route=\/wp\/v2\/types\/post"}],"author":[{"embeddable":true,"href":"https:\/\/aconteceunovale.com.br\/portal\/index.php?rest_route=\/wp\/v2\/users\/1"}],"replies":[{"embeddable":true,"href":"https:\/\/aconteceunovale.com.br\/portal\/index.php?rest_route=%2Fwp%2Fv2%2Fcomments&post=93103"}],"version-history":[{"count":0,"href":"https:\/\/aconteceunovale.com.br\/portal\/index.php?rest_route=\/wp\/v2\/posts\/93103\/revisions"}],"wp:featuredmedia":[{"embeddable":true,"href":"https:\/\/aconteceunovale.com.br\/portal\/index.php?rest_route=\/wp\/v2\/media\/78106"}],"wp:attachment":[{"href":"https:\/\/aconteceunovale.com.br\/portal\/index.php?rest_route=%2Fwp%2Fv2%2Fmedia&parent=93103"}],"wp:term":[{"taxonomy":"category","embeddable":true,"href":"https:\/\/aconteceunovale.com.br\/portal\/index.php?rest_route=%2Fwp%2Fv2%2Fcategories&post=93103"},{"taxonomy":"post_tag","embeddable":true,"href":"https:\/\/aconteceunovale.com.br\/portal\/index.php?rest_route=%2Fwp%2Fv2%2Ftags&post=93103"}],"curies":[{"name":"wp","href":"https:\/\/api.w.org\/{rel}","templated":true}]}}