{"id":93098,"date":"2016-07-27T16:34:04","date_gmt":"2016-07-27T19:34:04","guid":{"rendered":"http:\/\/aconteceunovale.com.br\/portal\/?p=93098"},"modified":"2016-07-27T16:34:04","modified_gmt":"2016-07-27T19:34:04","slug":"homem-tem-mao-decepada-durante-briga-com-primo-em-montes-claros","status":"publish","type":"post","link":"https:\/\/aconteceunovale.com.br\/portal\/?p=93098","title":{"rendered":"Homem tem m\u00e3o decepada durante briga com primo em Montes Claros"},"content":{"rendered":"<p>Um homem de 41 anos teve uma das m\u00e3os amputada depois de ser agredido com golpes de fac\u00e3o na regi\u00e3o central de Montes Claros, no Norte de Minas. A ocorr\u00eancia foi registrada no in\u00edcio da noite de ter\u00e7a-feira, 26 de julho, e um primo da v\u00edtima \u00e9 o principal suspeito do crime.<\/p>\n<p>Segundo as informa\u00e7\u00f5es divulgadas pelo Corpo de Bombeiros, a v\u00edtima foi agredida quando chegava em casa. Ao tentar se defender, acabou sendo ferida. O agressor fugiu e \u00e9 procurado pela Pol\u00edcia.<\/p>\n<p>Ainda de acordo com os bombeiros, a m\u00e3e, a esposa e a tia do homem, que \u00e9 m\u00e3e do autor, passaram mal e precisaram ser atendidas.  A v\u00edtima e o membro amputado foram levados pelo Samu para um hospital da cidade.<\/p>\n<p>A assessoria da unidade de sa\u00fade informou que o homem passou por uma cirurgia de reimplante e permanece internado.<\/p>\n<p><img decoding=\"async\" src=\"http:\/\/aconteceunovale.com.br\/portal\/wp-content\/uploads\/2016\/07\/facao_moc.jpg\" alt=\"\" \/><em>Bombeiros e Samu prestaram socorro ao homem (Foto: Corpo de Bombeiros\/Divulga\u00e7\u00e3o)<\/em><br \/>\n<\/br><\/p>\n<p><em>(G1 Grande Minas)<\/em><\/p>\n","protected":false},"excerpt":{"rendered":"<p>Um homem de 41 anos teve uma das m\u00e3os amputada depois de ser agredido com golpes de fac\u00e3o na regi\u00e3o central de Montes Claros, no Norte de Minas. A ocorr\u00eancia foi registrada no in\u00edcio da noite de ter\u00e7a-feira, 26 de julho, e um primo da v\u00edtima \u00e9 o principal suspeito do crime. Segundo as informa\u00e7\u00f5es [&hellip;]<\/p>\n","protected":false},"author":1,"featured_media":93099,"comment_status":"open","ping_status":"closed","sticky":false,"template":"","format":"standard","meta":{"amp_status":"","footnotes":""},"categories":[1236],"tags":[107419,107417,107418,107420,107421,210],"class_list":["post-93098","post","type-post","status-publish","format-standard","has-post-thumbnail","hentry","category-norte_de_minas","tag-briga-entre-primos-montes-claros","tag-briga-entre-primos-termina-com-mao-amputada-em-montes-claros","tag-briga-montes-claros","tag-homem-tem-mao-decepada-ao-brigar-com-primo-em-montes-claros","tag-homem-tem-mao-decepada-durante-briga-com-primo-em-montes-claros","tag-montes-claros"],"_links":{"self":[{"href":"https:\/\/aconteceunovale.com.br\/portal\/index.php?rest_route=\/wp\/v2\/posts\/93098","targetHints":{"allow":["GET"]}}],"collection":[{"href":"https:\/\/aconteceunovale.com.br\/portal\/index.php?rest_route=\/wp\/v2\/posts"}],"about":[{"href":"https:\/\/aconteceunovale.com.br\/portal\/index.php?rest_route=\/wp\/v2\/types\/post"}],"author":[{"embeddable":true,"href":"https:\/\/aconteceunovale.com.br\/portal\/index.php?rest_route=\/wp\/v2\/users\/1"}],"replies":[{"embeddable":true,"href":"https:\/\/aconteceunovale.com.br\/portal\/index.php?rest_route=%2Fwp%2Fv2%2Fcomments&post=93098"}],"version-history":[{"count":0,"href":"https:\/\/aconteceunovale.com.br\/portal\/index.php?rest_route=\/wp\/v2\/posts\/93098\/revisions"}],"wp:featuredmedia":[{"embeddable":true,"href":"https:\/\/aconteceunovale.com.br\/portal\/index.php?rest_route=\/wp\/v2\/media\/93099"}],"wp:attachment":[{"href":"https:\/\/aconteceunovale.com.br\/portal\/index.php?rest_route=%2Fwp%2Fv2%2Fmedia&parent=93098"}],"wp:term":[{"taxonomy":"category","embeddable":true,"href":"https:\/\/aconteceunovale.com.br\/portal\/index.php?rest_route=%2Fwp%2Fv2%2Fcategories&post=93098"},{"taxonomy":"post_tag","embeddable":true,"href":"https:\/\/aconteceunovale.com.br\/portal\/index.php?rest_route=%2Fwp%2Fv2%2Ftags&post=93098"}],"curies":[{"name":"wp","href":"https:\/\/api.w.org\/{rel}","templated":true}]}}