{"id":93095,"date":"2016-07-27T16:18:40","date_gmt":"2016-07-27T19:18:40","guid":{"rendered":"http:\/\/aconteceunovale.com.br\/portal\/?p=93095"},"modified":"2016-07-27T22:25:34","modified_gmt":"2016-07-28T01:25:34","slug":"homem-e-perseguido-e-morto-a-tiros-em-governador-valadares","status":"publish","type":"post","link":"https:\/\/aconteceunovale.com.br\/portal\/?p=93095","title":{"rendered":"Homem \u00e9 perseguido e morto a tiros em Governador Valadares"},"content":{"rendered":"<p>Um homem de 29 anos foi assassinado a tiros no fim da tarde dessa ter\u00e7a-feira (26\/7), no Bairro S\u00e3o Pedro, em Governador Valadares, no Vale do Rio Doce. A Pol\u00edcia Militar (PM) informou que a v\u00edtima Alysson Athos Passos da Rocha e um amigo estavam conversando perto de uma mercearia, quando dois homens chegaram ao local em uma motocicleta.<\/p>\n<p>O passageiro desceu do ve\u00edculo e amea\u00e7ou a v\u00edtima com uma arma. O homem correu e se escondeu em uma mercearia. Em seguida, entrou em uma casa que fica pr\u00f3xima ao estabelecimento, mas foi alcan\u00e7ado pelo autor que efetuou tr\u00eas tiros.<\/p>\n<p>Ap\u00f3s o crime, os bandidos fugiram de moto e ainda n\u00e3o foram presos. O Servi\u00e7o de Atendimento M\u00f3vel de Urg\u00eancia (SAMU) foi acionado, mas a v\u00edtima n\u00e3o resistiu aos ferimentos e veio a \u00f3bito ainda no local do crime. Segundo a PM, o homem tinha passagens por uso de drogas.<\/p>\n<p><strong>Suspeito preso ap\u00f3s den\u00fancia<\/strong><\/p>\n<p>No mesmo dia, a PM recebeu informa\u00e7\u00f5es dando conta de que um morador do Conjunto Sir teria participa\u00e7\u00e3o no crime. Uma guarni\u00e7\u00e3o se deslocou para o local onde estaria o suspeito, que ao avistar a viatura entrou em sua resid\u00eancia e trancou o port\u00e3o.<\/p>\n<p>Ap\u00f3s certo tempo, o homem autorizou a entrada da equipe policial no im\u00f3vel. Uma bucha de maconha, R$ 1500,00 em dinheiro e duas armas de press\u00e3o foram encontrados durante as buscas. O suspeito assumiu ser dono do dinheiro e das armas. Outro homem que estava na casa assumiu ser dono da droga e afirmou que seria para consumo pr\u00f3prio.<\/p>\n<p>Os dois homens foram presos e conduzidos \u00e0 Delegacia de Pol\u00edcia Civil para demais provid\u00eancias. As testemunhas do homic\u00eddio disseram n\u00e3o ter condi\u00e7\u00f5es de identificar o suspeito. <\/p>\n<p><img decoding=\"async\" src=\"http:\/\/aconteceunovale.com.br\/portal\/wp-content\/uploads\/2016\/07\/homicidio_gv.jpg\" alt=\"\" \/><em>Homem foi morto no Bairro S\u00e3o Pedro (Foto: Roberto Higino\/Caso de Pol\u00edcia)<\/em><br \/>\n<\/br><\/p>\n<p><em>(Fonte: G1\/PM)<\/em><\/p>\n","protected":false},"excerpt":{"rendered":"<p>Um homem de 29 anos foi assassinado a tiros no fim da tarde dessa ter\u00e7a-feira (26\/7), no Bairro S\u00e3o Pedro, em Governador Valadares, no Vale do Rio Doce. A Pol\u00edcia Militar (PM) informou que a v\u00edtima Alysson Athos Passos da Rocha e um amigo estavam conversando perto de uma mercearia, quando dois homens chegaram ao [&hellip;]<\/p>\n","protected":false},"author":1,"featured_media":93096,"comment_status":"open","ping_status":"closed","sticky":false,"template":"","format":"standard","meta":{"amp_status":"","footnotes":""},"categories":[121],"tags":[107511,75619,75618,107413,247,107416,21862,107414,43038,107415,107412,80558],"class_list":["post-93095","post","type-post","status-publish","format-standard","has-post-thumbnail","hentry","category-leste","tag-alysson-athos-passos-da-rocha","tag-assassinado-governador-valadares","tag-assassinato-governador-valadares","tag-golias","tag-governador-valadares","tag-homem-e-perseguido-e-morto-a-tiros-em-governador-valadares","tag-homicidio-governador-valadares","tag-morte-golias","tag-morto-em-governador-valadares","tag-morto-no-sao-pedro-em-governador-valadares","tag-policia-procura-autores-de-homicidio-em-governador-valadares","tag-violencia-governador-valadares"],"_links":{"self":[{"href":"https:\/\/aconteceunovale.com.br\/portal\/index.php?rest_route=\/wp\/v2\/posts\/93095","targetHints":{"allow":["GET"]}}],"collection":[{"href":"https:\/\/aconteceunovale.com.br\/portal\/index.php?rest_route=\/wp\/v2\/posts"}],"about":[{"href":"https:\/\/aconteceunovale.com.br\/portal\/index.php?rest_route=\/wp\/v2\/types\/post"}],"author":[{"embeddable":true,"href":"https:\/\/aconteceunovale.com.br\/portal\/index.php?rest_route=\/wp\/v2\/users\/1"}],"replies":[{"embeddable":true,"href":"https:\/\/aconteceunovale.com.br\/portal\/index.php?rest_route=%2Fwp%2Fv2%2Fcomments&post=93095"}],"version-history":[{"count":0,"href":"https:\/\/aconteceunovale.com.br\/portal\/index.php?rest_route=\/wp\/v2\/posts\/93095\/revisions"}],"wp:featuredmedia":[{"embeddable":true,"href":"https:\/\/aconteceunovale.com.br\/portal\/index.php?rest_route=\/wp\/v2\/media\/93096"}],"wp:attachment":[{"href":"https:\/\/aconteceunovale.com.br\/portal\/index.php?rest_route=%2Fwp%2Fv2%2Fmedia&parent=93095"}],"wp:term":[{"taxonomy":"category","embeddable":true,"href":"https:\/\/aconteceunovale.com.br\/portal\/index.php?rest_route=%2Fwp%2Fv2%2Fcategories&post=93095"},{"taxonomy":"post_tag","embeddable":true,"href":"https:\/\/aconteceunovale.com.br\/portal\/index.php?rest_route=%2Fwp%2Fv2%2Ftags&post=93095"}],"curies":[{"name":"wp","href":"https:\/\/api.w.org\/{rel}","templated":true}]}}