{"id":93088,"date":"2016-07-27T15:56:04","date_gmt":"2016-07-27T18:56:04","guid":{"rendered":"http:\/\/aconteceunovale.com.br\/portal\/?p=93088"},"modified":"2016-07-27T15:56:04","modified_gmt":"2016-07-27T18:56:04","slug":"funcionario-tenta-espantar-abelhas-com-fogo-e-incendeia-deposito-de-reciclaveis-em-governador-valadares","status":"publish","type":"post","link":"https:\/\/aconteceunovale.com.br\/portal\/?p=93088","title":{"rendered":"Funcion\u00e1rio tenta espantar abelhas com fogo e incendeia dep\u00f3sito de recicl\u00e1veis em Governador Valadares"},"content":{"rendered":"<p>Um dep\u00f3sito de materiais recicl\u00e1veis foi incendiado, nesta quarta-feira (27\/7), no Distrito Industrial de Governador Valadares, no Vale do Rio Doce, ap\u00f3s um funcion\u00e1rio utilizar fogo para tentar espantar um enxame de abelhas. Ningu\u00e9m ficou ferido.<\/p>\n<p>Segundo informa\u00e7\u00f5es do propriet\u00e1rio do estabelecimento, o trabalhador colocou fogo em uma cal\u00e7a jeans com a inten\u00e7\u00e3o de matar as abelhas e as chamas se alastraram, atingindo os materiais recicl\u00e1veis que estavam no p\u00e1tio. O inc\u00eandio destruiu um caminh\u00e3o e a fia\u00e7\u00e3o el\u00e9trica do local.<\/p>\n<p>Os funcion\u00e1rios tentaram conter o fogo antes da chegada dos bombeiros. Cerca de 20 militares participaram da a\u00e7\u00e3o. &#8220;O inc\u00eandio foi de grande propor\u00e7\u00e3o por se tratar de material de f\u00e1cil combust\u00e3o, o fogo se alastrou muito r\u00e1pido. Separamos os materiais que n\u00e3o foram atingidos pelo fogo, daqueles que j\u00e1 haviam sido queimados, para ajudar nos trabalhos. Foram gastos cerca de 20 mil litros de \u00e1gua&#8221;, disse o tenente do Corpo de Bombeiros, Magno Elo\u00edsio.<\/p>\n<p>A energia no local foi cortada pra evitar outros acidentes. O dono do dep\u00f3sito informou que 90% das mercadorias foram queimadas e que o preju\u00edzo deve ultrapassar R$ 300 mil.<\/p>\n<p><img decoding=\"async\" src=\"http:\/\/aconteceunovale.com.br\/portal\/wp-content\/uploads\/2016\/07\/incendio_gv_27_7_5.jpg\" alt=\"\" \/><em>Inc\u00eandio destruiu recicl\u00e1veis em dep\u00f3sito de Governador Valadares (Foto: Rede Alerta)<\/em><br \/>\n<\/br><\/p>\n<p><img decoding=\"async\" src=\"http:\/\/aconteceunovale.com.br\/portal\/wp-content\/uploads\/2016\/07\/incendio_gv_27_7_2.jpg\" alt=\"\" \/><em>Inc\u00eandio destruiu recicl\u00e1veis em dep\u00f3sito de Governador Valadares (Foto: Rede Alerta)<\/em><br \/>\n<\/br><\/p>\n<p><img decoding=\"async\" src=\"http:\/\/aconteceunovale.com.br\/portal\/wp-content\/uploads\/2016\/07\/incendio_gv_27_7_3.jpg\" alt=\"\" \/><em>Inc\u00eandio destruiu recicl\u00e1veis em dep\u00f3sito de Governador Valadares (Foto: Rede Alerta)<\/em><br \/>\n<\/br><\/p>\n<p><img decoding=\"async\" src=\"http:\/\/aconteceunovale.com.br\/portal\/wp-content\/uploads\/2016\/07\/incendio_gv_27_7_4.jpg\" alt=\"\" \/><em>Inc\u00eandio destruiu recicl\u00e1veis em dep\u00f3sito de Governador Valadares (Foto: Rede Alerta)<\/em><br \/>\n<\/br><\/p>\n<p><img decoding=\"async\" src=\"http:\/\/aconteceunovale.com.br\/portal\/wp-content\/uploads\/2016\/07\/incendio_gv_27_7_1.jpg\" alt=\"\" \/><em>Inc\u00eandio destruiu recicl\u00e1veis em dep\u00f3sito de Governador Valadares (Foto: Rede Alerta)<\/em><br \/>\n<\/br><\/p>\n<p><em>(Fonte: G1 Vales de Minas Gerais)<\/em><\/p>\n","protected":false},"excerpt":{"rendered":"<p>Um dep\u00f3sito de materiais recicl\u00e1veis foi incendiado, nesta quarta-feira (27\/7), no Distrito Industrial de Governador Valadares, no Vale do Rio Doce, ap\u00f3s um funcion\u00e1rio utilizar fogo para tentar espantar um enxame de abelhas. Ningu\u00e9m ficou ferido. Segundo informa\u00e7\u00f5es do propriet\u00e1rio do estabelecimento, o trabalhador colocou fogo em uma cal\u00e7a jeans com a inten\u00e7\u00e3o de matar [&hellip;]<\/p>\n","protected":false},"author":1,"featured_media":93090,"comment_status":"open","ping_status":"closed","sticky":false,"template":"","format":"standard","meta":{"amp_status":"","footnotes":""},"categories":[121],"tags":[107405,107408,107409,107404,247,107406,107411,100127,107410,107407],"class_list":{"0":"post-93088","1":"post","2":"type-post","3":"status-publish","4":"format-standard","5":"has-post-thumbnail","6":"hentry","7":"category-leste","8":"tag-deposito-de-reciclaveis-em-governador-valadares","9":"tag-distrito-industrial-de-governador-valadares","10":"tag-fogo-no-distrito-industrial-de-governador-valadares","12":"tag-governador-valadares","13":"tag-incendio-deposito-de-reciclaveis-em-governador-valadares","14":"tag-incendio-destruiu-reciclaveis-em-deposito-de-governador-valadares","15":"tag-incendio-governador-valadares","16":"tag-incendio-no-distrito-industrial-de-governador-valadares"},"_links":{"self":[{"href":"https:\/\/aconteceunovale.com.br\/portal\/index.php?rest_route=\/wp\/v2\/posts\/93088","targetHints":{"allow":["GET"]}}],"collection":[{"href":"https:\/\/aconteceunovale.com.br\/portal\/index.php?rest_route=\/wp\/v2\/posts"}],"about":[{"href":"https:\/\/aconteceunovale.com.br\/portal\/index.php?rest_route=\/wp\/v2\/types\/post"}],"author":[{"embeddable":true,"href":"https:\/\/aconteceunovale.com.br\/portal\/index.php?rest_route=\/wp\/v2\/users\/1"}],"replies":[{"embeddable":true,"href":"https:\/\/aconteceunovale.com.br\/portal\/index.php?rest_route=%2Fwp%2Fv2%2Fcomments&post=93088"}],"version-history":[{"count":0,"href":"https:\/\/aconteceunovale.com.br\/portal\/index.php?rest_route=\/wp\/v2\/posts\/93088\/revisions"}],"wp:featuredmedia":[{"embeddable":true,"href":"https:\/\/aconteceunovale.com.br\/portal\/index.php?rest_route=\/wp\/v2\/media\/93090"}],"wp:attachment":[{"href":"https:\/\/aconteceunovale.com.br\/portal\/index.php?rest_route=%2Fwp%2Fv2%2Fmedia&parent=93088"}],"wp:term":[{"taxonomy":"category","embeddable":true,"href":"https:\/\/aconteceunovale.com.br\/portal\/index.php?rest_route=%2Fwp%2Fv2%2Fcategories&post=93088"},{"taxonomy":"post_tag","embeddable":true,"href":"https:\/\/aconteceunovale.com.br\/portal\/index.php?rest_route=%2Fwp%2Fv2%2Ftags&post=93088"}],"curies":[{"name":"wp","href":"https:\/\/api.w.org\/{rel}","templated":true}]}}