{"id":93084,"date":"2016-07-27T15:36:14","date_gmt":"2016-07-27T18:36:14","guid":{"rendered":"http:\/\/aconteceunovale.com.br\/portal\/?p=93084"},"modified":"2016-07-27T15:36:14","modified_gmt":"2016-07-27T18:36:14","slug":"sebrae-e-produtores-lancam-marca-regiao-de-salinas","status":"publish","type":"post","link":"https:\/\/aconteceunovale.com.br\/portal\/?p=93084","title":{"rendered":"Sebrae e produtores lan\u00e7am marca Regi\u00e3o de Salinas"},"content":{"rendered":"<p>Na pr\u00f3xima quinta-feira, dia 28 de julho, o Sebrae Minas, em parceria com a Associa\u00e7\u00e3o dos Produtores Artesanais de Cacha\u00e7a de Salinas (Apacs), promove na cidade de Salinas, no Norte do Estado, o lan\u00e7amento da marca Regi\u00e3o de Salinas. A cacha\u00e7a \u00e9 um dos mais leg\u00edtimos representantes da produ\u00e7\u00e3o artesanal mineira e a regi\u00e3o \u00e9 precursora do movimento de valoriza\u00e7\u00e3o deste produto. <\/p>\n<p>De acordo com a Apacs, a regi\u00e3o abriga cerca de 100 produtores distribu\u00eddos por seis munic\u00edpios \u2013 Fruta de Leite, Novorizonte, Rubelita, Salinas, Santa Cruz de Salinas e Taiobeiras. A produ\u00e7\u00e3o total, inteiramente artesanal, chega a 15 milh\u00f5es de litros por ano, comercializada sob mais de 50 marcas.<\/p>\n<p>Os atributos naturais da regi\u00e3o s\u00e3o determinantes para as caracter\u00edsticas do produto e contribuem para definir o terroir, (rela\u00e7\u00e3o mais \u00edntima entre o solo e o micro-clima particular), a exemplo de outras bebidas ao redor do mundo. Estes s\u00e3o, ali\u00e1s, alguns dos requisitos exigidos pelo INPI para a conquista da marca Regi\u00e3o de Salinas.<\/p>\n<p>O lan\u00e7amento da marca \u00e9 parte integrante do trabalho que \u00e9 desenvolvido pelo Sebrae Minas junto aos produtores de cacha\u00e7a da regi\u00e3o. &#8220;Nosso objetivo \u00e9 fortalecer sua marca e origem junto aos diversos compradores e consumidores\u201d, ressalta o analista do Sebrae Minas, Ricardo Boscaro.<\/p>\n<p>Os produtores foram orientados sobre a import\u00e2ncia do trabalho em grupo, o fortalecimento do associativismo, a revis\u00e3o do regulamento de uso da Indica\u00e7\u00e3o de Proced\u00eancia e a an\u00e1lise do mercado.<\/p>\n<p><img decoding=\"async\" src=\"http:\/\/aconteceunovale.com.br\/portal\/wp-content\/uploads\/2016\/07\/marca_salinas_1.jpg\" alt=\"\" \/><em>Sebrae e produtores lan\u00e7am marca Regi\u00e3o de Salinas (Foto: Divulga\u00e7\u00e3o)<\/em><br \/>\n<\/br><\/p>\n<p><strong>Produtores destacam a import\u00e2ncia da marca Regi\u00e3o de Salinas<\/strong><\/p>\n<p>Edson Souza Martins produz a cacha\u00e7a \u2018Encantos da Marquesa\u2019 h\u00e1 nove anos na regi\u00e3o. Ele acredita que a cria\u00e7\u00e3o da marca Regi\u00e3o de Salinas \u00e9 fundamental para alavancar ainda mais a produ\u00e7\u00e3o da bebida. \u201cTemos uma cacha\u00e7a de alta qualidade e essa identifica\u00e7\u00e3o regional que est\u00e1 sendo criada vai ajudar a valorizar nosso produto, dar maior visibilidade no circuito tur\u00edstico e contribuir para a diminui\u00e7\u00e3o da informalidade, que prejudica quem trabalha dentro da lei e paga os impostos\u201d diz. <\/p>\n<p>Edson Souza produziu 60 mil litros de cacha\u00e7a em 2015 e tem a expectativa de repetir esse numero este ano. Ele acredita  ainda que a marca  regional vai contribuir para a exporta\u00e7\u00e3o, o que tamb\u00e9m incrementa o seu neg\u00f3cio. O produtor j\u00e1 vendeu o seu produto para a Alemanha e agora est\u00e1 acertando  a comercializa\u00e7\u00e3o para a It\u00e1lia.<\/p>\n<p>Dono da marca \u201cTabua\u201d, em Salinas, Lucas Mendes destaca que a cria\u00e7\u00e3o da marca Regi\u00e3o de Salinas \u00e9 importante tanto para os produtores como para os consumidores. \u201cCom essa marca vamos criar uma identifica\u00e7\u00e3o geogr\u00e1fica com o p\u00fablico, que ter\u00e1 a confian\u00e7a de que, ao adquirir uma cacha\u00e7a aqui da regi\u00e3o, vai consumir um produto com todas as caracter\u00edsticas e qualidades da aut\u00eantica cacha\u00e7a de Salinas. Vamos criar um feedback com o nosso consumidor\u201d argumenta Lucas, que tamb\u00e9m vende a bebida para a Alemanha.<\/p>\n<p>O  presidente da Associa\u00e7\u00e3o dos Produtores Artesanais de Cacha\u00e7a de Salinas (Apacs), Aldeir Xavier de Oliveira, refor\u00e7a que a cria\u00e7\u00e3o da marca tem o objetivo de certificar quais s\u00e3o as cacha\u00e7as que verdadeiramente s\u00e3o produzida na regi\u00e3o. \u201c Muitas cacha\u00e7as encontradas e que s\u00e3o tidas como produzidas na regi\u00e3o de Salinas s\u00e3o de outras regi\u00f5es. Ent\u00e3o, com este selo, vamos certificar o que realmente \u00e9 produzido aqui. Isso  valoriza as nossas marcas, que t\u00eam a nossa  qualidade. Vamos vender um produto que tem origem e proced\u00eancia\u201d, afirma.<\/p>\n<p><img decoding=\"async\" src=\"http:\/\/aconteceunovale.com.br\/portal\/wp-content\/uploads\/2016\/07\/marca_salinas_2.jpg\" alt=\"\" \/><em>O lan\u00e7amento ser\u00e1 realizado no Museu da Cacha\u00e7a em Salinas (Foto: Divulga\u00e7\u00e3o)<\/em><br \/>\n<\/br><\/p>\n<p><em>(Fonte: Sebrae Minas)<\/em><\/p>\n","protected":false},"excerpt":{"rendered":"<p>Na pr\u00f3xima quinta-feira, dia 28 de julho, o Sebrae Minas, em parceria com a Associa\u00e7\u00e3o dos Produtores Artesanais de Cacha\u00e7a de Salinas (Apacs), promove na cidade de Salinas, no Norte do Estado, o lan\u00e7amento da marca Regi\u00e3o de Salinas. A cacha\u00e7a \u00e9 um dos mais leg\u00edtimos representantes da produ\u00e7\u00e3o artesanal mineira e a regi\u00e3o \u00e9 [&hellip;]<\/p>\n","protected":false},"author":1,"featured_media":93085,"comment_status":"open","ping_status":"closed","sticky":false,"template":"","format":"standard","meta":{"amp_status":"","footnotes":""},"categories":[1236],"tags":[107401,107390,107389,107385,3962,107397,107392,107399,107395,107396,1034,107400,107391,4532,107403,107386,107387,107394,107393,852,190,927,107402,44759,107398,419,107388],"class_list":["post-93084","post","type-post","status-publish","format-standard","has-post-thumbnail","hentry","category-norte_de_minas","tag-aldeir-xavier-de-oliveira","tag-apacs","tag-apoio-cachaca-de-salinas","tag-associacao-dos-produtores-artesanais-de-cachaca-de-salinas","tag-cachaca-de-salinas","tag-cachaca-encantos-da-marquesa","tag-cachaca-regiao-de-salinas","tag-cachaca-tabua","tag-edson-souza-martins","tag-encantos-da-marquesa","tag-fruta-de-leite","tag-lucas-mendes","tag-marca-regiao-de-salinas","tag-novorizonte","tag-o-lancamento-sera-realizado-no-museu-da-cachaca-em-salinas","tag-produtores-artesanais-de-cachaca-de-salinas","tag-produtores-de-cachaca-de-salinas","tag-produtores-destacam-a-importancia-da-marca-regiao-de-salinas","tag-ricardo-boscaro","tag-rubelita","tag-salinas","tag-santa-cruz-de-salinas","tag-sebrae-e-produtores-lancam-marca-regiao-de-salinas","tag-sebrae-minas","tag-tabua","tag-taiobeiras","tag-valorizacao-da-cachaca-de-salinas"],"_links":{"self":[{"href":"https:\/\/aconteceunovale.com.br\/portal\/index.php?rest_route=\/wp\/v2\/posts\/93084","targetHints":{"allow":["GET"]}}],"collection":[{"href":"https:\/\/aconteceunovale.com.br\/portal\/index.php?rest_route=\/wp\/v2\/posts"}],"about":[{"href":"https:\/\/aconteceunovale.com.br\/portal\/index.php?rest_route=\/wp\/v2\/types\/post"}],"author":[{"embeddable":true,"href":"https:\/\/aconteceunovale.com.br\/portal\/index.php?rest_route=\/wp\/v2\/users\/1"}],"replies":[{"embeddable":true,"href":"https:\/\/aconteceunovale.com.br\/portal\/index.php?rest_route=%2Fwp%2Fv2%2Fcomments&post=93084"}],"version-history":[{"count":0,"href":"https:\/\/aconteceunovale.com.br\/portal\/index.php?rest_route=\/wp\/v2\/posts\/93084\/revisions"}],"wp:featuredmedia":[{"embeddable":true,"href":"https:\/\/aconteceunovale.com.br\/portal\/index.php?rest_route=\/wp\/v2\/media\/93085"}],"wp:attachment":[{"href":"https:\/\/aconteceunovale.com.br\/portal\/index.php?rest_route=%2Fwp%2Fv2%2Fmedia&parent=93084"}],"wp:term":[{"taxonomy":"category","embeddable":true,"href":"https:\/\/aconteceunovale.com.br\/portal\/index.php?rest_route=%2Fwp%2Fv2%2Fcategories&post=93084"},{"taxonomy":"post_tag","embeddable":true,"href":"https:\/\/aconteceunovale.com.br\/portal\/index.php?rest_route=%2Fwp%2Fv2%2Ftags&post=93084"}],"curies":[{"name":"wp","href":"https:\/\/api.w.org\/{rel}","templated":true}]}}