{"id":93081,"date":"2016-07-27T15:25:28","date_gmt":"2016-07-27T18:25:28","guid":{"rendered":"http:\/\/aconteceunovale.com.br\/portal\/?p=93081"},"modified":"2016-07-27T15:25:28","modified_gmt":"2016-07-27T18:25:28","slug":"adolescente-de-17-anos-e-morto-a-tiros-em-aracuai","status":"publish","type":"post","link":"https:\/\/aconteceunovale.com.br\/portal\/?p=93081","title":{"rendered":"Adolescente de 17 anos \u00e9 morto a tiros em Ara\u00e7ua\u00ed"},"content":{"rendered":"<p>Um adolescente de 17 anos foi encontrado morto por volta das 20h30  desta ter\u00e7a-feira (26\/7), em um local ermo e escuro no bairro Nova Esperan\u00e7a, em Ara\u00e7ua\u00ed, no Vale do Jequitinhonha. A pol\u00edcia foi informada atrav\u00e9s de uma den\u00fancia an\u00f4nima e uma guarni\u00e7\u00e3o militar foi at\u00e9 ao local indicado, na Rua Ant\u00f4nio Bragan\u00e7a, onde estava o corpo de Brendon Nunes Leite. O local foi isolado  e a per\u00edcia t\u00e9cnica da Pol\u00edcia Civil foi acionada.<\/p>\n<p>De acordo com a per\u00edcia, o menor foi atingido na cabe\u00e7a por quatro disparos de arma de fogo. No bolso do garoto foram encontrados R$ 15 reais em dinheiro e uma moeda de R$ 1 real. Pr\u00f3ximo ao corpo foi encontrado um capacete.<\/p>\n<p>Uma testemunha relatou que ouviu barulhos de tiros, mas n\u00e3o quis sair de dentro de casa para ver o que estava acontecendo. Outra testemunha, que n\u00e3o quis se identificar, disse que viu um homem fugindo do local com um ferimento em uma das pernas, provocado por arma de fogo.<\/p>\n<p><img decoding=\"async\" src=\"http:\/\/aconteceunovale.com.br\/portal\/wp-content\/uploads\/2016\/07\/homicidio_ara_vitima.jpg\" alt=\"\" \/><em>O corpo de Brendon Nunes foi encontrado no bairro Nova Esperan\u00e7a (Foto: Divulga\u00e7\u00e3o)<\/em><br \/>\n<\/br><\/p>\n<p>Ap\u00f3s o crime, a Pol\u00edcia Militar de Itaobim, informou ao Comando em Ara\u00e7ua\u00ed, que um rapaz de 19 anos, baleado na perna direita, havia dado entrada no hospital daquela cidade.<\/p>\n<p>Ao ser questionado, o suspeito, morador do bairro Santa Teresa, em Ara\u00e7ua\u00ed, informou que havia sido alvejado no bairro Arraial, nas proximidades do bairro onde o adolescente foi morto.<\/p>\n<p>O jovem chegou ao hospital, acompanhado de uma mulher de 31 anos e n\u00e3o quis dar maiores detalhes sobre o caso. Ambos foram liberados pela delegada da Pol\u00edcia Civil, de plant\u00e3o em Pedra Azul, Ana Carolina Santana, que alegou falta de provas do envolvimento do casal, no assassinato do adolescente.<\/p>\n<p><strong>Outro crime<\/strong><\/p>\n<p>H\u00e1 oito dias, um homem de 31 anos foi encontrado morto, dentro de um matagal, pr\u00f3ximo de uma cer\u00e2mica desativada, no bairro Corredor, vizinho ao bairro Nova Esperan\u00e7a. Ele apresentava fraturas na nuca, provocadas por golpes de tijolo, e uma perfura\u00e7\u00e3o \u00e0 bala no lado esquerdo do peito.<\/p>\n<p>Em ambos os casos nenhum suspeito foi detido e a motiva\u00e7\u00e3o e dos crimes ainda s\u00e3o desconhecidas. Os dois homic\u00eddios est\u00e3o sob investiga\u00e7\u00e3o da Pol\u00edcia Civil. (Gazeta de Ara\u00e7ua\u00ed)<\/p>\n","protected":false},"excerpt":{"rendered":"<p>Um adolescente de 17 anos foi encontrado morto por volta das 20h30 desta ter\u00e7a-feira (26\/7), em um local ermo e escuro no bairro Nova Esperan\u00e7a, em Ara\u00e7ua\u00ed, no Vale do Jequitinhonha. A pol\u00edcia foi informada atrav\u00e9s de uma den\u00fancia an\u00f4nima e uma guarni\u00e7\u00e3o militar foi at\u00e9 ao local indicado, na Rua Ant\u00f4nio Bragan\u00e7a, onde estava [&hellip;]<\/p>\n","protected":false},"author":1,"featured_media":93082,"comment_status":"open","ping_status":"closed","sticky":false,"template":"","format":"standard","meta":{"amp_status":"","footnotes":""},"categories":[120],"tags":[107384,186,65734,107382,45183,43602,43604,107383,81075],"class_list":["post-93081","post","type-post","status-publish","format-standard","has-post-thumbnail","hentry","category-jequi","tag-adolescente-de-17-anos-e-morto-a-tiros-em-aracuai","tag-aracuai","tag-assassinato-aracuai","tag-brendon-nunes-leite","tag-homicidio-aracuai","tag-morte-em-aracuai","tag-morto-em-aracuai","tag-otavio-de-oliveira-galvao","tag-violencia-aracuai"],"_links":{"self":[{"href":"https:\/\/aconteceunovale.com.br\/portal\/index.php?rest_route=\/wp\/v2\/posts\/93081","targetHints":{"allow":["GET"]}}],"collection":[{"href":"https:\/\/aconteceunovale.com.br\/portal\/index.php?rest_route=\/wp\/v2\/posts"}],"about":[{"href":"https:\/\/aconteceunovale.com.br\/portal\/index.php?rest_route=\/wp\/v2\/types\/post"}],"author":[{"embeddable":true,"href":"https:\/\/aconteceunovale.com.br\/portal\/index.php?rest_route=\/wp\/v2\/users\/1"}],"replies":[{"embeddable":true,"href":"https:\/\/aconteceunovale.com.br\/portal\/index.php?rest_route=%2Fwp%2Fv2%2Fcomments&post=93081"}],"version-history":[{"count":0,"href":"https:\/\/aconteceunovale.com.br\/portal\/index.php?rest_route=\/wp\/v2\/posts\/93081\/revisions"}],"wp:featuredmedia":[{"embeddable":true,"href":"https:\/\/aconteceunovale.com.br\/portal\/index.php?rest_route=\/wp\/v2\/media\/93082"}],"wp:attachment":[{"href":"https:\/\/aconteceunovale.com.br\/portal\/index.php?rest_route=%2Fwp%2Fv2%2Fmedia&parent=93081"}],"wp:term":[{"taxonomy":"category","embeddable":true,"href":"https:\/\/aconteceunovale.com.br\/portal\/index.php?rest_route=%2Fwp%2Fv2%2Fcategories&post=93081"},{"taxonomy":"post_tag","embeddable":true,"href":"https:\/\/aconteceunovale.com.br\/portal\/index.php?rest_route=%2Fwp%2Fv2%2Ftags&post=93081"}],"curies":[{"name":"wp","href":"https:\/\/api.w.org\/{rel}","templated":true}]}}