{"id":93079,"date":"2016-07-27T15:12:48","date_gmt":"2016-07-27T18:12:48","guid":{"rendered":"http:\/\/aconteceunovale.com.br\/portal\/?p=93079"},"modified":"2016-07-27T15:12:48","modified_gmt":"2016-07-27T18:12:48","slug":"acidente-entre-motos-deixa-um-morto-e-dois-feridos-no-municipio-de-itinga","status":"publish","type":"post","link":"https:\/\/aconteceunovale.com.br\/portal\/?p=93079","title":{"rendered":"Acidente entre motos deixa um morto e dois feridos no munic\u00edpio de Itinga"},"content":{"rendered":"<p>Um motociclista de 18 anos morreu e duas pessoas ficaram feridas ap\u00f3s a colis\u00e3o entre duas motos, no fim da tarde de  ter\u00e7a-feira, 26 de julho, na zona rural de Itinga, no Vale do Jequitinhonha. Segundo a Pol\u00edcia Militar (PM), os envolvidos n\u00e3o estavam  usando capacete.<\/p>\n<p>O acidente aconteceu em uma estrada de terra, nas proximidades da Fazenda Palmito. As v\u00edtimas foram socorridas por um policial aposentado e levadas para a Unidade de Pronto Atendimento (UPA) de Itinga. Ronaldo Ramalho da Silva n\u00e3o resistiu aos ferimentos e veio a \u00f3bito.<\/p>\n<p>Uma mulher de 39 anos foi medicada e passa bem. Jailton Ferreira, de 45 anos, que estava com a mulher em uma das motos, sofreu ferimentos na cabe\u00e7a e foi encaminhado para o hospital de Itaobim. N\u00e3o foi divulgado o estado de sa\u00fade dele.<\/p>\n<p>A Pol\u00edcia Militar informou que uma guarni\u00e7\u00e3o foi at\u00e9 ao local do acidente, mas as motocicletas j\u00e1 haviam  sido retiradas da estrada e levadas para uma casa que foi encontrada fechada pelos policiais e por este motivo, n\u00e3o foi poss\u00edvel fazer a qualifica\u00e7\u00e3o das mesmas. (Gazeta de Ara\u00e7ua\u00ed)<\/p>\n","protected":false},"excerpt":{"rendered":"<p>Um motociclista de 18 anos morreu e duas pessoas ficaram feridas ap\u00f3s a colis\u00e3o entre duas motos, no fim da tarde de ter\u00e7a-feira, 26 de julho, na zona rural de Itinga, no Vale do Jequitinhonha. Segundo a Pol\u00edcia Militar (PM), os envolvidos n\u00e3o estavam usando capacete. O acidente aconteceu em uma estrada de terra, nas [&hellip;]<\/p>\n","protected":false},"author":1,"featured_media":90576,"comment_status":"open","ping_status":"closed","sticky":false,"template":"","format":"standard","meta":{"amp_status":"","footnotes":""},"categories":[120],"tags":[57049,107380,107377,107378,189,107381,107379],"class_list":["post-93079","post","type-post","status-publish","format-standard","has-post-thumbnail","hentry","category-jequi","tag-acidente-em-itinga","tag-acidente-entre-motos-deixa-um-morto-e-dois-feridos-no-municipio-de-itinga","tag-acidente-entre-motos-em-itinga","tag-acidente-na-zona-rural-de-itinga","tag-itinga","tag-jailton-ferreira","tag-ronaldo-ramalho-da-silva"],"_links":{"self":[{"href":"https:\/\/aconteceunovale.com.br\/portal\/index.php?rest_route=\/wp\/v2\/posts\/93079","targetHints":{"allow":["GET"]}}],"collection":[{"href":"https:\/\/aconteceunovale.com.br\/portal\/index.php?rest_route=\/wp\/v2\/posts"}],"about":[{"href":"https:\/\/aconteceunovale.com.br\/portal\/index.php?rest_route=\/wp\/v2\/types\/post"}],"author":[{"embeddable":true,"href":"https:\/\/aconteceunovale.com.br\/portal\/index.php?rest_route=\/wp\/v2\/users\/1"}],"replies":[{"embeddable":true,"href":"https:\/\/aconteceunovale.com.br\/portal\/index.php?rest_route=%2Fwp%2Fv2%2Fcomments&post=93079"}],"version-history":[{"count":0,"href":"https:\/\/aconteceunovale.com.br\/portal\/index.php?rest_route=\/wp\/v2\/posts\/93079\/revisions"}],"wp:featuredmedia":[{"embeddable":true,"href":"https:\/\/aconteceunovale.com.br\/portal\/index.php?rest_route=\/wp\/v2\/media\/90576"}],"wp:attachment":[{"href":"https:\/\/aconteceunovale.com.br\/portal\/index.php?rest_route=%2Fwp%2Fv2%2Fmedia&parent=93079"}],"wp:term":[{"taxonomy":"category","embeddable":true,"href":"https:\/\/aconteceunovale.com.br\/portal\/index.php?rest_route=%2Fwp%2Fv2%2Fcategories&post=93079"},{"taxonomy":"post_tag","embeddable":true,"href":"https:\/\/aconteceunovale.com.br\/portal\/index.php?rest_route=%2Fwp%2Fv2%2Ftags&post=93079"}],"curies":[{"name":"wp","href":"https:\/\/api.w.org\/{rel}","templated":true}]}}