{"id":93071,"date":"2016-07-27T14:43:39","date_gmt":"2016-07-27T17:43:39","guid":{"rendered":"http:\/\/aconteceunovale.com.br\/portal\/?p=93071"},"modified":"2016-07-27T14:43:39","modified_gmt":"2016-07-27T17:43:39","slug":"comando-manda-prender-bombeira-que-fez-ensaio-sensual-para-exaltar-o-empoderamento-feminino","status":"publish","type":"post","link":"https:\/\/aconteceunovale.com.br\/portal\/?p=93071","title":{"rendered":"Comando manda prender bombeira que fez ensaio sensual para exaltar o empoderamento feminino"},"content":{"rendered":"<p>O comando do 7\u00ba Grupamento do Corpo de Bombeiros do Paran\u00e1 determinou que a soldado Lilian Villas Boas, de 32 anos, seja presa por oito dias. O motivo \u00e9 porque ela participou de um ensaio fotogr\u00e1fico em fevereiro deste ano, para um projeto do fot\u00f3grafo Arnaldo Belotto. Nas fotos sensuais, ela aparecia com parte dos seios \u00e0 mostra.<\/p>\n<p>Segundo Belotto, as fotos ficaram no site do projeto por menos de 24 horas. &#8220;Uma delegada civil do Rio de Janeiro acabou printando as fotos e enviando ao comandante aqui em Curitiba&#8221;, conta. Desde ent\u00e3o, Lilian come\u00e7ou a receber press\u00e3o dos comandantes para que as imagens fossem retiradas do ar.<\/p>\n<p>A bombeira participou do ensaio porque algumas amigas dela tamb\u00e9m j\u00e1 tinham feito fotografias para o projeto de Belotto, que de acordo com ele, tem o objetivo de exaltar o empoderamento feminino e a beleza das mulheres, sem o uso de t\u00e9cnicas de manipula\u00e7\u00e3o de imagem. Mas a press\u00e3o sofrida por Lilian continuou, mesmo ap\u00f3s a retirada das fotos do site. &#8220;J\u00e1 fui prestar duas vezes depoimento no quartel&#8221;, diz o fot\u00f3grafo.<\/p>\n<p><img decoding=\"async\" src=\"http:\/\/aconteceunovale.com.br\/portal\/wp-content\/uploads\/2016\/07\/prisao_bombeira_1.jpg\" alt=\"\" \/><em>Delegada do Rio de Janeiro foi quem denunciou o caso, diz fot\u00f3grafo (Foto: Reprodu\u00e7\u00e3o)<\/em><br \/>\n<\/br><\/p>\n<p>Lilian ainda teve que responder pelo processo disciplinar. Segundo a nota de puni\u00e7\u00e3o publicada em um boletim interno do 7\u00ba Grupamento, a puni\u00e7\u00e3o foi por ela ter exposto &#8220;a intimidade e privacidade de seu corpo&#8221;. A falta foi considerada m\u00e9dia pelos superiores, culminando na pena dos oito dias de pris\u00e3o. O documento \u00e9 assinado pela tenente Giselle Machado, que \u00e9 comandante do grupamento.<\/p>\n<p>Em nota, a Pol\u00edcia Militar do Paran\u00e1 informou que n\u00e3o pode se manifestar sobre o caso, pois a bombeira ainda poder\u00e1 recorrer \u00e0 corpora\u00e7\u00e3o para mudar a san\u00e7\u00e3o que recebeu.<\/p>\n<p><strong>Leia a nota da Pol\u00edcia Militar na \u00edntegra:<\/strong><\/p>\n<p><em>O exerc\u00edcio do poder disciplinar da origem e da solu\u00e7\u00e3o final do procedimento em rela\u00e7\u00e3o \u00e0 bombeira citada se deu no \u00e2mbito do 7\u00ba Grupamento do Bombeiro, por isso o Comando do Corpo de Bombeiros e o Comando Geral da Pol\u00edcia Militar do Paran\u00e1, se instados em grau de recurso far\u00e3o a reavalia\u00e7\u00e3o sob todas as \u00f3ticas, seja dos fundamentos da puni\u00e7\u00e3o ou em rela\u00e7\u00e3o \u00e0s suas circunst\u00e2ncias e dosimetria da pena.<\/p>\n<p>Tanto o Comando do Corpo de Bombeiros quanto o Comando Geral da Pol\u00edcia Militar do Paran\u00e1 n\u00e3o podem emitir ju\u00edzo de valor pr\u00e9vio, pois em algum momento podem ser provocados em grau de recurso.<\/em><\/p>\n<p><img decoding=\"async\" src=\"http:\/\/aconteceunovale.com.br\/portal\/wp-content\/uploads\/2016\/07\/prisao_bombeira_2.jpg\" alt=\"\" \/><em>Boletim interno circulou pelo 7\u00aa Grupamento dos Bombeiros de Curitiba (Foto: Reprodu\u00e7\u00e3o)<\/em><br \/>\n<\/br><\/p>\n<p><img decoding=\"async\" src=\"http:\/\/aconteceunovale.com.br\/portal\/wp-content\/uploads\/2016\/07\/prisao_bombeira_3.jpg\" alt=\"\" \/><em>Ensaio tinha como objetivo mostrar o empoderamento feminino (Foto: Reprodu\u00e7\u00e3o)<\/em><br \/>\n<\/br><\/p>\n<p><em>(Fonte: G1 PR \/ Samuel Nunes)<\/em><\/p>\n","protected":false},"excerpt":{"rendered":"<p>O comando do 7\u00ba Grupamento do Corpo de Bombeiros do Paran\u00e1 determinou que a soldado Lilian Villas Boas, de 32 anos, seja presa por oito dias. O motivo \u00e9 porque ela participou de um ensaio fotogr\u00e1fico em fevereiro deste ano, para um projeto do fot\u00f3grafo Arnaldo Belotto. Nas fotos sensuais, ela aparecia com parte dos [&hellip;]<\/p>\n","protected":false},"author":1,"featured_media":93072,"comment_status":"open","ping_status":"closed","sticky":false,"template":"","format":"standard","meta":{"amp_status":"","footnotes":""},"categories":[6],"tags":[107357,107365,107363,107368,107369,107358,4608,107361,107364,107366,107359,107367,107360,107362],"class_list":["post-93071","post","type-post","status-publish","format-standard","has-post-thumbnail","hentry","category-br","tag-7o-grupamento-do-corpo-de-bombeiros-do-parana","tag-arnaldo-belotto","tag-bombeira-lilian-villas-boas","tag-bombeira-presa-no-parana","tag-comando-manda-prender-bombeira-que-fez-ensaio-sensual-para-exaltar-o-empoderamento-feminino","tag-corpo-de-bombeiros-do-parana","tag-curitiba","tag-ensaio-de-lilian-villas-boas","tag-ensaio-fotografico-lilian-villas-boas","tag-giselle-machado","tag-lilian-villas-boas","tag-prisao-de-bombeira-no-parana","tag-prisao-de-lilian-villas-boas","tag-solidado-lilian-villas-boas"],"_links":{"self":[{"href":"https:\/\/aconteceunovale.com.br\/portal\/index.php?rest_route=\/wp\/v2\/posts\/93071","targetHints":{"allow":["GET"]}}],"collection":[{"href":"https:\/\/aconteceunovale.com.br\/portal\/index.php?rest_route=\/wp\/v2\/posts"}],"about":[{"href":"https:\/\/aconteceunovale.com.br\/portal\/index.php?rest_route=\/wp\/v2\/types\/post"}],"author":[{"embeddable":true,"href":"https:\/\/aconteceunovale.com.br\/portal\/index.php?rest_route=\/wp\/v2\/users\/1"}],"replies":[{"embeddable":true,"href":"https:\/\/aconteceunovale.com.br\/portal\/index.php?rest_route=%2Fwp%2Fv2%2Fcomments&post=93071"}],"version-history":[{"count":0,"href":"https:\/\/aconteceunovale.com.br\/portal\/index.php?rest_route=\/wp\/v2\/posts\/93071\/revisions"}],"wp:featuredmedia":[{"embeddable":true,"href":"https:\/\/aconteceunovale.com.br\/portal\/index.php?rest_route=\/wp\/v2\/media\/93072"}],"wp:attachment":[{"href":"https:\/\/aconteceunovale.com.br\/portal\/index.php?rest_route=%2Fwp%2Fv2%2Fmedia&parent=93071"}],"wp:term":[{"taxonomy":"category","embeddable":true,"href":"https:\/\/aconteceunovale.com.br\/portal\/index.php?rest_route=%2Fwp%2Fv2%2Fcategories&post=93071"},{"taxonomy":"post_tag","embeddable":true,"href":"https:\/\/aconteceunovale.com.br\/portal\/index.php?rest_route=%2Fwp%2Fv2%2Ftags&post=93071"}],"curies":[{"name":"wp","href":"https:\/\/api.w.org\/{rel}","templated":true}]}}