{"id":92970,"date":"2016-07-26T11:08:44","date_gmt":"2016-07-26T14:08:44","guid":{"rendered":"http:\/\/aconteceunovale.com.br\/portal\/?p=92970"},"modified":"2016-07-26T11:08:44","modified_gmt":"2016-07-26T14:08:44","slug":"estudantes-do-ensino-medio-podem-se-inscrever-no-programa-jovens-embaixadores","status":"publish","type":"post","link":"https:\/\/aconteceunovale.com.br\/portal\/?p=92970","title":{"rendered":"Estudantes do ensino m\u00e9dio podem se inscrever no Programa Jovens Embaixadores"},"content":{"rendered":"<p>At\u00e9 o dia 19 de agosto, estudantes do ensino m\u00e9dio interessados em participar de um interc\u00e2mbio de tr\u00eas semanas nos Estados Unidos podem se inscrever para nesta edi\u00e7\u00e3o do Programa Jovens Embaixadores. As inscri\u00e7\u00f5es podem ser feitas no site\u00a0<a href=\"http:\/\/www.jovensembaixadores.org\/2017\/\">www.jovensembaixadores.org\/2017\/<\/a>.<\/p>\n<p>Para participar \u00e9 necess\u00e1rio que o aluno tenha entre 15 e 18 anos; pouca ou nenhuma experi\u00eancia anterior no exterior (caso o candidato j\u00e1 tenha participado de outro interc\u00e2mbio, este n\u00e3o pode ter excedido 20 dias); boa flu\u00eancia oral e escrita em ingl\u00eas; seja aluno do ensino m\u00e9dio na rede p\u00fablica; esteja atualmente engajado em atividades de responsabilidade social\/voluntariado, al\u00e9m de comprovar j\u00e1 ter realizado ao menos 12 meses \u2013 cont\u00ednuos ou n\u00e3o \u2013 de voluntariado; entre outros.<\/p>\n<p>Os selecionados viajam em janeiro de 2017 para um programa de tr\u00eas semanas nos Estados Unidos. Durante a primeira semana, conhecem Washington, capital daquele pa\u00eds, e seus principais monumentos, participam de reuni\u00f5es com organiza\u00e7\u00f5es do setor p\u00fablico e privado, visitam escolas e projetos sociais e participam de oficinas sobre lideran\u00e7a e empreendedorismo jovem.<\/p>\n<p>Ap\u00f3s a semana em Washington, os participantes s\u00e3o divididos em grupos menores e viajam para diferentes estados norte-americanos, onde s\u00e3o recebidos por fam\u00edlias anfitri\u00e3s, frequentam aulas em escolas locais e interagem com estudantes americanos da mesma idade, participam de atividades de responsabilidade social e cultural nas comunidades e fazem apresenta\u00e7\u00f5es sobre o Brasil.<\/p>\n<p>A experi\u00eancia de ser um Jovem Embaixador oferece aos estudantes a oportunidade de expandir os seus horizontes, ao mesmo tempo em que eles nos auxiliam no fortalecimento dos la\u00e7os de amizade, respeito e colabora\u00e7\u00e3o entre o Brasil e os Estados Unidos.<\/p>\n<p><strong>Programa Jovens Embaixadores<\/strong><\/p>\n<p>O programa \u00e9 destinado a jovens de 15 a 18 anos, que cursam o ensino m\u00e9dio na rede p\u00fablica e que s\u00e3o exemplos em suas comunidades, por meio de sua lideran\u00e7a, excel\u00eancia acad\u00eamica e conhecimento da l\u00edngua inglesa. O programa \u00e9 financiado pelo Governo dos Estados Unidos e conta com o apoio de parceiros dos setores p\u00fablico e privado.<\/p>\n<p>Ele foi criado pela Embaixada dos Estados Unidos no Brasil e o primeiro grupo viajou em 2003. A partir de 2012, o programa passou a ser reproduzido em todos os pa\u00edses do continente americano. Desde 2003, 467 jovens brasileiros j\u00e1 participaram do programa.<\/p>\n<p>Os parceiros nessa iniciativa s\u00e3o: o Conselho Nacional de Secret\u00e1rios de Educa\u00e7\u00e3o (Consed) e as Secretarias Estaduais de Educa\u00e7\u00e3o, a rede de Centros Binacionais Brasil-Estados Unidos, e tamb\u00e9m, as empresas FedEx, MSD, Microsoft, Bradesco, IBM e a Boeing Brasil.<\/p>\n<p><strong>Jovens Embaixadores mineiros<\/strong><\/p>\n<p>Em 2015, Minas Gerais marcou presen\u00e7a no Programa Jovens Embaixadores. Os estudantes Lu\u00edsa Guerra da Silva Rocha, da Escola Estadual Governador Lacerda de Aguiar, no munic\u00edpio de Itabirinha, e Leonardo Rodrigues Resende, da Escola Estadual Gregoriano Canedo, em Monte Carmelo, participaram da iniciativa.<\/p>\n<p>Al\u00e9m deles, outros tr\u00eas estudantes de escolas p\u00fablicas mineiras tiveram a oportunidade de participar desta experi\u00eancia fora do pa\u00eds: Amanda de Souza Teixeira, do Col\u00e9gio Tiradentes, de Lavras; Karen Kristine Ferreira Muniz, do Instituto Federal de Educa\u00e7\u00e3o, Ci\u00eancia e Tecnologia do Tri\u00e2ngulo Mineiro &#8211; Campus Uberl\u00e2ndia; e Sabrina Oliveira Melo, do Col\u00e9gio T\u00e9cnico da Universidade Federal de Minas Gerais, de Belo Horizonte. (Ag\u00eancia Minas)<\/p>\n","protected":false},"excerpt":{"rendered":"<p>At\u00e9 o dia 19 de agosto, estudantes do ensino m\u00e9dio interessados em participar de um interc\u00e2mbio de tr\u00eas semanas nos Estados Unidos podem se inscrever para nesta edi\u00e7\u00e3o do Programa Jovens Embaixadores. As inscri\u00e7\u00f5es podem ser feitas no site\u00a0www.jovensembaixadores.org\/2017\/. Para participar \u00e9 necess\u00e1rio que o aluno tenha entre 15 e 18 anos; pouca ou nenhuma [&hellip;]<\/p>\n","protected":false},"author":1,"featured_media":92971,"comment_status":"open","ping_status":"closed","sticky":false,"template":"","format":"standard","meta":{"amp_status":"","footnotes":""},"categories":[40238,28848],"tags":[107111,194,107115,107112,107110,107108,107105,107100,107103,107102,107104,2146,107106,107113,207,107109,107107,1520,107101,107114,221],"class_list":["post-92970","post","type-post","status-publish","format-standard","has-post-thumbnail","hentry","category-educacao-2","category-mundo","tag-amanda-de-souza-teixeira","tag-belo-horizonte","tag-colegio-tecnico-da-universidade-federal-de-minas-gerais","tag-colegio-tiradentes","tag-escola-estadual-gregoriano-canedo","tag-estadual-governador-lacerda-de-aguiar","tag-estudantes-do-ensino-medio-interessados-em-participar-de-um-intercambio-de-tres-semanas-nos-estados-unidos-podem-se-inscrever-para-nesta-edicao-do-programa-jovens-embaixadores","tag-estudantes-do-ensino-medio-podem-se-inscrever-no-programa-jovens-embaixadores","tag-inscrever-programa-jovens-embaixadores","tag-inscricao-programa-jovens-embaixadores","tag-intercambio-de-tres-semanas-nos-estados-unidos-podem-se-inscrever-para-nesta-edicao-do-programa-jovens-embaixadores","tag-itabirinha","tag-jovens-embaixadores-mineiros","tag-karen-kristine-ferreira-muniz","tag-lavras","tag-leonardo-rodrigues-resende","tag-luisa-guerra-da-silva-rocha","tag-monte-carmelo","tag-programa-jovens-embaixadores","tag-sabrina-oliveira-melo","tag-uberlandia"],"_links":{"self":[{"href":"https:\/\/aconteceunovale.com.br\/portal\/index.php?rest_route=\/wp\/v2\/posts\/92970","targetHints":{"allow":["GET"]}}],"collection":[{"href":"https:\/\/aconteceunovale.com.br\/portal\/index.php?rest_route=\/wp\/v2\/posts"}],"about":[{"href":"https:\/\/aconteceunovale.com.br\/portal\/index.php?rest_route=\/wp\/v2\/types\/post"}],"author":[{"embeddable":true,"href":"https:\/\/aconteceunovale.com.br\/portal\/index.php?rest_route=\/wp\/v2\/users\/1"}],"replies":[{"embeddable":true,"href":"https:\/\/aconteceunovale.com.br\/portal\/index.php?rest_route=%2Fwp%2Fv2%2Fcomments&post=92970"}],"version-history":[{"count":0,"href":"https:\/\/aconteceunovale.com.br\/portal\/index.php?rest_route=\/wp\/v2\/posts\/92970\/revisions"}],"wp:featuredmedia":[{"embeddable":true,"href":"https:\/\/aconteceunovale.com.br\/portal\/index.php?rest_route=\/wp\/v2\/media\/92971"}],"wp:attachment":[{"href":"https:\/\/aconteceunovale.com.br\/portal\/index.php?rest_route=%2Fwp%2Fv2%2Fmedia&parent=92970"}],"wp:term":[{"taxonomy":"category","embeddable":true,"href":"https:\/\/aconteceunovale.com.br\/portal\/index.php?rest_route=%2Fwp%2Fv2%2Fcategories&post=92970"},{"taxonomy":"post_tag","embeddable":true,"href":"https:\/\/aconteceunovale.com.br\/portal\/index.php?rest_route=%2Fwp%2Fv2%2Ftags&post=92970"}],"curies":[{"name":"wp","href":"https:\/\/api.w.org\/{rel}","templated":true}]}}