{"id":92968,"date":"2016-07-26T10:38:34","date_gmt":"2016-07-26T13:38:34","guid":{"rendered":"http:\/\/aconteceunovale.com.br\/portal\/?p=92968"},"modified":"2016-07-26T10:38:34","modified_gmt":"2016-07-26T13:38:34","slug":"previsao-do-tempo-para-minas-gerais-nesta-terca-feira-26-de-julho","status":"publish","type":"post","link":"https:\/\/aconteceunovale.com.br\/portal\/?p=92968","title":{"rendered":"Previs\u00e3o do tempo para Minas Gerais, nesta ter\u00e7a-feira, 26 de julho"},"content":{"rendered":"<h4><strong><em>Predomin\u00e2ncia do sol, com baixa umidade do ar na maior parte do estado. Na capital, temperatura m\u00e1xima chega a 26 graus.<\/em><\/strong><\/h4>\n<p>Nesta ter\u00e7a-feira (26\/7) o tempo segue est\u00e1vel em Minas Gerais. Com isso, o sol deve predominar sobre o estado. Nebulosidade vari\u00e1vel na Zona da Mata e na faixa leste.<\/p>\n<p>No per\u00edodo da tarde os \u00edndices de umidade relativa do ar permanecem baixos, inferiores a 30%, nas regi\u00f5es Norte, Noroeste, Central, Oeste e Tri\u00e2ngulo\/Alto do Parana\u00edba.<\/p>\n<p>As temperaturas continuam est\u00e1veis, e a m\u00e1xima no estado deve atingir os 33\u00b0C em \u00e1reas do Norte mineiro. A temperatura m\u00ednima foi de 5\u00b0C no Sul.<\/p>\n<p>Na Regi\u00e3o Metropolitana de Belo Horizonte o tempo permanece est\u00e1vel, com predom\u00ednio de c\u00e9u claro. Em Belo Horizonte a temperatura deve variar entre 14\u00b0C e 26\u00b0C, com umidade m\u00ednima em torno de 30% \u00e0 tarde. <\/p>\n","protected":false},"excerpt":{"rendered":"<p>Predomin\u00e2ncia do sol, com baixa umidade do ar na maior parte do estado. Na capital, temperatura m\u00e1xima chega a 26 graus. Nesta ter\u00e7a-feira (26\/7) o tempo segue est\u00e1vel em Minas Gerais. Com isso, o sol deve predominar sobre o estado. Nebulosidade vari\u00e1vel na Zona da Mata e na faixa leste. No per\u00edodo da tarde os [&hellip;]<\/p>\n","protected":false},"author":1,"featured_media":82499,"comment_status":"open","ping_status":"closed","sticky":false,"template":"","format":"standard","meta":{"amp_status":"","footnotes":""},"categories":[123],"tags":[107094,194,131,36891,1956,27340,107099,87017,107098,1839,107096,28255,107095,107097],"class_list":["post-92968","post","type-post","status-publish","format-standard","has-post-thumbnail","hentry","category-gerais","tag-26-de-julho","tag-belo-horizonte","tag-minas-gerais","tag-nesta-terca-feira","tag-previsao-do-tempo","tag-previsao-do-tempo-para-belo-horizonte","tag-previsao-do-tempo-para-belo-horizonte-26-de-julho","tag-previsao-do-tempo-para-belo-horizonte-nesta-terca-feira","tag-previsao-do-tempo-para-belo-horizonte-nesta-terca-feira-26-de-julho","tag-previsao-do-tempo-para-minas-gerais","tag-previsao-do-tempo-para-minas-gerais-26-de-julho","tag-previsao-do-tempo-para-minas-gerais-nesta-terca-feira","tag-previsao-do-tempo-para-minas-gerais-nesta-terca-feira-26-de-julho","tag-terca-feira-26-de-julho"],"_links":{"self":[{"href":"https:\/\/aconteceunovale.com.br\/portal\/index.php?rest_route=\/wp\/v2\/posts\/92968","targetHints":{"allow":["GET"]}}],"collection":[{"href":"https:\/\/aconteceunovale.com.br\/portal\/index.php?rest_route=\/wp\/v2\/posts"}],"about":[{"href":"https:\/\/aconteceunovale.com.br\/portal\/index.php?rest_route=\/wp\/v2\/types\/post"}],"author":[{"embeddable":true,"href":"https:\/\/aconteceunovale.com.br\/portal\/index.php?rest_route=\/wp\/v2\/users\/1"}],"replies":[{"embeddable":true,"href":"https:\/\/aconteceunovale.com.br\/portal\/index.php?rest_route=%2Fwp%2Fv2%2Fcomments&post=92968"}],"version-history":[{"count":0,"href":"https:\/\/aconteceunovale.com.br\/portal\/index.php?rest_route=\/wp\/v2\/posts\/92968\/revisions"}],"wp:featuredmedia":[{"embeddable":true,"href":"https:\/\/aconteceunovale.com.br\/portal\/index.php?rest_route=\/wp\/v2\/media\/82499"}],"wp:attachment":[{"href":"https:\/\/aconteceunovale.com.br\/portal\/index.php?rest_route=%2Fwp%2Fv2%2Fmedia&parent=92968"}],"wp:term":[{"taxonomy":"category","embeddable":true,"href":"https:\/\/aconteceunovale.com.br\/portal\/index.php?rest_route=%2Fwp%2Fv2%2Fcategories&post=92968"},{"taxonomy":"post_tag","embeddable":true,"href":"https:\/\/aconteceunovale.com.br\/portal\/index.php?rest_route=%2Fwp%2Fv2%2Ftags&post=92968"}],"curies":[{"name":"wp","href":"https:\/\/api.w.org\/{rel}","templated":true}]}}