{"id":92866,"date":"2016-07-24T20:53:19","date_gmt":"2016-07-24T23:53:19","guid":{"rendered":"http:\/\/aconteceunovale.com.br\/portal\/?p=92866"},"modified":"2016-07-24T20:53:19","modified_gmt":"2016-07-24T23:53:19","slug":"linha-chilena-provoca-corte-no-pescoco-de-motociclista-em-montes-claros","status":"publish","type":"post","link":"https:\/\/aconteceunovale.com.br\/portal\/?p=92866","title":{"rendered":"Linha chilena provoca corte no pesco\u00e7o de motociclista em Montes Claros"},"content":{"rendered":"<p>Um motociclista de 29 anos sofreu um corte no pesco\u00e7o ao ser atingido por uma linha chilena, semelhante ao cerol e usada para cortar pipas, no final da tarde deste domingo (24\/7), em Montes Claros, na regi\u00e3o Norte de Minas Gerais. A v\u00edtima foi socorrida e encaminhada para a Santa Casa da cidade, onde permaneceu em observa\u00e7\u00e3o.<\/p>\n<p>O fato aconteceu na Avenida S\u00e3o Judas, pr\u00f3ximo \u00e0 linha f\u00e9rrea. O condutor da moto foi atingido quando seguia no sentido bairro\/Centro. A linha chilena, que foi recolhida pelo Corpo de Bombeiros, estaria sendo usada por uma pessoa que soltava pipas no local e fugiu sem ser identificada.<\/p>\n<p>Esse tipo de linha \u00e9 industrializado e tem poder muito mais cortante que a mistura de vidro mo\u00eddo e cola usada no cerol. A venda \u00e9 proibida em Minas Gerais pela Lei Estadual 14.349\/09, mas \u00e9 adquirida de forma ilegal. <\/p>\n<p>O Corpo de Bombeiros orienta as pessoas para evitarem o uso da linha chilena e do cerol, alertando sobre a proibi\u00e7\u00e3o e sobre os riscos que os materiais oferecem. Tamb\u00e9m recomenda que os motociclistas fiquem mais atentos nesta \u00e9poca do ano, quando aumenta o n\u00famero de soltadores de pipas, devido ao vento do per\u00edodo.<\/p>\n<p><img decoding=\"async\" src=\"http:\/\/aconteceunovale.com.br\/portal\/wp-content\/uploads\/2016\/07\/linha_cerol_moc_2.jpg\" alt=\"\" \/><em>Linha extremamente cortante, mais poderosa do que o cerol, fez um corte no pesco\u00e7o do motoqueiro e foi recolhida pelo Corpo de Bombeiros de Montes Claros (Foto: Divulga\u00e7\u00e3o \/ Corpo de Bombeiros)<\/em><br \/>\n<\/br><\/p>\n<p><img decoding=\"async\" src=\"http:\/\/aconteceunovale.com.br\/portal\/wp-content\/uploads\/2016\/07\/linha_cerol_moc_1.jpg\" alt=\"\" \/><em>Linha extremamente cortante, mais poderosa do que o cerol, fez um corte no pesco\u00e7o do motoqueiro e foi recolhida pelo Corpo de Bombeiros de Montes Claros (Foto: Divulga\u00e7\u00e3o \/ Corpo de Bombeiros)<\/em><br \/>\n<\/br><\/p>\n<p><em>(Fonte: Estado de Minas\/Luiz Ribeiro)<\/em><\/p>\n","protected":false},"excerpt":{"rendered":"<p>Um motociclista de 29 anos sofreu um corte no pesco\u00e7o ao ser atingido por uma linha chilena, semelhante ao cerol e usada para cortar pipas, no final da tarde deste domingo (24\/7), em Montes Claros, na regi\u00e3o Norte de Minas Gerais. A v\u00edtima foi socorrida e encaminhada para a Santa Casa da cidade, onde permaneceu [&hellip;]<\/p>\n","protected":false},"author":1,"featured_media":92867,"comment_status":"open","ping_status":"closed","sticky":false,"template":"","format":"standard","meta":{"amp_status":"","footnotes":""},"categories":[1236],"tags":[106867,106866,106870,1018,106872,106875,106871,210,106868,106869,106874,106873],"class_list":["post-92866","post","type-post","status-publish","format-standard","has-post-thumbnail","hentry","category-norte_de_minas","tag-acidente-com-cerol-montes-claros","tag-acidente-com-linha-chilena-montes-claros","tag-acidente-com-linha-de-pipa-em-montes-claros","tag-destaque","tag-linha-chilena-provoca-acidente-em-montes-claros","tag-linha-chilena-provoca-corte-no-pescoco-de-motociclista-em-montes-claros","tag-linha-de-cerol-provoca-acidente-em-montes-claros","tag-montes-claros","tag-motociclista-ferido-por-cerol-em-montes-claros","tag-motociclista-ferido-por-linha-chilena-em-montes-claros","tag-orientacao-sobre-cerol","tag-orientacao-sobre-linha-chilena"],"_links":{"self":[{"href":"https:\/\/aconteceunovale.com.br\/portal\/index.php?rest_route=\/wp\/v2\/posts\/92866","targetHints":{"allow":["GET"]}}],"collection":[{"href":"https:\/\/aconteceunovale.com.br\/portal\/index.php?rest_route=\/wp\/v2\/posts"}],"about":[{"href":"https:\/\/aconteceunovale.com.br\/portal\/index.php?rest_route=\/wp\/v2\/types\/post"}],"author":[{"embeddable":true,"href":"https:\/\/aconteceunovale.com.br\/portal\/index.php?rest_route=\/wp\/v2\/users\/1"}],"replies":[{"embeddable":true,"href":"https:\/\/aconteceunovale.com.br\/portal\/index.php?rest_route=%2Fwp%2Fv2%2Fcomments&post=92866"}],"version-history":[{"count":0,"href":"https:\/\/aconteceunovale.com.br\/portal\/index.php?rest_route=\/wp\/v2\/posts\/92866\/revisions"}],"wp:featuredmedia":[{"embeddable":true,"href":"https:\/\/aconteceunovale.com.br\/portal\/index.php?rest_route=\/wp\/v2\/media\/92867"}],"wp:attachment":[{"href":"https:\/\/aconteceunovale.com.br\/portal\/index.php?rest_route=%2Fwp%2Fv2%2Fmedia&parent=92866"}],"wp:term":[{"taxonomy":"category","embeddable":true,"href":"https:\/\/aconteceunovale.com.br\/portal\/index.php?rest_route=%2Fwp%2Fv2%2Fcategories&post=92866"},{"taxonomy":"post_tag","embeddable":true,"href":"https:\/\/aconteceunovale.com.br\/portal\/index.php?rest_route=%2Fwp%2Fv2%2Ftags&post=92866"}],"curies":[{"name":"wp","href":"https:\/\/api.w.org\/{rel}","templated":true}]}}