{"id":92864,"date":"2016-07-24T20:31:29","date_gmt":"2016-07-24T23:31:29","guid":{"rendered":"http:\/\/aconteceunovale.com.br\/portal\/?p=92864"},"modified":"2016-07-25T18:17:28","modified_gmt":"2016-07-25T21:17:28","slug":"taxista-e-preso-em-bh-apos-confundir-viatura-descaracterizada-com-uber-e-provocar-acidente","status":"publish","type":"post","link":"https:\/\/aconteceunovale.com.br\/portal\/?p=92864","title":{"rendered":"Taxista \u00e9 preso em BH ap\u00f3s confundir viatura descaracterizada com Uber e provocar acidente"},"content":{"rendered":"<p>Ao se deparar com um sed\u00e3 de cor preta na avenida Ant\u00f4nio Carlos, no bairro Cachoeirinha, regi\u00e3o Nordeste de Belo Horizonte, na tarde deste domingo (24\/7), um taxista resolveu provocar um &#8220;ataque&#8221; ao que ele acreditava ser um ve\u00edculo a servi\u00e7o do Uber. Ele acelerou seu t\u00e1xi, ultrapassou o carro pela direita, invadiu a faixa central e freou bruscamente para que o motorista batesse em sua traseira. O que ele n\u00e3o sabia, no entanto, era que o &#8216;alvo&#8217; se tratava, na verdade, de uma viatura descaracterizada do Gabinete Militar do Governador do Estado.<\/p>\n<p>O motorista da viatura tentou evitar a colis\u00e3o, mas bateu a lateral na traseira do t\u00e1xi. Ap\u00f3s o acidente, o condutor e o passageiro do sed\u00e3 preto se identificaram como um soldado e major da Pol\u00edcia Militar (PM), respectivamente. O taxista resolveu fugir e iniciou-se uma persegui\u00e7\u00e3o pela avenida.<\/p>\n<p>De acordo com a PM, o taxista fez diversas manobras em ziguezague na pista colocando em risco outros ve\u00edculos e pedestres que passavam pelo local. A persegui\u00e7\u00e3o terminou na altura do bairro Lagoinha, na regi\u00e3o Noroeste da capital, quando os dois ve\u00edculos colidiram novamente.<\/p>\n<p>Uma outra viatura, do 16\u00ba Batalh\u00e3o da PM, chegou ao local para atender a ocorr\u00eancia. No momento da abordagem, os militares encontraram dentro do t\u00e1xi uma bucha de maconha e um cigarro com a droga pronto para uso. Al\u00e9m disso, o taxista se recusou a fazer o teste do baf\u00f4metro. Sua Carteira Nacional de Habilita\u00e7\u00e3o (CNH) foi recolhida e o t\u00e1xi foi removido por um reboque.<\/p>\n<p>Todos os envolvidos foram levados \u00e0 delegacia de plant\u00e3o do Departamento de Tr\u00e2nsito de Minas Gerais (Detran-MG). O taxista foi autuado pelos crimes de dano, dire\u00e7\u00e3o perigosa e posse de subst\u00e2ncias entorpecentes. Segundo a PM, o taxista negou ter batido na viatura e disse que n\u00e3o sabia que os homens no sed\u00e3 preto eram militares mesmo depois que eles se identificaram. Ele se comprometeu a comparecer a uma audi\u00eancia em um juizado especial da capital e foi liberado.<\/p>\n<p><strong>Sindicato repudia a\u00e7\u00e3o<\/strong><\/p>\n<p>O presidente do Sindicato dos Taxistas de Belo Horizonte (Sincavir), Ricardo Faedda, repudiou a atitude do taxista. O dirigente disse que soube dos fatos por meio da imprensa e pediu desculpas aos policiais em nome da associa\u00e7\u00e3o. &#8220;Nosso posicionamento \u00e9 de rep\u00fadio. Pe\u00e7o desculpas aos policiais militares por essa atitude&#8221;, afirmou.<\/p>\n<p>Faedda ainda ressalta que n\u00e3o \u00e9 por meio de intimida\u00e7\u00e3o ou por outras a\u00e7\u00f5es violentas que os taxistas conseguir\u00e3o combater o que ele chama de transporte clandestino &#8211; em refer\u00eancia ao Uber. &#8220;N\u00e3o \u00e9 dessa forma que vamos encontrar solu\u00e7\u00f5es para combater o transporte clandestino&#8221;.<\/p>\n<p><strong>Impasse<\/strong><\/p>\n<p>No in\u00edcio deste m\u00eas, a Prefeitura de Belo Horizonte (PBH) informou que entrou com recurso contra a liminar da decis\u00e3o de 1\u00aa Inst\u00e2ncia da Justi\u00e7a de Minas Gerais, que declarou inconstitucionais as leis que proibiriam a circula\u00e7\u00e3o de carros da Uber na capital. A administra\u00e7\u00e3o municipal aguarda uma decis\u00e3o sobre o impasse.<\/p>\n<p><em>(Fonte: O Tempo \/ Rep\u00f3rter: Ailton do Vale)<\/em><\/p>\n","protected":false},"excerpt":{"rendered":"<p>Ao se deparar com um sed\u00e3 de cor preta na avenida Ant\u00f4nio Carlos, no bairro Cachoeirinha, regi\u00e3o Nordeste de Belo Horizonte, na tarde deste domingo (24\/7), um taxista resolveu provocar um &#8220;ataque&#8221; ao que ele acreditava ser um ve\u00edculo a servi\u00e7o do Uber. Ele acelerou seu t\u00e1xi, ultrapassou o carro pela direita, invadiu a faixa [&hellip;]<\/p>\n","protected":false},"author":1,"featured_media":74819,"comment_status":"open","ping_status":"closed","sticky":false,"template":"","format":"standard","meta":{"amp_status":"","footnotes":""},"categories":[123],"tags":[106863,194,106858,106859,106860,106861,106862,38187,107043,106856,106854,106853,106852,106865,106857,106855,43276,106864,107044,107045],"class_list":["post-92864","post","type-post","status-publish","format-standard","has-post-thumbnail","hentry","category-gerais","tag-acidente-viatura-da-pm-bh","tag-belo-horizonte","tag-briga-entre-taxista-e-motoristas-do-uber","tag-briga-entre-taxista-e-motoristas-do-uber-em-belo-horizonte","tag-confusao-entre-taxista-e-motoristas-do-uber","tag-confusao-entre-taxista-e-motoristas-do-uber-em-belo-horizonte","tag-confusao-entre-taxista-e-motoristas-do-uber-em-bh","tag-pmmg","tag-silmar-de-jesus-souza","tag-taxista-e-preso-em-belo-horizonte","tag-taxista-e-preso-em-bh","tag-taxista-e-preso-em-bh-apos-confundir-viatura-descaracterizada-com-uber","tag-taxista-e-preso-em-bh-apos-confundir-viatura-descaracterizada-com-uber-e-forca-batida","tag-taxista-e-preso-em-bh-apos-confundir-viatura-descaracterizada-com-uber-e-provocar-acidente","tag-taxista-preso-em-belo-horizonte","tag-taxista-preso-em-bh","tag-uber","tag-viatura-descaracterizada-do-gabinete-militar-do-governador-do-estado","tag-wallace-caetano-pio","tag-wellington-flavio-meireles"],"_links":{"self":[{"href":"https:\/\/aconteceunovale.com.br\/portal\/index.php?rest_route=\/wp\/v2\/posts\/92864","targetHints":{"allow":["GET"]}}],"collection":[{"href":"https:\/\/aconteceunovale.com.br\/portal\/index.php?rest_route=\/wp\/v2\/posts"}],"about":[{"href":"https:\/\/aconteceunovale.com.br\/portal\/index.php?rest_route=\/wp\/v2\/types\/post"}],"author":[{"embeddable":true,"href":"https:\/\/aconteceunovale.com.br\/portal\/index.php?rest_route=\/wp\/v2\/users\/1"}],"replies":[{"embeddable":true,"href":"https:\/\/aconteceunovale.com.br\/portal\/index.php?rest_route=%2Fwp%2Fv2%2Fcomments&post=92864"}],"version-history":[{"count":0,"href":"https:\/\/aconteceunovale.com.br\/portal\/index.php?rest_route=\/wp\/v2\/posts\/92864\/revisions"}],"wp:featuredmedia":[{"embeddable":true,"href":"https:\/\/aconteceunovale.com.br\/portal\/index.php?rest_route=\/wp\/v2\/media\/74819"}],"wp:attachment":[{"href":"https:\/\/aconteceunovale.com.br\/portal\/index.php?rest_route=%2Fwp%2Fv2%2Fmedia&parent=92864"}],"wp:term":[{"taxonomy":"category","embeddable":true,"href":"https:\/\/aconteceunovale.com.br\/portal\/index.php?rest_route=%2Fwp%2Fv2%2Fcategories&post=92864"},{"taxonomy":"post_tag","embeddable":true,"href":"https:\/\/aconteceunovale.com.br\/portal\/index.php?rest_route=%2Fwp%2Fv2%2Ftags&post=92864"}],"curies":[{"name":"wp","href":"https:\/\/api.w.org\/{rel}","templated":true}]}}