{"id":92749,"date":"2016-07-22T21:49:56","date_gmt":"2016-07-23T00:49:56","guid":{"rendered":"http:\/\/aconteceunovale.com.br\/portal\/?p=92749"},"modified":"2016-07-22T21:49:56","modified_gmt":"2016-07-23T00:49:56","slug":"apos-perder-drogas-avaliadas-em-r-15-mil-jovem-e-torturado-e-morto-em-coronel-fabriciano","status":"publish","type":"post","link":"https:\/\/aconteceunovale.com.br\/portal\/?p=92749","title":{"rendered":"Ap\u00f3s perder drogas avaliadas em R$ 15 mil, jovem \u00e9 torturado e morto em Coronel Fabriciano"},"content":{"rendered":"<p>O assassinato de Brayan Ac\u00e1cio Gon\u00e7alves, de 21 anos, desaparecido h\u00e1 15 dias em Coronel Fabriciano, no Vale do A\u00e7o, come\u00e7ou a ser desvendado nesta sexta-feira (22\/7), pela Pol\u00edcia Civil. Dois homens foram presos suspeitos de terem executado o jovem ap\u00f3s ele n\u00e3o pagar uma d\u00edvida do tr\u00e1fico de drogas.<\/p>\n<p>O corpo de Gon\u00e7alves foi localizado na manh\u00e3 desta quinta-feira (21\/7), ap\u00f3s buscas feitas em cidades do Vale do A\u00e7o. Segundo a Pol\u00edcia Militar (PM), o corpo foi enterrado em meio a um matagal na margem da estrada Serra dos Cocais, zona rural do munic\u00edpio. A per\u00edcia da Pol\u00edcia Civil detectou sinais evidentes de tortura no corpo do rapaz.<\/p>\n<p>Elias Paulino da Costa, de 19 anos, e Cl\u00e9ber Rodrigues do Carmo, de 22, s\u00e3o os principais suspeitos do crime, mas pelo menos outras duas pessoas podem estar envolvidas no assassinato.<\/p>\n<p>Para o delegado Washington Moreira, os dois presos seriam respons\u00e1veis por executar os assassinatos ordenados por um irm\u00e3o de Elias, que cumpre pena em um pres\u00eddio de Belo Horizonte.<\/p>\n<p>Apesar de os dois negarem envolvimento no crime, a Justi\u00e7a determinou que a pris\u00e3o tempor\u00e1ria da dupla fosse convertida em preventiva. As investiga\u00e7\u00f5es apontam que Gon\u00e7alves foi morto ap\u00f3s a PM apreender cerca de R$ 15 mil em drogas do bando que estavam sob a guarda dele.<\/p>\n<p>Costa foi detido em casa, enquanto se preparava para viajar. Com ele, foram apreendidas duas pedras de crack e um celular. J\u00e1 Carmo foi preso numa casa que, segundo a Pol\u00edcia Civil, \u00e9 usada pelos traficantes do bairro Manoel Maia como uma esp\u00e9cie de escrit\u00f3rio e ponto de vendas de drogas. O celular de Carmo tamb\u00e9m foi apreendido.<\/p>\n<p><img decoding=\"async\" src=\"http:\/\/aconteceunovale.com.br\/portal\/wp-content\/uploads\/2016\/07\/morto_fabriciano.jpg\" alt=\"\" \/><em>O corpo de Gon\u00e7alves foi localizado na manh\u00e3 desta quinta-feira (Foto: Reprodu\u00e7\u00e3o)<\/em><br \/>\n<\/br><\/p>\n<p><em>(Fonte: O Tempo \/ Rep\u00f3rter: Bruno In\u00e1cio)<\/em><\/p>\n","protected":false},"excerpt":{"rendered":"<p>O assassinato de Brayan Ac\u00e1cio Gon\u00e7alves, de 21 anos, desaparecido h\u00e1 15 dias em Coronel Fabriciano, no Vale do A\u00e7o, come\u00e7ou a ser desvendado nesta sexta-feira (22\/7), pela Pol\u00edcia Civil. Dois homens foram presos suspeitos de terem executado o jovem ap\u00f3s ele n\u00e3o pagar uma d\u00edvida do tr\u00e1fico de drogas. O corpo de Gon\u00e7alves foi [&hellip;]<\/p>\n","protected":false},"author":1,"featured_media":92750,"comment_status":"open","ping_status":"closed","sticky":false,"template":"","format":"standard","meta":{"amp_status":"","footnotes":""},"categories":[121],"tags":[106645,82085,106640,106644,1524,106642,89631,106643,82084,106646,34759,49177,106641],"class_list":["post-92749","post","type-post","status-publish","format-standard","has-post-thumbnail","hentry","category-leste","tag-apos-perder-drogas-avaliadas-em-r-15-mil","tag-assassinato-coronel-fabriciano","tag-brayan-acacio-goncalves","tag-cleber-rodrigues-do-carmo","tag-coronel-fabriciano","tag-corpo-foi-enterrado-em-meio-a-um-matagal-na-margem-da-estrada-serra-dos-cocais","tag-delegado-washington-moreira","tag-elias-paulino-da-costa","tag-homicidio-coronel-fabriciano","tag-jovem-e-torturado-e-morto-em-coronel-fabriciano","tag-morte-em-coronel-fabriciano","tag-morto-em-coronel-fabriciano","tag-trafico-de-drogas-coronel-fabriciano"],"_links":{"self":[{"href":"https:\/\/aconteceunovale.com.br\/portal\/index.php?rest_route=\/wp\/v2\/posts\/92749","targetHints":{"allow":["GET"]}}],"collection":[{"href":"https:\/\/aconteceunovale.com.br\/portal\/index.php?rest_route=\/wp\/v2\/posts"}],"about":[{"href":"https:\/\/aconteceunovale.com.br\/portal\/index.php?rest_route=\/wp\/v2\/types\/post"}],"author":[{"embeddable":true,"href":"https:\/\/aconteceunovale.com.br\/portal\/index.php?rest_route=\/wp\/v2\/users\/1"}],"replies":[{"embeddable":true,"href":"https:\/\/aconteceunovale.com.br\/portal\/index.php?rest_route=%2Fwp%2Fv2%2Fcomments&post=92749"}],"version-history":[{"count":0,"href":"https:\/\/aconteceunovale.com.br\/portal\/index.php?rest_route=\/wp\/v2\/posts\/92749\/revisions"}],"wp:featuredmedia":[{"embeddable":true,"href":"https:\/\/aconteceunovale.com.br\/portal\/index.php?rest_route=\/wp\/v2\/media\/92750"}],"wp:attachment":[{"href":"https:\/\/aconteceunovale.com.br\/portal\/index.php?rest_route=%2Fwp%2Fv2%2Fmedia&parent=92749"}],"wp:term":[{"taxonomy":"category","embeddable":true,"href":"https:\/\/aconteceunovale.com.br\/portal\/index.php?rest_route=%2Fwp%2Fv2%2Fcategories&post=92749"},{"taxonomy":"post_tag","embeddable":true,"href":"https:\/\/aconteceunovale.com.br\/portal\/index.php?rest_route=%2Fwp%2Fv2%2Ftags&post=92749"}],"curies":[{"name":"wp","href":"https:\/\/api.w.org\/{rel}","templated":true}]}}