{"id":92745,"date":"2016-07-22T21:22:56","date_gmt":"2016-07-23T00:22:56","guid":{"rendered":"http:\/\/aconteceunovale.com.br\/portal\/?p=92745"},"modified":"2016-07-22T21:22:56","modified_gmt":"2016-07-23T00:22:56","slug":"pastor-preso-em-minas-gerais-confessa-varios-estupros-e-alega-que-estava-sob-uma-forca-maligna","status":"publish","type":"post","link":"https:\/\/aconteceunovale.com.br\/portal\/?p=92745","title":{"rendered":"Pastor preso em Minas Gerais confessa v\u00e1rios estupros e alega que estava sob uma for\u00e7a maligna"},"content":{"rendered":"<p>A Pol\u00edcia Civil em Patos de Minas apresentou durante coletiva na tarde desta sexta-feira (22\/7), um homem de 30 anos suspeito de cometer v\u00e1rios estupros nos \u00faltimos meses no munic\u00edpio. Segundo informa\u00e7\u00f5es do delegado Luiz Mauro Sampaio, o suspeito, que \u00e9 ex-presidi\u00e1rio e atualmente pastor, confessou cinco crimes e alegou que estava sob uma for\u00e7a maligna ao cometer os atos.<\/p>\n<p>Ainda segundo o delegado, a pol\u00edcia fez uma for\u00e7a-tarefa para investigar os estupros recorrentes na cidade. \u201cTodo caso de atentado ao pudor, abuso sexual ou estupro que aparecia na delegacia n\u00f3s investig\u00e1vamos at\u00e9 o fim para saber se havia alguma liga\u00e7\u00e3o entre os crimes\u201d, disse Sampaio.<\/p>\n<p>O suspeito foi preso em flagrante na \u00faltima segunda-feira (18\/7), ap\u00f3s tentar abusar da funcion\u00e1ria de uma loja de roupas, no Bairro Morada do Sol. \u201cDepois da investiga\u00e7\u00e3o, depoimentos de v\u00edtimas e an\u00e1lise de imagens de c\u00e2meras de seguran\u00e7a, foi feito o retrato falado. N\u00f3s detectamos que o suspeito poderia ser o autor dos outros crimes, por\u00e9m ele negou\u201d, acrescentou.<\/p>\n<p><img decoding=\"async\" src=\"http:\/\/aconteceunovale.com.br\/portal\/wp-content\/uploads\/2016\/07\/estuprador_patos.jpg\" alt=\"\" \/><em>Fabio Martins Rocha, conhecido como \u201cBin\u201d, possui in\u00fameras passagens pelos meios policiais, e nos \u00faltimos meses, ele estava atuando como pastor (Foto: Patos Hoje)<\/em><br \/>\n<\/br><\/p>\n<p>O delegado ainda informou que durante essa semana a Pol\u00edcia Civil, junto com o Minist\u00e9rio P\u00fablico (MP), utilizou t\u00e9cnicas de interrogat\u00f3rio que foram cedidas por agentes do Federal Bureau of Investigation (FBI), de Belo Horizonte. Essas t\u00e9cnicas s\u00e3o l\u00edcitas e permitem saber se a pessoa est\u00e1 ou n\u00e3o mentindo.<\/p>\n<p>Ap\u00f3s isso, o suspeito confessou cinco estupros. Dentre eles, o de uma jovem que foi estuprada enquanto esperava o \u00f4nibus, em mar\u00e7o deste ano, e o de outra jovem que foi violentada sexualmente na Avenida JK, no in\u00edcio de maio. \u201cH\u00e1 muitos outros crimes que ele \u00e9 considerado suspeito. Ainda h\u00e1 os que as v\u00edtimas, por medo, n\u00e3o tenham dado queixa. A nossa esperan\u00e7a \u00e9 que com a pris\u00e3o dele as mulheres se encorajem e denunciem os abusos tamb\u00e9m\u201d, concluiu o delegado.<\/p>\n<p>O homem segue preso e as investiga\u00e7\u00f5es de outros estupros na cidade continuam.<\/p>\n<p><img decoding=\"async\" src=\"http:\/\/aconteceunovale.com.br\/portal\/wp-content\/uploads\/2016\/07\/estuprador_patos2.jpg\" alt=\"\" \/><em>Pol\u00edcia Civil em Patos de Minas realizou coletiva para divulgar os resultados das investiga\u00e7\u00f5es sobre estupros registrados no munic\u00edpio (Foto: Pol\u00edcia Civil \/ Divulga\u00e7\u00e3o)<\/em><br \/>\n<\/br><\/p>\n<p><em>(Fonte: G1 Tri\u00e2ngulo Mineiro\/Karla Pereira)<\/em><\/p>\n","protected":false},"excerpt":{"rendered":"<p>A Pol\u00edcia Civil em Patos de Minas apresentou durante coletiva na tarde desta sexta-feira (22\/7), um homem de 30 anos suspeito de cometer v\u00e1rios estupros nos \u00faltimos meses no munic\u00edpio. Segundo informa\u00e7\u00f5es do delegado Luiz Mauro Sampaio, o suspeito, que \u00e9 ex-presidi\u00e1rio e atualmente pastor, confessou cinco crimes e alegou que estava sob uma for\u00e7a [&hellip;]<\/p>\n","protected":false},"author":1,"featured_media":92746,"comment_status":"open","ping_status":"closed","sticky":false,"template":"","format":"standard","meta":{"amp_status":"","footnotes":""},"categories":[123],"tags":[106631,106635,106636,106637,103954,106633,106639,106638,106634,214,106630,106632],"class_list":["post-92745","post","type-post","status-publish","format-standard","has-post-thumbnail","hentry","category-gerais","tag-delegado-luiz-mauro-sampaio","tag-estuprador-patos-de-minas","tag-estupros-patos-de-minas","tag-fabio-martins-rocha","tag-luiz-mauro-sampaio","tag-pastor-estuprador-patos-de-minas","tag-pastor-mineiro-confessa-varios-estupros-e-alega-que-estava-sob-uma-forca-maligna","tag-pastor-preso-em-minas-gerais-confessa-varios-estupros-e-alega-que-estava-sob-uma-forca-maligna","tag-pastor-preso-por-estupro-em-patos-de-minas","tag-patos-de-minas","tag-policia-civil-em-patos-de-minas","tag-policia-civil-em-patos-de-minas-realizou-coletiva-para-divulgar-os-resultados-das-investigacoes-sobre-estupros-registrados-no-municipio"],"_links":{"self":[{"href":"https:\/\/aconteceunovale.com.br\/portal\/index.php?rest_route=\/wp\/v2\/posts\/92745","targetHints":{"allow":["GET"]}}],"collection":[{"href":"https:\/\/aconteceunovale.com.br\/portal\/index.php?rest_route=\/wp\/v2\/posts"}],"about":[{"href":"https:\/\/aconteceunovale.com.br\/portal\/index.php?rest_route=\/wp\/v2\/types\/post"}],"author":[{"embeddable":true,"href":"https:\/\/aconteceunovale.com.br\/portal\/index.php?rest_route=\/wp\/v2\/users\/1"}],"replies":[{"embeddable":true,"href":"https:\/\/aconteceunovale.com.br\/portal\/index.php?rest_route=%2Fwp%2Fv2%2Fcomments&post=92745"}],"version-history":[{"count":0,"href":"https:\/\/aconteceunovale.com.br\/portal\/index.php?rest_route=\/wp\/v2\/posts\/92745\/revisions"}],"wp:featuredmedia":[{"embeddable":true,"href":"https:\/\/aconteceunovale.com.br\/portal\/index.php?rest_route=\/wp\/v2\/media\/92746"}],"wp:attachment":[{"href":"https:\/\/aconteceunovale.com.br\/portal\/index.php?rest_route=%2Fwp%2Fv2%2Fmedia&parent=92745"}],"wp:term":[{"taxonomy":"category","embeddable":true,"href":"https:\/\/aconteceunovale.com.br\/portal\/index.php?rest_route=%2Fwp%2Fv2%2Fcategories&post=92745"},{"taxonomy":"post_tag","embeddable":true,"href":"https:\/\/aconteceunovale.com.br\/portal\/index.php?rest_route=%2Fwp%2Fv2%2Ftags&post=92745"}],"curies":[{"name":"wp","href":"https:\/\/api.w.org\/{rel}","templated":true}]}}