{"id":92740,"date":"2016-07-22T20:36:11","date_gmt":"2016-07-22T23:36:11","guid":{"rendered":"http:\/\/aconteceunovale.com.br\/portal\/?p=92740"},"modified":"2016-07-22T20:36:11","modified_gmt":"2016-07-22T23:36:11","slug":"suspeito-de-atirar-em-dois-homens-e-preso-com-4-armas-e-colete-a-prova-de-balas-em-montes-claros","status":"publish","type":"post","link":"https:\/\/aconteceunovale.com.br\/portal\/?p=92740","title":{"rendered":"Suspeito de atirar em dois homens \u00e9 preso com 4 armas e colete \u00e0 prova de balas em Montes Claros"},"content":{"rendered":"<p>Um rapaz de 25 anos foi detido suspeito de atirar em dois homens, de 23 e 39, no Bairro Eldorado, em Montes Claros, na regi\u00e3o Norte de Minas. O crime aconteceu nessa quinta-feira (21\/7) e a pris\u00e3o aconteceu horas depois, j\u00e1 na madrugada desta sexta-feira (22\/7). A Pol\u00edcia Militar (PM) apreendeu ainda quatro armas e uma r\u00e9plica, muni\u00e7\u00f5es, uma moto e um colete \u00e0 prova de balas.<\/p>\n<p>\u201cInicialmente fomos \u00e0 casa do suspeito, mas ele n\u00e3o estava. Durante os levantamentos, chegamos at\u00e9 o im\u00f3vel abandonado, onde ele foi encontrado sentado em uma cama, com um rev\u00f3lver e o colete ao lado dele\u201d, fala o sargento Wesley Ferreira.<\/p>\n<p>As v\u00edtimas contaram que estava na Rua Caravelas quando duas pessoas chegaram de moto, o passageiro sacou uma arma e atirou v\u00e1rias vezes. O homem de 39 anos foi ferido no bra\u00e7o, o outro saiu correndo, foi perseguido e baleado no antebra\u00e7o. O Samu esteve no local e levou os dois homens para um hospital.<\/p>\n<p>\u201cA motiva\u00e7\u00e3o do crime pode ter rela\u00e7\u00e3o com a disputa pelo tr\u00e1fico de drogas entre os Bairros Castelo Branco e Eldorado. Temos informa\u00e7\u00f5es de que o indiv\u00edduo exercia grande influ\u00eancia na venda de entorpecentes. Com a pris\u00e3o dele, estamos protegendo a juventude da regi\u00e3o, que agia sob o comando dele\u201d, esclarece o sargento. O jovem de 25 anos tem passagens por homic\u00eddio, tr\u00e1fico de drogas e porte ilegal de armas.<\/p>\n<p><img decoding=\"async\" src=\"http:\/\/aconteceunovale.com.br\/portal\/wp-content\/uploads\/2016\/07\/armas_moc.jpeg\" alt=\"\" \/><em>Armas apreendidas com o suspeito (Foto: Pol\u00edcia Militar\/Divulga\u00e7\u00e3o)<\/em><br \/>\n<\/br><\/p>\n<p><strong>Homem ferido mentiu o nome<\/strong><\/p>\n<p>A PM registrou ainda outra ocorr\u00eancia de tentativa de homic\u00eddio em Montes Claros. Um rapaz de 25 anos deu entrada em um hospital depois de levar um tiro nas costas. Ele tem v\u00e1rias passagens pela pol\u00edcia e mentiu o nome ao chegar na unidade de sa\u00fade.<\/p>\n<p>Ao ser questionado, o homem contou que estava na Rua Nenem Souto, no Alto S\u00e3o Jo\u00e3o, quando foi perseguido por uma pessoa que disparou uma vez contra ele. Os policiais foram at\u00e9 o local informado, mas n\u00e3o conseguiram nenhuma testemunha que pudesse comprovar a vers\u00e3o da v\u00edtima. A mulher que o levou at\u00e9 o hospital tamb\u00e9m n\u00e3o foi encontrada.<\/p>\n<p><strong>Fuga a cavalo<\/strong><\/p>\n<p>Al\u00e9m das duas ocorr\u00eancias, a PM tamb\u00e9m registrou uma tentativa de homic\u00eddio no Bairro Monte Si\u00e3o. Cinco criminosos atiraram v\u00e1rias vezes contra um homem no Bairro Monte Si\u00e3o. Ap\u00f3s o crime, eles fugiram em dire\u00e7\u00e3o a um matagal, dois estavam \u00e0 cavalo. Um suspeito foi detido dentro de uma universidade por funcion\u00e1rios da institui\u00e7\u00e3o.<\/p>\n<p><em>(Fonte: G1 Grande Minas\/Michelly Oda)<\/em><\/p>\n","protected":false},"excerpt":{"rendered":"<p>Um rapaz de 25 anos foi detido suspeito de atirar em dois homens, de 23 e 39, no Bairro Eldorado, em Montes Claros, na regi\u00e3o Norte de Minas. O crime aconteceu nessa quinta-feira (21\/7) e a pris\u00e3o aconteceu horas depois, j\u00e1 na madrugada desta sexta-feira (22\/7). A Pol\u00edcia Militar (PM) apreendeu ainda quatro armas e [&hellip;]<\/p>\n","protected":false},"author":1,"featured_media":92741,"comment_status":"open","ping_status":"closed","sticky":false,"template":"","format":"standard","meta":{"amp_status":"","footnotes":""},"categories":[1236],"tags":[106619,210,66614,106620,106618,2549],"class_list":["post-92740","post","type-post","status-publish","format-standard","has-post-thumbnail","hentry","category-norte_de_minas","tag-baleados-montes-claros","tag-montes-claros","tag-preso-em-montes-claros","tag-suspeito-de-atirar-em-dois-homens-e-preso-com-4-armas-e-colete-a-prova-de-balas-em-montes-claros","tag-tentativa-de-homicidio-montes-claros","tag-trafico-de-drogas-em-montes-claros"],"_links":{"self":[{"href":"https:\/\/aconteceunovale.com.br\/portal\/index.php?rest_route=\/wp\/v2\/posts\/92740","targetHints":{"allow":["GET"]}}],"collection":[{"href":"https:\/\/aconteceunovale.com.br\/portal\/index.php?rest_route=\/wp\/v2\/posts"}],"about":[{"href":"https:\/\/aconteceunovale.com.br\/portal\/index.php?rest_route=\/wp\/v2\/types\/post"}],"author":[{"embeddable":true,"href":"https:\/\/aconteceunovale.com.br\/portal\/index.php?rest_route=\/wp\/v2\/users\/1"}],"replies":[{"embeddable":true,"href":"https:\/\/aconteceunovale.com.br\/portal\/index.php?rest_route=%2Fwp%2Fv2%2Fcomments&post=92740"}],"version-history":[{"count":0,"href":"https:\/\/aconteceunovale.com.br\/portal\/index.php?rest_route=\/wp\/v2\/posts\/92740\/revisions"}],"wp:featuredmedia":[{"embeddable":true,"href":"https:\/\/aconteceunovale.com.br\/portal\/index.php?rest_route=\/wp\/v2\/media\/92741"}],"wp:attachment":[{"href":"https:\/\/aconteceunovale.com.br\/portal\/index.php?rest_route=%2Fwp%2Fv2%2Fmedia&parent=92740"}],"wp:term":[{"taxonomy":"category","embeddable":true,"href":"https:\/\/aconteceunovale.com.br\/portal\/index.php?rest_route=%2Fwp%2Fv2%2Fcategories&post=92740"},{"taxonomy":"post_tag","embeddable":true,"href":"https:\/\/aconteceunovale.com.br\/portal\/index.php?rest_route=%2Fwp%2Fv2%2Ftags&post=92740"}],"curies":[{"name":"wp","href":"https:\/\/api.w.org\/{rel}","templated":true}]}}