{"id":92695,"date":"2016-07-22T13:01:51","date_gmt":"2016-07-22T16:01:51","guid":{"rendered":"http:\/\/aconteceunovale.com.br\/portal\/?p=92695"},"modified":"2026-09-02T12:51:42","modified_gmt":"2026-09-02T15:51:42","slug":"familias-de-pacientes-da-santa-casa-de-diamantina-sao-alvos-de-estelionatarios","status":"publish","type":"post","link":"https:\/\/aconteceunovale.com.br\/portal\/?p=92695","title":{"rendered":"Fam\u00edlias de pacientes da Santa Casa de Diamantina s\u00e3o alvos de estelionat\u00e1rios"},"content":{"rendered":"<p>A Assessoria de Comunica\u00e7\u00e3o da Santa Casa de Caridade de Diamantina, no Vale do Jequitinhonha, emitiu nota de esclarecimento nesta quinta-feira (21\/7) sobre uma suposta quadrilha de estelionat\u00e1rios que estaria tentando aplicar golpes em familiares de pacientes internados na unidade de sa\u00fade. <\/p>\n<p>A a\u00e7\u00e3o criminosa consiste em ligar para as v\u00edtimas e cobrar pela presta\u00e7\u00e3o de servi\u00e7o hospitalar. Com intuito de prevenir a popula\u00e7\u00e3o, &#8220;a Santa Casa de Caridade de Diamantina vem esclarecer o fato divulgado relacionado sobre a cobran\u00e7a de honor\u00e1rios a pacientes internados no Centro de Terapia Intensiva (CTI) no dia 21\/7\/2016. Tal fato repercutiu em redes sociais como uma poss\u00edvel invas\u00e3o no banco de dados internos, o que \u00e9 uma informa\u00e7\u00e3o inver\u00eddica.&#8221;, diz a nota.<\/p>\n<p>Ainda segundo a Santa Casa, foram tomadas as medidas cab\u00edveis no \u00e2mbito administrativo. A entidade informa que, na mesma data, pacientes de outros hospitais de Minas Gerais tamb\u00e9m sofreram a mesma tentativa de golpe.<\/p>\n<p>A Santa Casa orienta que toda interna\u00e7\u00e3o realizada pelo Sistema \u00danico de Sa\u00fade (SUS) n\u00e3o possui nenhum tipo de cobran\u00e7a financeira aos pacientes e seus familiares. O telefone (38) 3532-1300 foi colocado \u00e0 disposi\u00e7\u00e3o para demais esclarecimentos.<\/p>\n","protected":false},"excerpt":{"rendered":"<p>A Assessoria de Comunica\u00e7\u00e3o da Santa Casa de Caridade de Diamantina, no Vale do Jequitinhonha, emitiu nota de esclarecimento nesta quinta-feira (21\/7) sobre uma suposta quadrilha de estelionat\u00e1rios que estaria tentando aplicar golpes em familiares de pacientes internados na unidade de sa\u00fade. A a\u00e7\u00e3o criminosa consiste em ligar para as v\u00edtimas e cobrar pela presta\u00e7\u00e3o [&hellip;]<\/p>\n","protected":false},"author":1,"featured_media":72743,"comment_status":"open","ping_status":"closed","sticky":false,"template":"","format":"standard","meta":{"amp_status":"","footnotes":""},"categories":[272543,40242,120],"tags":[106514,1018,198,106516,106511,106517,106510,106515,106512,55045,106513],"class_list":["post-92695","post","type-post","status-publish","format-standard","has-post-thumbnail","hentry","category-diamantina","category-saude-2","category-jequi","tag-cobranca-internacao-santa-casa-de-diamantina","tag-destaque","tag-diamantina","tag-estelionato-santa-casa-de-diamantina","tag-familias-de-pacientes-da-santa-casa-de-diamantina","tag-familias-de-pacientes-da-santa-casa-de-diamantina-sao-alvos-de-estelionatarios","tag-familias-de-pacientes-da-santa-casa-de-diamantina-sao-vitimas-de-estelionatarios","tag-golpe-santa-casa-de-diamantina","tag-golpes-contra-familias-de-pacientes-da-santa-casa-de-diamantina","tag-santa-casa-de-diamantina","tag-tentativa-de-golpe-contra-familias-de-pacientes-da-santa-casa-de-diamantina"],"yoast_head":"<!-- This site is optimized with the Yoast SEO plugin v28.3 - https:\/\/yoast.com\/product\/yoast-seo-wordpress\/ -->\n<title>Fam\u00edlias de pacientes da Santa Casa de Diamantina s\u00e3o alvos de estelionat\u00e1rios - Aconteceu no Vale<\/title>\n<meta name=\"robots\" content=\"index, follow, max-snippet:-1, max-image-preview:large, max-video-preview:-1\" \/>\n<link rel=\"canonical\" href=\"https:\/\/aconteceunovale.com.br\/portal\/?p=92695\" \/>\n<meta property=\"og:locale\" content=\"pt_BR\" \/>\n<meta property=\"og:type\" content=\"article\" \/>\n<meta property=\"og:title\" content=\"Fam\u00edlias de pacientes da Santa Casa de Diamantina s\u00e3o alvos de estelionat\u00e1rios - Aconteceu no Vale\" \/>\n<meta property=\"og:description\" content=\"A Assessoria de Comunica\u00e7\u00e3o da Santa Casa de Caridade de Diamantina, no Vale do Jequitinhonha, emitiu nota de esclarecimento nesta quinta-feira (21\/7) sobre uma suposta quadrilha de estelionat\u00e1rios que estaria tentando aplicar golpes em familiares de pacientes internados na unidade de sa\u00fade. A a\u00e7\u00e3o criminosa consiste em ligar para as v\u00edtimas e cobrar pela presta\u00e7\u00e3o [&hellip;]\" \/>\n<meta property=\"og:url\" content=\"https:\/\/aconteceunovale.com.br\/portal\/?p=92695\" \/>\n<meta property=\"og:site_name\" content=\"Aconteceu no Vale\" \/>\n<meta property=\"article:publisher\" content=\"https:\/\/www.facebook.com\/aconteceunovale\/\" \/>\n<meta property=\"article:published_time\" content=\"2016-07-22T16:01:51+00:00\" \/>\n<meta property=\"article:modified_time\" content=\"2026-09-02T15:51:42+00:00\" \/>\n<meta property=\"og:image\" content=\"https:\/\/aconteceunovale.com.br\/portal\/wp-content\/uploads\/2015\/11\/diamantina_mg.jpg\" \/>\n\t<meta property=\"og:image:width\" content=\"674\" \/>\n\t<meta property=\"og:image:height\" content=\"450\" \/>\n\t<meta property=\"og:image:type\" content=\"image\/jpeg\" \/>\n<meta name=\"author\" content=\"Aconteceu no Vale\" \/>\n<meta name=\"twitter:card\" content=\"summary_large_image\" \/>\n<meta name=\"twitter:creator\" content=\"@noticiadosvales\" \/>\n<meta name=\"twitter:site\" content=\"@noticiadosvales\" \/>\n<meta name=\"twitter:label1\" content=\"Escrito por\" \/>\n\t<meta name=\"twitter:data1\" content=\"Aconteceu no Vale\" \/>\n\t<meta name=\"twitter:label2\" content=\"Est. tempo de leitura\" \/>\n\t<meta name=\"twitter:data2\" content=\"1 minuto\" \/>\n<script type=\"application\/ld+json\" class=\"yoast-schema-graph\">{\"@context\":\"https:\\\/\\\/schema.org\",\"@graph\":[{\"@type\":\"Article\",\"@id\":\"https:\\\/\\\/aconteceunovale.com.br\\\/portal\\\/?p=92695#article\",\"isPartOf\":{\"@id\":\"https:\\\/\\\/aconteceunovale.com.br\\\/portal\\\/?p=92695\"},\"author\":{\"name\":\"Aconteceu no Vale\",\"@id\":\"https:\\\/\\\/aconteceunovale.com.br\\\/portal\\\/#\\\/schema\\\/person\\\/633529146f2c94272bef50ac2953d589\"},\"headline\":\"Fam\u00edlias de pacientes da Santa Casa de Diamantina s\u00e3o alvos de estelionat\u00e1rios\",\"datePublished\":\"2016-07-22T16:01:51+00:00\",\"dateModified\":\"2026-09-02T15:51:42+00:00\",\"mainEntityOfPage\":{\"@id\":\"https:\\\/\\\/aconteceunovale.com.br\\\/portal\\\/?p=92695\"},\"wordCount\":220,\"commentCount\":0,\"image\":{\"@id\":\"https:\\\/\\\/aconteceunovale.com.br\\\/portal\\\/?p=92695#primaryimage\"},\"thumbnailUrl\":\"https:\\\/\\\/aconteceunovale.com.br\\\/portal\\\/wp-content\\\/uploads\\\/2015\\\/11\\\/diamantina_mg.jpg\",\"keywords\":[\"cobran\u00e7a interna\u00e7\u00e3o Santa Casa de Diamantina\",\"destaque\",\"Diamantina\",\"estelionato Santa Casa de Diamantina\",\"Fam\u00edlias de pacientes da Santa Casa de Diamantina\",\"Fam\u00edlias de pacientes da Santa Casa de Diamantina s\u00e3o alvos de estelionat\u00e1rios\",\"Fam\u00edlias de pacientes da Santa Casa de Diamantina s\u00e3o v\u00edtimas de estelionat\u00e1rios\",\"golpe Santa Casa de Diamantina\",\"Golpes contra Fam\u00edlias de pacientes da Santa Casa de Diamantina\",\"Santa Casa de Diamantina\",\"tentativa de golpe contra Fam\u00edlias de pacientes da Santa Casa de Diamantina\"],\"articleSection\":[\"Diamantina\",\"Sa\u00fade\",\"Vale do Jequitinhonha\"],\"inLanguage\":\"pt-BR\",\"potentialAction\":[{\"@type\":\"CommentAction\",\"name\":\"Comment\",\"target\":[\"https:\\\/\\\/aconteceunovale.com.br\\\/portal\\\/?p=92695#respond\"]}]},{\"@type\":\"WebPage\",\"@id\":\"https:\\\/\\\/aconteceunovale.com.br\\\/portal\\\/?p=92695\",\"url\":\"https:\\\/\\\/aconteceunovale.com.br\\\/portal\\\/?p=92695\",\"name\":\"Fam\u00edlias de pacientes da Santa Casa de Diamantina s\u00e3o alvos de estelionat\u00e1rios - Aconteceu no Vale\",\"isPartOf\":{\"@id\":\"https:\\\/\\\/aconteceunovale.com.br\\\/portal\\\/#website\"},\"primaryImageOfPage\":{\"@id\":\"https:\\\/\\\/aconteceunovale.com.br\\\/portal\\\/?p=92695#primaryimage\"},\"image\":{\"@id\":\"https:\\\/\\\/aconteceunovale.com.br\\\/portal\\\/?p=92695#primaryimage\"},\"thumbnailUrl\":\"https:\\\/\\\/aconteceunovale.com.br\\\/portal\\\/wp-content\\\/uploads\\\/2015\\\/11\\\/diamantina_mg.jpg\",\"datePublished\":\"2016-07-22T16:01:51+00:00\",\"dateModified\":\"2026-09-02T15:51:42+00:00\",\"author\":{\"@id\":\"https:\\\/\\\/aconteceunovale.com.br\\\/portal\\\/#\\\/schema\\\/person\\\/633529146f2c94272bef50ac2953d589\"},\"breadcrumb\":{\"@id\":\"https:\\\/\\\/aconteceunovale.com.br\\\/portal\\\/?p=92695#breadcrumb\"},\"inLanguage\":\"pt-BR\",\"potentialAction\":[{\"@type\":\"ReadAction\",\"target\":[\"https:\\\/\\\/aconteceunovale.com.br\\\/portal\\\/?p=92695\"]}]},{\"@type\":\"ImageObject\",\"inLanguage\":\"pt-BR\",\"@id\":\"https:\\\/\\\/aconteceunovale.com.br\\\/portal\\\/?p=92695#primaryimage\",\"url\":\"https:\\\/\\\/aconteceunovale.com.br\\\/portal\\\/wp-content\\\/uploads\\\/2015\\\/11\\\/diamantina_mg.jpg\",\"contentUrl\":\"https:\\\/\\\/aconteceunovale.com.br\\\/portal\\\/wp-content\\\/uploads\\\/2015\\\/11\\\/diamantina_mg.jpg\",\"width\":674,\"height\":450},{\"@type\":\"BreadcrumbList\",\"@id\":\"https:\\\/\\\/aconteceunovale.com.br\\\/portal\\\/?p=92695#breadcrumb\",\"itemListElement\":[{\"@type\":\"ListItem\",\"position\":1,\"name\":\"In\u00edcio\",\"item\":\"https:\\\/\\\/aconteceunovale.com.br\\\/portal\\\/\"},{\"@type\":\"ListItem\",\"position\":2,\"name\":\"Fam\u00edlias de pacientes da Santa Casa de Diamantina s\u00e3o alvos de estelionat\u00e1rios\"}]},{\"@type\":\"WebSite\",\"@id\":\"https:\\\/\\\/aconteceunovale.com.br\\\/portal\\\/#website\",\"url\":\"https:\\\/\\\/aconteceunovale.com.br\\\/portal\\\/\",\"name\":\"Aconteceu no Vale\",\"description\":\"Portal de Not\u00edcias\",\"potentialAction\":[{\"@type\":\"SearchAction\",\"target\":{\"@type\":\"EntryPoint\",\"urlTemplate\":\"https:\\\/\\\/aconteceunovale.com.br\\\/portal\\\/?s={search_term_string}\"},\"query-input\":{\"@type\":\"PropertyValueSpecification\",\"valueRequired\":true,\"valueName\":\"search_term_string\"}}],\"inLanguage\":\"pt-BR\"},{\"@type\":\"Person\",\"@id\":\"https:\\\/\\\/aconteceunovale.com.br\\\/portal\\\/#\\\/schema\\\/person\\\/633529146f2c94272bef50ac2953d589\",\"name\":\"Aconteceu no Vale\",\"description\":\"Equipe de reportagem do Aconteceu no Vale, portal de not\u00edcias do Vale do Jequitinhonha, em Minas Gerais. Cobrimos as 51 cidades do Vale desde 2013. Sugest\u00f5es de pauta e pedidos de corre\u00e7\u00e3o: contato@aconteceunovale.com.br\",\"sameAs\":[\"http:\\\/\\\/www.aconteceunovale.com.br\"],\"url\":\"https:\\\/\\\/aconteceunovale.com.br\\\/portal\\\/?author=1\"}]}<\/script>\n<!-- \/ Yoast SEO plugin. -->","yoast_head_json":{"title":"Fam\u00edlias de pacientes da Santa Casa de Diamantina s\u00e3o alvos de estelionat\u00e1rios - Aconteceu no Vale","robots":{"index":"index","follow":"follow","max-snippet":"max-snippet:-1","max-image-preview":"max-image-preview:large","max-video-preview":"max-video-preview:-1"},"canonical":"https:\/\/aconteceunovale.com.br\/portal\/?p=92695","og_locale":"pt_BR","og_type":"article","og_title":"Fam\u00edlias de pacientes da Santa Casa de Diamantina s\u00e3o alvos de estelionat\u00e1rios - Aconteceu no Vale","og_description":"A Assessoria de Comunica\u00e7\u00e3o da Santa Casa de Caridade de Diamantina, no Vale do Jequitinhonha, emitiu nota de esclarecimento nesta quinta-feira (21\/7) sobre uma suposta quadrilha de estelionat\u00e1rios que estaria tentando aplicar golpes em familiares de pacientes internados na unidade de sa\u00fade. A a\u00e7\u00e3o criminosa consiste em ligar para as v\u00edtimas e cobrar pela presta\u00e7\u00e3o [&hellip;]","og_url":"https:\/\/aconteceunovale.com.br\/portal\/?p=92695","og_site_name":"Aconteceu no Vale","article_publisher":"https:\/\/www.facebook.com\/aconteceunovale\/","article_published_time":"2016-07-22T16:01:51+00:00","article_modified_time":"2026-09-02T15:51:42+00:00","og_image":[{"width":674,"height":450,"url":"https:\/\/aconteceunovale.com.br\/portal\/wp-content\/uploads\/2015\/11\/diamantina_mg.jpg","type":"image\/jpeg"}],"author":"Aconteceu no Vale","twitter_card":"summary_large_image","twitter_creator":"@noticiadosvales","twitter_site":"@noticiadosvales","twitter_misc":{"Escrito por":"Aconteceu no Vale","Est. tempo de leitura":"1 minuto"},"schema":{"@context":"https:\/\/schema.org","@graph":[{"@type":"Article","@id":"https:\/\/aconteceunovale.com.br\/portal\/?p=92695#article","isPartOf":{"@id":"https:\/\/aconteceunovale.com.br\/portal\/?p=92695"},"author":{"name":"Aconteceu no Vale","@id":"https:\/\/aconteceunovale.com.br\/portal\/#\/schema\/person\/633529146f2c94272bef50ac2953d589"},"headline":"Fam\u00edlias de pacientes da Santa Casa de Diamantina s\u00e3o alvos de estelionat\u00e1rios","datePublished":"2016-07-22T16:01:51+00:00","dateModified":"2026-09-02T15:51:42+00:00","mainEntityOfPage":{"@id":"https:\/\/aconteceunovale.com.br\/portal\/?p=92695"},"wordCount":220,"commentCount":0,"image":{"@id":"https:\/\/aconteceunovale.com.br\/portal\/?p=92695#primaryimage"},"thumbnailUrl":"https:\/\/aconteceunovale.com.br\/portal\/wp-content\/uploads\/2015\/11\/diamantina_mg.jpg","keywords":["cobran\u00e7a interna\u00e7\u00e3o Santa Casa de Diamantina","destaque","Diamantina","estelionato Santa Casa de Diamantina","Fam\u00edlias de pacientes da Santa Casa de Diamantina","Fam\u00edlias de pacientes da Santa Casa de Diamantina s\u00e3o alvos de estelionat\u00e1rios","Fam\u00edlias de pacientes da Santa Casa de Diamantina s\u00e3o v\u00edtimas de estelionat\u00e1rios","golpe Santa Casa de Diamantina","Golpes contra Fam\u00edlias de pacientes da Santa Casa de Diamantina","Santa Casa de Diamantina","tentativa de golpe contra Fam\u00edlias de pacientes da Santa Casa de Diamantina"],"articleSection":["Diamantina","Sa\u00fade","Vale do Jequitinhonha"],"inLanguage":"pt-BR","potentialAction":[{"@type":"CommentAction","name":"Comment","target":["https:\/\/aconteceunovale.com.br\/portal\/?p=92695#respond"]}]},{"@type":"WebPage","@id":"https:\/\/aconteceunovale.com.br\/portal\/?p=92695","url":"https:\/\/aconteceunovale.com.br\/portal\/?p=92695","name":"Fam\u00edlias de pacientes da Santa Casa de Diamantina s\u00e3o alvos de estelionat\u00e1rios - Aconteceu no Vale","isPartOf":{"@id":"https:\/\/aconteceunovale.com.br\/portal\/#website"},"primaryImageOfPage":{"@id":"https:\/\/aconteceunovale.com.br\/portal\/?p=92695#primaryimage"},"image":{"@id":"https:\/\/aconteceunovale.com.br\/portal\/?p=92695#primaryimage"},"thumbnailUrl":"https:\/\/aconteceunovale.com.br\/portal\/wp-content\/uploads\/2015\/11\/diamantina_mg.jpg","datePublished":"2016-07-22T16:01:51+00:00","dateModified":"2026-09-02T15:51:42+00:00","author":{"@id":"https:\/\/aconteceunovale.com.br\/portal\/#\/schema\/person\/633529146f2c94272bef50ac2953d589"},"breadcrumb":{"@id":"https:\/\/aconteceunovale.com.br\/portal\/?p=92695#breadcrumb"},"inLanguage":"pt-BR","potentialAction":[{"@type":"ReadAction","target":["https:\/\/aconteceunovale.com.br\/portal\/?p=92695"]}]},{"@type":"ImageObject","inLanguage":"pt-BR","@id":"https:\/\/aconteceunovale.com.br\/portal\/?p=92695#primaryimage","url":"https:\/\/aconteceunovale.com.br\/portal\/wp-content\/uploads\/2015\/11\/diamantina_mg.jpg","contentUrl":"https:\/\/aconteceunovale.com.br\/portal\/wp-content\/uploads\/2015\/11\/diamantina_mg.jpg","width":674,"height":450},{"@type":"BreadcrumbList","@id":"https:\/\/aconteceunovale.com.br\/portal\/?p=92695#breadcrumb","itemListElement":[{"@type":"ListItem","position":1,"name":"In\u00edcio","item":"https:\/\/aconteceunovale.com.br\/portal\/"},{"@type":"ListItem","position":2,"name":"Fam\u00edlias de pacientes da Santa Casa de Diamantina s\u00e3o alvos de estelionat\u00e1rios"}]},{"@type":"WebSite","@id":"https:\/\/aconteceunovale.com.br\/portal\/#website","url":"https:\/\/aconteceunovale.com.br\/portal\/","name":"Aconteceu no Vale","description":"Portal de Not\u00edcias","potentialAction":[{"@type":"SearchAction","target":{"@type":"EntryPoint","urlTemplate":"https:\/\/aconteceunovale.com.br\/portal\/?s={search_term_string}"},"query-input":{"@type":"PropertyValueSpecification","valueRequired":true,"valueName":"search_term_string"}}],"inLanguage":"pt-BR"},{"@type":"Person","@id":"https:\/\/aconteceunovale.com.br\/portal\/#\/schema\/person\/633529146f2c94272bef50ac2953d589","name":"Aconteceu no Vale","description":"Equipe de reportagem do Aconteceu no Vale, portal de not\u00edcias do Vale do Jequitinhonha, em Minas Gerais. Cobrimos as 51 cidades do Vale desde 2013. Sugest\u00f5es de pauta e pedidos de corre\u00e7\u00e3o: contato@aconteceunovale.com.br","sameAs":["http:\/\/www.aconteceunovale.com.br"],"url":"https:\/\/aconteceunovale.com.br\/portal\/?author=1"}]}},"_links":{"self":[{"href":"https:\/\/aconteceunovale.com.br\/portal\/index.php?rest_route=\/wp\/v2\/posts\/92695","targetHints":{"allow":["GET"]}}],"collection":[{"href":"https:\/\/aconteceunovale.com.br\/portal\/index.php?rest_route=\/wp\/v2\/posts"}],"about":[{"href":"https:\/\/aconteceunovale.com.br\/portal\/index.php?rest_route=\/wp\/v2\/types\/post"}],"author":[{"embeddable":true,"href":"https:\/\/aconteceunovale.com.br\/portal\/index.php?rest_route=\/wp\/v2\/users\/1"}],"replies":[{"embeddable":true,"href":"https:\/\/aconteceunovale.com.br\/portal\/index.php?rest_route=%2Fwp%2Fv2%2Fcomments&post=92695"}],"version-history":[{"count":1,"href":"https:\/\/aconteceunovale.com.br\/portal\/index.php?rest_route=\/wp\/v2\/posts\/92695\/revisions"}],"predecessor-version":[{"id":200402,"href":"https:\/\/aconteceunovale.com.br\/portal\/index.php?rest_route=\/wp\/v2\/posts\/92695\/revisions\/200402"}],"wp:featuredmedia":[{"embeddable":true,"href":"https:\/\/aconteceunovale.com.br\/portal\/index.php?rest_route=\/wp\/v2\/media\/72743"}],"wp:attachment":[{"href":"https:\/\/aconteceunovale.com.br\/portal\/index.php?rest_route=%2Fwp%2Fv2%2Fmedia&parent=92695"}],"wp:term":[{"taxonomy":"category","embeddable":true,"href":"https:\/\/aconteceunovale.com.br\/portal\/index.php?rest_route=%2Fwp%2Fv2%2Fcategories&post=92695"},{"taxonomy":"post_tag","embeddable":true,"href":"https:\/\/aconteceunovale.com.br\/portal\/index.php?rest_route=%2Fwp%2Fv2%2Ftags&post=92695"}],"curies":[{"name":"wp","href":"https:\/\/api.w.org\/{rel}","templated":true}]}}