{"id":92692,"date":"2016-07-22T12:31:56","date_gmt":"2016-07-22T15:31:56","guid":{"rendered":"http:\/\/aconteceunovale.com.br\/portal\/?p=92692"},"modified":"2016-07-22T12:31:56","modified_gmt":"2016-07-22T15:31:56","slug":"prefeito-de-teofilo-otoni-e-internado-apos-sofrer-avc","status":"publish","type":"post","link":"https:\/\/aconteceunovale.com.br\/portal\/?p=92692","title":{"rendered":"Prefeito de Te\u00f3filo Otoni \u00e9 internado ap\u00f3s sofrer AVC"},"content":{"rendered":"<p>O prefeito de Te\u00f3filo Otoni, Get\u00falio Afonso Porto Neiva, de 73 anos, foi internado na tarde desta quinta-feira (21\/7) ap\u00f3s sofrer um Acidente Vascular Cerebral Isqu\u00eamico (AVCI). Segundo informa\u00e7\u00f5es da assessoria de comunica\u00e7\u00e3o da prefeitura do munic\u00edpio, por volta das 15 horas, depois de sentir-se mal em sua resid\u00eancia, o chefe do executivo foi socorrido por uma equipe do Servi\u00e7o de Atendimento M\u00f3vel de Urg\u00eancia (SAMU) e encaminhado para o Hospital Santa Ros\u00e1lia.<\/p>\n<p>Get\u00falio Neiva foi atendido pelos m\u00e9dicos Vin\u00edcius Monteiro e Ricardo Luft, sendo encaminhado para a Unidade de Terapia Intensiva (UTI) para realiza\u00e7\u00e3o de exames cl\u00ednicos.<\/p>\n<p>De acordo com informa\u00e7\u00f5es do Corpo Cl\u00ednico do Hospital Santa Ros\u00e1lia, em entrevista coletiva na tarde de ontem, <em>\u201co paciente chegou consciente, est\u00e1vel, do ponto de vista hemodin\u00e2mico, l\u00facido e conversando\u201d<\/em>. <\/p>\n<p>O parecer do Coordenador da UTI do Hospital Santa Ros\u00e1lia, Dr. Felipe Ganen El Aowar, \u00e9 de que, no primeiro momento, e, de acordo com avalia\u00e7\u00e3o cl\u00ednica, a suspeita \u00e9 de um AVCI, que \u00e9 chamado comumente de \u201cderrame cerebral\u201d. Ainda de acordo com o m\u00e9dico, \u00e0s 17h30 de quinta-feira, o quadro de sa\u00fade de Get\u00falio Neiva era est\u00e1vel e ele ficaria em observa\u00e7\u00e3o. <\/p>\n<p><img decoding=\"async\" src=\"http:\/\/aconteceunovale.com.br\/portal\/wp-content\/uploads\/2016\/07\/getulio_neiva.jpg\" alt=\"\" \/><em>Get\u00falio Neiva foi internado na tarde de ontem (Foto: Divulga\u00e7\u00e3o)<\/em><\/p>\n","protected":false},"excerpt":{"rendered":"<p>O prefeito de Te\u00f3filo Otoni, Get\u00falio Afonso Porto Neiva, de 73 anos, foi internado na tarde desta quinta-feira (21\/7) ap\u00f3s sofrer um Acidente Vascular Cerebral Isqu\u00eamico (AVCI). Segundo informa\u00e7\u00f5es da assessoria de comunica\u00e7\u00e3o da prefeitura do munic\u00edpio, por volta das 15 horas, depois de sentir-se mal em sua resid\u00eancia, o chefe do executivo foi socorrido [&hellip;]<\/p>\n","protected":false},"author":1,"featured_media":92693,"comment_status":"open","ping_status":"closed","sticky":false,"template":"","format":"standard","meta":{"amp_status":"","footnotes":""},"categories":[122],"tags":[106507,106500,87745,106503,106504,343,106505,106506,106497,106502,15767,106508,106509,106498,106499,106501,164],"class_list":["post-92692","post","type-post","status-publish","format-standard","has-post-thumbnail","hentry","category-mucuri","tag-estado-de-saude-de-getulio-neiva","tag-estado-de-saude-do-prefeito-de-teofilo-otoni","tag-getulio-afonso-porto-neiva","tag-getulio-afonso-porto-neiva-avc","tag-getulio-afonso-porto-neiva-sofre-avc","tag-getulio-neiva","tag-getulio-neiva-sofre-avc","tag-internacao-getulio-neiva","tag-internacao-prefeito-de-teofilo-otoni","tag-o-que-aconteceu-com-o-prefeito-de-prefeito-de-teofilo-otoni","tag-prefeito-de-teofilo-otoni","tag-prefeito-de-teofilo-otoni-e-internado-apos-sofrer-avc","tag-prefeito-de-teofilo-otoni-e-internado-apos-sofrer-derrame-cerebral","tag-prefeito-de-teofilo-otoni-na-uti","tag-prefeito-de-teofilo-otoni-sofre-avc","tag-saude-do-prefeito-de-teofilo-otoni","tag-teofilo-otoni"],"_links":{"self":[{"href":"https:\/\/aconteceunovale.com.br\/portal\/index.php?rest_route=\/wp\/v2\/posts\/92692","targetHints":{"allow":["GET"]}}],"collection":[{"href":"https:\/\/aconteceunovale.com.br\/portal\/index.php?rest_route=\/wp\/v2\/posts"}],"about":[{"href":"https:\/\/aconteceunovale.com.br\/portal\/index.php?rest_route=\/wp\/v2\/types\/post"}],"author":[{"embeddable":true,"href":"https:\/\/aconteceunovale.com.br\/portal\/index.php?rest_route=\/wp\/v2\/users\/1"}],"replies":[{"embeddable":true,"href":"https:\/\/aconteceunovale.com.br\/portal\/index.php?rest_route=%2Fwp%2Fv2%2Fcomments&post=92692"}],"version-history":[{"count":0,"href":"https:\/\/aconteceunovale.com.br\/portal\/index.php?rest_route=\/wp\/v2\/posts\/92692\/revisions"}],"wp:featuredmedia":[{"embeddable":true,"href":"https:\/\/aconteceunovale.com.br\/portal\/index.php?rest_route=\/wp\/v2\/media\/92693"}],"wp:attachment":[{"href":"https:\/\/aconteceunovale.com.br\/portal\/index.php?rest_route=%2Fwp%2Fv2%2Fmedia&parent=92692"}],"wp:term":[{"taxonomy":"category","embeddable":true,"href":"https:\/\/aconteceunovale.com.br\/portal\/index.php?rest_route=%2Fwp%2Fv2%2Fcategories&post=92692"},{"taxonomy":"post_tag","embeddable":true,"href":"https:\/\/aconteceunovale.com.br\/portal\/index.php?rest_route=%2Fwp%2Fv2%2Ftags&post=92692"}],"curies":[{"name":"wp","href":"https:\/\/api.w.org\/{rel}","templated":true}]}}