{"id":92686,"date":"2016-07-22T10:49:42","date_gmt":"2016-07-22T13:49:42","guid":{"rendered":"http:\/\/aconteceunovale.com.br\/portal\/?p=92686"},"modified":"2016-07-22T10:49:42","modified_gmt":"2016-07-22T13:49:42","slug":"etnias-indigenas-de-minas-gerais-contarao-com-projeto-habitacional","status":"publish","type":"post","link":"https:\/\/aconteceunovale.com.br\/portal\/?p=92686","title":{"rendered":"Etnias ind\u00edgenas de Minas Gerais contar\u00e3o com projeto habitacional"},"content":{"rendered":"<p>A\u00a0Companhia de Habita\u00e7\u00e3o do Estado de Minas Gerais (Cohab Minas)\u00a0e a\u00a0Secretaria de Estado de Desenvolvimento Integrado do Norte e Nordeste de Minas Gerais (Sedinor)\u00a0firmaram nessa quinta-feira (21\/7) acordo de parceria para a realiza\u00e7\u00e3o do Projeto Morar na Minas Ind\u00edgena, que tem como objetivo proporcionar \u00e0s popula\u00e7\u00f5es ind\u00edgenas residentes em Minas Gerais moradias dignas que preservem suas identidades sociais e culturais.<\/p>\n<p>A reserva Xakriab\u00e1, que fica no munic\u00edpio S\u00e3o Jo\u00e3o das Miss\u00f5es no Territ\u00f3rio de Desenvolvimento Norte, foi a escolhida para o lan\u00e7amento do programa. Nesse momento, o\u00a0Governo de Minas Gerais\u00a0vai investir R$ 1,8 milh\u00e3o na constru\u00e7\u00e3o da aldeia piloto. Ser\u00e3o constru\u00eddas 50 unidade habitacionais com sustentabilidade social, econ\u00f4mica e ambiental. O recurso para esse empreendimento foi garantido no encontro entre Sedinor e Cohab.<\/p>\n<p>A partir de agora, o projeto passar\u00e1 a contar com aporte da secretaria em investimentos, apoio log\u00edstico e de t\u00e9cnicos. A parceria foi selada no encontro entre o presidente da Cohab, Alessandro Marques, e o secret\u00e1rio-adjunto da Sedinor, Gustavo Xavier Pereira. O pr\u00f3ximo est\u00e1gio do programa prev\u00ea uma interlocu\u00e7\u00e3o e troca de informa\u00e7\u00f5es entre as assessorias jur\u00eddicas da Cohab e da Sedinor para a prepara\u00e7\u00e3o do projeto.<\/p>\n<p>As comunidades ind\u00edgenas ter\u00e3o poder de decis\u00e3o em todas as etapas do projeto, sendo que as constru\u00e7\u00f5es respeitar\u00e3o seus h\u00e1bitos e costumes. Al\u00e9m disso, haver\u00e1 a capacita\u00e7\u00e3o dos nativos para a execu\u00e7\u00e3o das obras, transformando-os em multiplicadores para novas constru\u00e7\u00f5es.<\/p>\n<p>O protagonismo ind\u00edgena e a sustentabilidade foram fundamentais para a sele\u00e7\u00e3o do projeto em 2013 no edital de Subven\u00e7\u00e3o Econ\u00f4mica para Constru\u00e7\u00e3o Sustent\u00e1vel e Saneamento Ambiental da Financiadora de Estudos e Projetos \u2013 Finep, vinculada ao Minist\u00e9rio da Ci\u00eancia e Tecnologia. A sele\u00e7\u00e3o garantiu o investimento de R$ 778 mil pela Finep.<\/p>\n<p><img decoding=\"async\" src=\"http:\/\/aconteceunovale.com.br\/portal\/wp-content\/uploads\/2016\/07\/aldeias_reuniao.jpg\" alt=\"\" \/><em>Projeto Morar na Minas Ind\u00edgena vai proporcionar moradias dignas e que preservem as identidades sociais e culturais dos ind\u00edgenas (Foto: Divulga\u00e7\u00e3o \/ Cohab Minas)<\/em><br \/>\n<\/br><\/p>\n<p><strong>Sustentabilidade<\/strong><\/p>\n<p>As constru\u00e7\u00f5es obedecer\u00e3o princ\u00edpios da ecot\u00e9cnica, constru\u00e7\u00f5es ecologicamente corretas, tendo como meta a obten\u00e7\u00e3o dos maiores \u00edndices de sustentabilidade poss\u00edvel. Em cada reserva ser\u00e3o pesquisados os materiais construtivos nelas existentes, que j\u00e1 estejam inseridos na cultura construtiva de cada etnia, e que possam ser utilizados visando a auto sustentabilidade. Os esgotos secund\u00e1rios ser\u00e3o tratados e as \u00e1guas pluviais armazenadas para utiliza\u00e7\u00e3o. A energia el\u00e9trica que abastecer\u00e1 as 50 casas do projeto-piloto ter\u00e1 origem na energia solar.<\/p>\n<p>As casas ter\u00e3o aproximadamente 50m\u00b2, incluindo uma varanda na fachada principal, sala, tr\u00eas quartos e cozinha com fog\u00e3o a lenha. A cozinha, no centro da constru\u00e7\u00e3o, respeitar\u00e1 o costume de reuni\u00e3o familiar no centro da casa. O espa\u00e7o \u00e9 ventilado por aberturas ao fundo.\u00a0 A \u201c\u00e1rea molhada\u201d tamb\u00e9m est\u00e1 localizada no fundo da habita\u00e7\u00e3o, com o objetivo de proporcionar economia nos materiais hidr\u00e1ulicos e proximidade do fog\u00e3o a lenha que, via serpentina, abastecer\u00e1 o banho com \u00e1gua quente.<\/p>\n<p><strong>Execu\u00e7\u00e3o<\/strong><\/p>\n<p>Para a execu\u00e7\u00e3o dos projetos e das obras, a Cohab Minas e Sedinor contar\u00e3o com a participa\u00e7\u00e3o de pesquisadores e estudantes de gradua\u00e7\u00e3o da Universidade Federal de Minas Gerais (UFMG) de v\u00e1rias \u00e1reas do conhecimento, aproximando a administra\u00e7\u00e3o p\u00fablica da academia e possibilitando aos alunos o desenvolvimento de est\u00e1gios mais complexos &#8211; havendo, portanto, uma a\u00e7\u00e3o de m\u00e3o dupla: da universidade para a sociedade e da sociedade para a universidade.<\/p>\n<p>Tamb\u00e9m est\u00e3o previstas participa\u00e7\u00f5es de secretarias do Governo de Minas, Minist\u00e9rio das Cidades\/Caixa Econ\u00f4mica Federal, Minist\u00e9rio da Integra\u00e7\u00e3o Nacional\/Codevasf, Minist\u00e9rio da Ci\u00eancia e Tecnologia\/Finep, Minist\u00e9rio P\u00fablico Federal, Funai, Funasa, Ibama, IEF-MG, Cemig e Copasa. (Ag\u00eancia Minas)<\/p>\n","protected":false},"excerpt":{"rendered":"<p>A\u00a0Companhia de Habita\u00e7\u00e3o do Estado de Minas Gerais (Cohab Minas)\u00a0e a\u00a0Secretaria de Estado de Desenvolvimento Integrado do Norte e Nordeste de Minas Gerais (Sedinor)\u00a0firmaram nessa quinta-feira (21\/7) acordo de parceria para a realiza\u00e7\u00e3o do Projeto Morar na Minas Ind\u00edgena, que tem como objetivo proporcionar \u00e0s popula\u00e7\u00f5es ind\u00edgenas residentes em Minas Gerais moradias dignas que preservem [&hellip;]<\/p>\n","protected":false},"author":1,"featured_media":92687,"comment_status":"open","ping_status":"closed","sticky":false,"template":"","format":"standard","meta":{"amp_status":"","footnotes":""},"categories":[123,1236],"tags":[35496,44526,106493,106491,106492,106490,1810,3732],"class_list":["post-92686","post","type-post","status-publish","format-standard","has-post-thumbnail","hentry","category-gerais","category-norte_de_minas","tag-cohab-minas","tag-companhia-de-habitacao-do-estado-de-minas-gerais","tag-etnias-indigenas-de-minas-gerais-contarao-com-projeto-habitacional","tag-minas-indigena","tag-morar-na-minas-indigena","tag-projeto-morar-na-minas-indigena","tag-sao-joao-das-missoes","tag-xakriaba"],"_links":{"self":[{"href":"https:\/\/aconteceunovale.com.br\/portal\/index.php?rest_route=\/wp\/v2\/posts\/92686","targetHints":{"allow":["GET"]}}],"collection":[{"href":"https:\/\/aconteceunovale.com.br\/portal\/index.php?rest_route=\/wp\/v2\/posts"}],"about":[{"href":"https:\/\/aconteceunovale.com.br\/portal\/index.php?rest_route=\/wp\/v2\/types\/post"}],"author":[{"embeddable":true,"href":"https:\/\/aconteceunovale.com.br\/portal\/index.php?rest_route=\/wp\/v2\/users\/1"}],"replies":[{"embeddable":true,"href":"https:\/\/aconteceunovale.com.br\/portal\/index.php?rest_route=%2Fwp%2Fv2%2Fcomments&post=92686"}],"version-history":[{"count":0,"href":"https:\/\/aconteceunovale.com.br\/portal\/index.php?rest_route=\/wp\/v2\/posts\/92686\/revisions"}],"wp:featuredmedia":[{"embeddable":true,"href":"https:\/\/aconteceunovale.com.br\/portal\/index.php?rest_route=\/wp\/v2\/media\/92687"}],"wp:attachment":[{"href":"https:\/\/aconteceunovale.com.br\/portal\/index.php?rest_route=%2Fwp%2Fv2%2Fmedia&parent=92686"}],"wp:term":[{"taxonomy":"category","embeddable":true,"href":"https:\/\/aconteceunovale.com.br\/portal\/index.php?rest_route=%2Fwp%2Fv2%2Fcategories&post=92686"},{"taxonomy":"post_tag","embeddable":true,"href":"https:\/\/aconteceunovale.com.br\/portal\/index.php?rest_route=%2Fwp%2Fv2%2Ftags&post=92686"}],"curies":[{"name":"wp","href":"https:\/\/api.w.org\/{rel}","templated":true}]}}